{"id":19814,"date":"2023-02-07T11:37:16","date_gmt":"2023-02-07T11:37:16","guid":{"rendered":"https:\/\/www.salvatorianas.org.br\/blog\/?p=19814"},"modified":"2023-02-07T11:37:16","modified_gmt":"2023-02-07T11:37:16","slug":"5a-semana-do-tempo-comum-terca-feira","status":"publish","type":"post","link":"https:\/\/www.salvatorianas.org.br\/blog\/5a-semana-do-tempo-comum-terca-feira\/","title":{"rendered":"5\u00aa Semana do Tempo Comum | Ter\u00e7a-feira"},"content":{"rendered":"\n<h3 class=\"wp-block-heading\">Ora\u00e7\u00e3o do dia<\/h3>\n\n\n\n<p>Velai, \u00f3 Deus, sobre a vossa fam\u00edlia, com incans\u00e1vel amor; e, como s\u00f3 confiamos na vossa gra\u00e7a, guardai-nos sob a vossa prote\u00e7\u00e3o. Por Nosso Senhor Jesus Cristo, Vosso Filho, na unidade do Esp\u00edrito Santo.<\/p>\n\n\n\n<h3 class=\"wp-block-heading\">Leitura &#8211;&nbsp;G\u00eanesis 1,20-2,4<\/h3>\n\n\n\n<p>Leitura do livro do G\u00eanesis<\/p>\n\n\n\n<p>1 20 Deus disse: &#8220;Pululem as \u00e1guas de uma multid\u00e3o de seres vivos, e voem aves sobre a terra, debaixo do firmamento dos c\u00e9us.&#8221; 21 Deus criou os monstros marinhos e toda a multid\u00e3o de seres vivos que enchem as \u00e1guas, segundo a sua esp\u00e9cie, e todas as aves segundo a sua esp\u00e9cie. E Deus viu que isso era bom. 22 E Deus os aben\u00e7oou: &#8220;Frutificai, disse ele, e multiplicai-vos, e enchei as \u00e1guas do mar, e que as aves se multipliquem sobre a terra.&#8221; 23 Sobreveio a tarde e depois a manh\u00e3: foi o quinto dia.<\/p>\n\n\n\n<p>24 Deus disse: &#8220;Produza a terra seres vivos segundo a sua esp\u00e9cie: animais dom\u00e9sticos, r\u00e9pteis e animais selvagens, segundo a sua esp\u00e9cie.&#8221; E assim se fez. 25 Deus fez os animais selvagens segundo a sua esp\u00e9cie, os animais dom\u00e9sticos igualmente, e da mesma forma todos os animais, que se arrastam sobre a terra. E Deus viu que isso era bom.<\/p>\n\n\n\n<p>26 Ent\u00e3o Deus disse: &#8220;Fa\u00e7amos o homem \u00e0 nossa imagem e semelhan\u00e7a. Que ele reine sobre os peixes do mar, sobre as aves dos c\u00e9us, sobre os animais dom\u00e9sticos e sobre toda a terra, e sobre todos os r\u00e9pteis que se arrastem sobre a terra.&#8221;<\/p>\n\n\n\n<p>27 Deus criou o homem \u00e0 sua imagem; criou-o \u00e0 imagem de Deus, criou o homem e a mulher.<\/p>\n\n\n\n<p>28 Deus os aben\u00e7oou: &#8220;Frutificai, disse ele, e multiplicai-vos, enchei a terra e submetei-a. Dominai sobre os peixes do mar, sobre as aves dos c\u00e9us e sobre todos os animais que se arrastam sobre a terra.&#8221;<\/p>\n\n\n\n<p>29 Deus disse: &#8220;Eis que eu vos dou toda a erva que d\u00e1 semente sobre a terra, e todas as \u00e1rvores frut\u00edferas que cont\u00eam em si mesmas a sua semente, para que vos sirvam de alimento. 30 E a todos os animais da terra, a todas as aves dos c\u00e9us, a tudo o que se arrasta sobre a terra, e em que haja sopro de vida, eu dou toda erva verde por alimento.&#8221; E assim se fez. 31 Deus contemplou toda a sua obra, e viu que tudo era muito bom.<\/p>\n\n\n\n<p>Sobreveio a tarde e depois a manh\u00e3: foi o sexto dia.<\/p>\n\n\n\n<p>2 1 Assim foram acabados os c\u00e9us, a terra e todo seu ex\u00e9rcito. 2 Tendo Deus terminado no s\u00e9timo dia a obra que tinha feito, descansou do seu trabalho.<\/p>\n\n\n\n<p>3 Ele aben\u00e7oou o s\u00e9timo dia e o consagrou, porque nesse dia repousara de toda a obra da Cria\u00e7\u00e3o.<\/p>\n\n\n\n<p>4 Tal \u00e9 a hist\u00f3ria da cria\u00e7\u00e3o dos c\u00e9us e da terra.<\/p>\n\n\n\n<p>Palavra do Senhor.<\/p>\n\n\n\n<h3 class=\"wp-block-heading\">Salmo Responsorial &#8211;&nbsp;8<\/h3>\n\n\n\n<p><strong>\u00d3 Senhor nosso Deus, como \u00e9 grande<\/strong><\/p>\n\n\n\n<p><strong>vosso nome por todo o universo!<\/strong><\/p>\n\n\n\n<p>Contemplando estes c\u00e9us que plasmastes<\/p>\n\n\n\n<p>e formastes com dedos de artista;<\/p>\n\n\n\n<p>vendo a luz e estrelas brilhantes,<\/p>\n\n\n\n<p>perguntamos: \u201cSenhor, que \u00e9 o homem<\/p>\n\n\n\n<p>para dele assim vos lembrardes<\/p>\n\n\n\n<p>e o tratardes com tanto carinho?\u201d<\/p>\n\n\n\n<p>Pouco abaixo de Deus o fizestes,<\/p>\n\n\n\n<p>coroando-o de gl\u00f3ria e esplendor;<\/p>\n\n\n\n<p>v\u00f3s lhe destes poder sobre tudo,<\/p>\n\n\n\n<p>vossas obras aos p\u00e9s pusestes.<\/p>\n\n\n\n<p>As ovelhas, os bois, os rebanhos,<\/p>\n\n\n\n<p>todo o gado e as feras da mata;<\/p>\n\n\n\n<p>passarinhos e peixes dos mares,<\/p>\n\n\n\n<p>todo ser que se move nas \u00e1guas.<\/p>\n\n\n\n<h3 class=\"wp-block-heading\">Leitura &#8211;<\/h3>\n\n\n\n<h3 class=\"wp-block-heading\">Evangelho &#8211;&nbsp;Marcos 7,1-13<\/h3>\n\n\n\n<p>Aleluia, aleluia, aleluia.<\/p>\n\n\n\n<p>Inclinai meu cora\u00e7\u00e3o \u00e0s vossas advert\u00eancias e dai-me a vossa lei como um presente valioso! (Sl 118,36.29).<\/p>\n\n\n\n<p>Proclama\u00e7\u00e3o do Evangelho de Jesus Cristo segundo Marcos.<\/p>\n\n\n\n<p>7 1 Os fariseus e alguns dos escribas vindos de Jerusal\u00e9m tinham se reunido em torno dele.<\/p>\n\n\n\n<p>2 E perceberam que alguns dos seus disc\u00edpulos comiam o p\u00e3o com as m\u00e3os impuras, isto \u00e9, sem as lavar.<\/p>\n\n\n\n<p>3 (Com efeito, os fariseus e todos os judeus, apegando-se \u00e0 tradi\u00e7\u00e3o dos antigos, n\u00e3o comem sem lavar cuidadosamente as m\u00e3os;<\/p>\n\n\n\n<p>4 e, quando voltam do mercado, n\u00e3o comem sem ter feito ablu\u00e7\u00f5es. E h\u00e1 muitos outros costumes que observam por tradi\u00e7\u00e3o, como lavar os copos, os jarros e os pratos de metal.)<\/p>\n\n\n\n<p>5 Os fariseus e os escribas perguntaram-lhe: \u201cPor que n\u00e3o andam os teus disc\u00edpulos conforme a tradi\u00e7\u00e3o dos antigos, mas comem o p\u00e3o com as m\u00e3os impuras?\u201d<\/p>\n\n\n\n<p>6 Jesus disse-lhes: \u201cIsa\u00edas com muita raz\u00e3o profetizou de v\u00f3s, hip\u00f3critas, quando escreveu: \u2018Este povo honra-me com os l\u00e1bios, mas o seu cora\u00e7\u00e3o est\u00e1 longe de mim.<\/p>\n\n\n\n<p>7 Em v\u00e3o, pois, me cultuam, porque ensinam doutrinas e preceitos humanos\u2019.<\/p>\n\n\n\n<p>8 Deixando o mandamento de Deus, vos apegais \u00e0 tradi\u00e7\u00e3o dos homens\u201d.<\/p>\n\n\n\n<p>9 E Jesus acrescentou: \u201cNa realidade, invalidais o mandamento de Deus para estabelecer a vossa tradi\u00e7\u00e3o.<\/p>\n\n\n\n<p>10 Pois Mois\u00e9s disse: \u2018Honra teu pai e tua m\u00e3e\u2019; e: \u2018Todo aquele que amaldi\u00e7oar pai ou m\u00e3e seja morto\u2019.<\/p>\n\n\n\n<p>11 V\u00f3s, por\u00e9m, dizeis: \u2018Se algu\u00e9m disser ao pai ou \u00e0 m\u00e3e: Qualquer coisa que de minha parte te pudesse ser \u00fatil \u00e9 corban, isto \u00e9, oferta\u2019,<\/p>\n\n\n\n<p>12 e j\u00e1 n\u00e3o lhe deixais fazer coisa alguma a favor de seu pai ou de sua m\u00e3e,<\/p>\n\n\n\n<p>13 anulando a palavra de Deus por vossa tradi\u00e7\u00e3o que v\u00f3s vos transmitistes. E fazeis ainda muitas coisas semelhantes\u201d.<\/p>\n\n\n\n<p>Palavra da Salva\u00e7\u00e3o.<\/p>\n\n\n\n<h3 class=\"wp-block-heading\">Coment\u00e1rio ao Evangelho<\/h3>\n\n\n\n<p>O PERIGO DA EXTERIORIDADE<\/p>\n\n\n\n<p>Os escribas e fariseus criticavam o comportamento dos disc\u00edpulos de Jesus, interpretado como desrespeito \u00e0s tradi\u00e7\u00f5es religiosas do povo. Em \u00faltima an\u00e1lise, culpavam o mestre Jesus, que levava seus disc\u00edpulos a agirem de maneira leviana e irrespons\u00e1vel. A tradi\u00e7\u00e3o, no parecer deles, merecia mais respeito. E ficavam escandalizados.<\/p>\n\n\n\n<p>Jesus os desmascarou, pois, atr\u00e1s da venera\u00e7\u00e3o pela tradi\u00e7\u00e3o, escondia-se uma enorme hipocrisia. O respeito pela Lei era pura exterioridade, m\u00e1scara para a hipocrisia deles. Isso era pior do que a liberdade dos disc\u00edpulos de comerem sem lavar antes as m\u00e3os.<\/p>\n\n\n\n<p>A habilidade dos escribas e fariseus para encobrirem sua falta de considera\u00e7\u00e3o pela tradi\u00e7\u00e3o foi posta \u00e0s claras. Eles eram h\u00e1beis para se eximirem de seu cumprimento, quando isto lhes convinha. Sua submiss\u00e3o \u00e0 tradi\u00e7\u00e3o, portanto, carecia de radicalidade.<\/p>\n\n\n\n<p>Os disc\u00edpulos de Jesus eram formados de maneira diversa. Ao inv\u00e9s de se perderem em detalhes e se escravizarem a interpreta\u00e7\u00f5es meticulosas, eram exortados a se orientarem pelo esp\u00edrito da Lei. Isso n\u00e3o invalidava a letra da Lei, mas os obrigava a ir fundo na busca do seu sentido, aquele correspondente \u00e0 mente do Pai. O respeito pela tradi\u00e7\u00e3o, neste caso, n\u00e3o se resumia a a\u00e7\u00f5es previamente determinadas. Antes, abria um espa\u00e7o imenso para a criatividade. Era sempre poss\u00edvel encontrar formas novas de vivenciar a Lei.<\/p>\n","protected":false},"excerpt":{"rendered":"<p>Ora\u00e7\u00e3o do dia Velai, \u00f3 Deus, sobre a vossa fam\u00edlia, com incans\u00e1vel amor; e, como s\u00f3 confiamos na vossa gra\u00e7a, guardai-nos sob a vossa prote\u00e7\u00e3o. Por Nosso Senhor Jesus Cristo, Vosso Filho, na&#8230;<\/p>\n","protected":false},"author":2,"featured_media":19815,"comment_status":"open","ping_status":"open","sticky":false,"template":"","format":"standard","meta":[],"categories":[7],"tags":[],"_links":{"self":[{"href":"https:\/\/www.salvatorianas.org.br\/blog\/wp-json\/wp\/v2\/posts\/19814"}],"collection":[{"href":"https:\/\/www.salvatorianas.org.br\/blog\/wp-json\/wp\/v2\/posts"}],"about":[{"href":"https:\/\/www.salvatorianas.org.br\/blog\/wp-json\/wp\/v2\/types\/post"}],"author":[{"embeddable":true,"href":"https:\/\/www.salvatorianas.org.br\/blog\/wp-json\/wp\/v2\/users\/2"}],"replies":[{"embeddable":true,"href":"https:\/\/www.salvatorianas.org.br\/blog\/wp-json\/wp\/v2\/comments?post=19814"}],"version-history":[{"count":1,"href":"https:\/\/www.salvatorianas.org.br\/blog\/wp-json\/wp\/v2\/posts\/19814\/revisions"}],"predecessor-version":[{"id":19816,"href":"https:\/\/www.salvatorianas.org.br\/blog\/wp-json\/wp\/v2\/posts\/19814\/revisions\/19816"}],"wp:featuredmedia":[{"embeddable":true,"href":"https:\/\/www.salvatorianas.org.br\/blog\/wp-json\/wp\/v2\/media\/19815"}],"wp:attachment":[{"href":"https:\/\/www.salvatorianas.org.br\/blog\/wp-json\/wp\/v2\/media?parent=19814"}],"wp:term":[{"taxonomy":"category","embeddable":true,"href":"https:\/\/www.salvatorianas.org.br\/blog\/wp-json\/wp\/v2\/categories?post=19814"},{"taxonomy":"post_tag","embeddable":true,"href":"https:\/\/www.salvatorianas.org.br\/blog\/wp-json\/wp\/v2\/tags?post=19814"}],"curies":[{"name":"wp","href":"https:\/\/api.w.org\/{rel}","templated":true}]}}