{"id":19811,"date":"2023-02-06T10:18:44","date_gmt":"2023-02-06T10:18:44","guid":{"rendered":"https:\/\/www.salvatorianas.org.br\/blog\/?p=19811"},"modified":"2023-02-06T10:18:47","modified_gmt":"2023-02-06T10:18:47","slug":"sao-paulo-miki-e-companheiros-martires-memoria-segunda-feira","status":"publish","type":"post","link":"https:\/\/www.salvatorianas.org.br\/blog\/sao-paulo-miki-e-companheiros-martires-memoria-segunda-feira\/","title":{"rendered":"S\u00e3o Paulo Miki e companheiros m\u00e1rtires &#8211; Mem\u00f3ria | Segunda-feira"},"content":{"rendered":"\n<h3 class=\"wp-block-heading\">Ora\u00e7\u00e3o do dia<\/h3>\n\n\n\n<p>\u00d3 Deus, for\u00e7a dos santos, que em Nagasaki chamastes \u00e0 verdadeira vida s\u00e3o Paulo Miki e seus companheiros pelo mart\u00edrio da cruz, concedei-nos, por sua intercess\u00e3o, perseverar at\u00e9 a morte na f\u00e9 que professamos. Por Nosso Senhor Jesus Cristo, Vosso Filho, na unidade do Esp\u00edrito Santo.<\/p>\n\n\n\n<h3 class=\"wp-block-heading\">Leitura &#8211;&nbsp;G\u00eanesis 1,1-19<\/h3>\n\n\n\n<p>Leitura do livro do G\u00eanesis.<br>1 1 No princ\u00edpio, Deus criou os c\u00e9us e a terra.<br>2 A terra estava informe e vazia; as trevas cobriam o abismo e o Esp\u00edrito de Deus pairava sobre as \u00e1guas.<br>3 Deus disse: &#8220;Fa\u00e7a-se a luz!&#8221; E a luz foi feita. 4 Deus viu que a luz era boa, e separou a luz das trevas. 5 Deus chamou \u00e0 luz &#8220;dia&#8221;, e \u00e0s trevas &#8220;noite&#8221;. Sobreveio a tarde e depois a manh\u00e3: foi o primeiro dia.<br>6 Deus disse: &#8220;Fa\u00e7a-se um firmamento entre as \u00e1guas, e separe ele umas das outras&#8221;. 7 Deus fez o firmamento e separou as \u00e1guas que estavam debaixo do firmamento daquelas que estavam por cima. 8 E assim se fez. Deus chamou ao firmamento &#8220;c\u00e9us&#8221;. Sobreveio a tarde e depois a manh\u00e3: foi o segundo dia.<br>9 Deus disse: &#8220;Que as \u00e1guas que est\u00e3o debaixo dos c\u00e9us se ajuntem num mesmo lugar, e apare\u00e7a o elemento \u00e1rido.&#8221; E assim se fez.10 Deus chamou ao elemento \u00e1rido, &#8220;terra&#8221;, e ao ajuntamento das \u00e1guas, &#8220;mar&#8221;. E Deus viu que isso era bom.<br>11 Deus disse: &#8220;Produza a terra plantas, ervas que contenham semente e \u00e1rvores frut\u00edferas que deem fruto segundo a sua esp\u00e9cie e o fruto contenha a sua semente.&#8221; E assim foi feito.12 A terra produziu plantas, ervas que cont\u00eam semente segundo a sua esp\u00e9cie, e \u00e1rvores que produzem fruto segundo a sua esp\u00e9cie, contendo o fruto a sua semente. E Deus viu que isso era bom.<br>13 Sobreveio a tarde e depois a manh\u00e3: foi o terceiro dia.<br>14 Deus disse: &#8220;Fa\u00e7am-se luzeiros no firmamento dos c\u00e9us para separar o dia da noite; sirvam eles de sinais e marquem o tempo, os dias e os anos, 15 e resplande\u00e7am no firmamento dos c\u00e9us para iluminar a terra&#8221;. E assim se fez.16 Deus fez os dois grandes luzeiros: o maior para presidir ao dia, e o menor para presidir \u00e0 noite; e fez tamb\u00e9m as estrelas. 17 Deus colocou-os no firmamento dos c\u00e9us para que iluminassem a terra, 18 presidissem ao dia e \u00e0 noite, e separassem a luz das trevas. E Deus viu que isso era bom.<br>19 Sobreveio a tarde e depois a manh\u00e3: foi o quarto dia.<br>Palavra do Senhor.<\/p>\n\n\n\n<h3 class=\"wp-block-heading\">Salmo Responsorial &#8211;&nbsp;103\/104<\/h3>\n\n\n\n<p><strong>Alegre-se o Senhor em suas obras!<\/strong><\/p>\n\n\n\n<p>Bendize, \u00f3 minha alma, ao Senhor!<\/p>\n\n\n\n<p>\u00d3 meu Deus e meu Senhor, como sois grande!<\/p>\n\n\n\n<p>De majestade e esplendor vos revestir<\/p>\n\n\n\n<p>e de luz vos envolveis como um manto.<\/p>\n\n\n\n<p>A terra v\u00f3s firmastes em suas bases,<\/p>\n\n\n\n<p>ficar\u00e1 firme pelos s\u00e9culos sem fim;<\/p>\n\n\n\n<p>os mares a cobriam como um manto,<\/p>\n\n\n\n<p>e as \u00e1guas envolviam as montanhas.<\/p>\n\n\n\n<p>Fazeis brotar, em meio aos vales, as nascentes<\/p>\n\n\n\n<p>que passam serpeando entre as montanhas;<\/p>\n\n\n\n<p>\u00e0s suas margens v\u00eam morar os passarinhos,<\/p>\n\n\n\n<p>entre os ramos eles erguem o seu canto.<\/p>\n\n\n\n<p>Qu\u00e3o numerosas, \u00f3 Senhor, s\u00e3o vossas obras,<\/p>\n\n\n\n<p>e que sabedoria em todas elas!<\/p>\n\n\n\n<p>Encheu-se a terra com as vossas criaturas!<\/p>\n\n\n\n<p>Bendize, \u00f3 minha Alma, ao Senhor!<\/p>\n\n\n\n<h3 class=\"wp-block-heading\">Leitura &#8211;<\/h3>\n\n\n\n<h3 class=\"wp-block-heading\">Evangelho &#8211;&nbsp;Marcos 6,53-56<\/h3>\n\n\n\n<p>Aleluia, aleluia, aleluia.<\/p>\n\n\n\n<p>Jesus pregava a boa-nova, o reino anunciando, e curava toda esp\u00e9cie de doen\u00e7as entre o povo (Mt 4,23).<\/p>\n\n\n\n<p>Proclama\u00e7\u00e3o do Evangelho de Jesus Cristo segundo Marcos.<\/p>\n\n\n\n<p>6 53 Jesus e seus disc\u00edpulos navegaram para o outro lado e chegaram \u00e0 regi\u00e3o de Genesar\u00e9, onde aportaram.<\/p>\n\n\n\n<p>54 Assim que sa\u00edram da barca, o povo o reconheceu.<\/p>\n\n\n\n<p>55 Percorrendo toda aquela regi\u00e3o, come\u00e7aram a levar, em leitos, os que padeciam de algum mal, para o lugar onde ouviam dizer que ele se encontrava.<\/p>\n\n\n\n<p>56 Onde quer que ele entrasse, fosse nas aldeias ou nos povoados, ou nas cidades, punham os enfermos nas ruas e pediam-lhe que os deixassem tocar ao menos na orla de suas vestes. E todos os que tocavam em Jesus ficavam s\u00e3os.<\/p>\n\n\n\n<p>Palavra da Salva\u00e7\u00e3o.<\/p>\n\n\n\n<h3 class=\"wp-block-heading\">Coment\u00e1rio ao Evangelho<\/h3>\n\n\n\n<p>O CONTATO SALVADOR<\/p>\n\n\n\n<p>A presen\u00e7a de Jesus causava alvoro\u00e7o por onde ele passava. De toda parte, aparecia gente transportando doentes em macas, para deposit\u00e1-los nas pra\u00e7as p\u00fablicas, junto do Mestre, na esperan\u00e7a de poder faz\u00ea-los tocar no manto dele, a fim de serem curados.<\/p>\n\n\n\n<p>Este gesto de tocar estava carregado de simbolismo. O contato f\u00edsico estabelecia uma liga\u00e7\u00e3o direta com a fonte do poder curador, possibilitando ao doente recuperar a sa\u00fade. Simbolizava a comunh\u00e3o entre Jesus e aquele que desejava ser curado. Portanto, podia ser tomado como express\u00e3o da f\u00e9 e da confian\u00e7a no Mestre. Era uma forma de bater \u00e0s portas de um mundo misterioso onde a vida era restaurada. Era, tamb\u00e9m, uma maneira de o humano aproximar-se do sagrado e estabelecer com ele um relacionamento de intimidade.<\/p>\n\n\n\n<p>De sua parte, Jesus n\u00e3o proibia as pessoas de toc\u00e1-lo, nem se sentia incomodado com isto. Por qu\u00ea? Ele sabia que tinha sido enviado para os pobres, destinat\u00e1rios privilegiados de sua a\u00e7\u00e3o. Os que buscavam toc\u00e1-lo eram pobres. Da\u00ed n\u00e3o ter por que irritar-se com eles. Por outro lado, se estes, ao toc\u00e1-lo, ficavam curados, tanto melhor. Isto era um sinal claro da presen\u00e7a do Reino na hist\u00f3ria humana, restaurando a vida.<\/p>\n\n\n\n<p>Portanto, os doentes estavam no caminho certo, quando tentavam tocar em Jesus.<\/p>\n","protected":false},"excerpt":{"rendered":"<p>Ora\u00e7\u00e3o do dia \u00d3 Deus, for\u00e7a dos santos, que em Nagasaki chamastes \u00e0 verdadeira vida s\u00e3o Paulo Miki e seus companheiros pelo mart\u00edrio da cruz, concedei-nos, por sua intercess\u00e3o, perseverar at\u00e9 a morte&#8230;<\/p>\n","protected":false},"author":2,"featured_media":19812,"comment_status":"open","ping_status":"open","sticky":false,"template":"","format":"standard","meta":[],"categories":[7],"tags":[],"_links":{"self":[{"href":"https:\/\/www.salvatorianas.org.br\/blog\/wp-json\/wp\/v2\/posts\/19811"}],"collection":[{"href":"https:\/\/www.salvatorianas.org.br\/blog\/wp-json\/wp\/v2\/posts"}],"about":[{"href":"https:\/\/www.salvatorianas.org.br\/blog\/wp-json\/wp\/v2\/types\/post"}],"author":[{"embeddable":true,"href":"https:\/\/www.salvatorianas.org.br\/blog\/wp-json\/wp\/v2\/users\/2"}],"replies":[{"embeddable":true,"href":"https:\/\/www.salvatorianas.org.br\/blog\/wp-json\/wp\/v2\/comments?post=19811"}],"version-history":[{"count":1,"href":"https:\/\/www.salvatorianas.org.br\/blog\/wp-json\/wp\/v2\/posts\/19811\/revisions"}],"predecessor-version":[{"id":19813,"href":"https:\/\/www.salvatorianas.org.br\/blog\/wp-json\/wp\/v2\/posts\/19811\/revisions\/19813"}],"wp:featuredmedia":[{"embeddable":true,"href":"https:\/\/www.salvatorianas.org.br\/blog\/wp-json\/wp\/v2\/media\/19812"}],"wp:attachment":[{"href":"https:\/\/www.salvatorianas.org.br\/blog\/wp-json\/wp\/v2\/media?parent=19811"}],"wp:term":[{"taxonomy":"category","embeddable":true,"href":"https:\/\/www.salvatorianas.org.br\/blog\/wp-json\/wp\/v2\/categories?post=19811"},{"taxonomy":"post_tag","embeddable":true,"href":"https:\/\/www.salvatorianas.org.br\/blog\/wp-json\/wp\/v2\/tags?post=19811"}],"curies":[{"name":"wp","href":"https:\/\/api.w.org\/{rel}","templated":true}]}}