{"id":19803,"date":"2023-02-03T10:21:25","date_gmt":"2023-02-03T10:21:25","guid":{"rendered":"https:\/\/www.salvatorianas.org.br\/blog\/?p=19803"},"modified":"2023-02-03T10:21:26","modified_gmt":"2023-02-03T10:21:26","slug":"4a-semana-do-tempo-comum-sexta-feira","status":"publish","type":"post","link":"https:\/\/www.salvatorianas.org.br\/blog\/4a-semana-do-tempo-comum-sexta-feira\/","title":{"rendered":"4\u00aa Semana do Tempo Comum | Sexta-feira"},"content":{"rendered":"\n<h3 class=\"wp-block-heading\">Ora\u00e7\u00e3o do dia<\/h3>\n\n\n\n<p>Concedei-nos, Senhor nosso Deus, adorar-vos de todo o cora\u00e7\u00e3o e amar todas as pessoas com verdadeira caridade. Por Nosso Senhor Jesus Cristo, Vosso Filho, na unidade do Esp\u00edrito Santo.<\/p>\n\n\n\n<h3 class=\"wp-block-heading\">Leitura &#8211;&nbsp;Hebreus 13,1-8<\/h3>\n\n\n\n<p>Leitura da carta aos Hebreus.<\/p>\n\n\n\n<p>Irm\u00e3os, 13 1 conserve-se entre v\u00f3s a caridade fraterna. 2 N\u00e3o vos esque\u00e7ais da hospitalidade, pela qual alguns, sem o saberem, hospedaram anjos.<\/p>\n\n\n\n<p>3 Lembrai-vos dos encarcerados, como se v\u00f3s mesmos estiv\u00e9sseis presos com eles. E dos maltratados, como se habit\u00e1sseis no mesmo corpo com eles.<\/p>\n\n\n\n<p>4 V\u00f3s todos considerai o matrim\u00f4nio com respeito e conservai o leito conjugal imaculado, porque Deus julgar\u00e1 os impuros e os ad\u00falteros.<\/p>\n\n\n\n<p>5 Vivei sem avareza. Contentai-vos com o que tendes, pois Deus mesmo disse: &#8220;N\u00e3o te deixarei nem desampararei&#8221;. 6 Por isso \u00e9 que podemos dizer com confian\u00e7a: &#8220;O Senhor \u00e9 meu socorro, e nada tenho que temer. Que me poder\u00e1 fazer o homem?&#8221;<\/p>\n\n\n\n<p>7 Lembrai-vos de vossos guias que vos pregaram a palavra de Deus. Considerai como souberam encerrar a carreira. E imitai-lhes a f\u00e9.<\/p>\n\n\n\n<p>8 Jesus Cristo \u00e9 sempre o mesmo: ontem, hoje e por toda a eternidade.<\/p>\n\n\n\n<p>Palavra do Senhor.<\/p>\n\n\n\n<h3 class=\"wp-block-heading\">Salmo Responsorial &#8211;&nbsp;26\/27<\/h3>\n\n\n\n<p><strong>O Senhor \u00e9 minha luz e salva\u00e7\u00e3o!<\/strong><\/p>\n\n\n\n<p>O Senhor \u00e9 minha luz e salva\u00e7\u00e3o;<\/p>\n\n\n\n<p>de que eu terei medo?<\/p>\n\n\n\n<p>O Senhor \u00e9 a prote\u00e7\u00e3o da minha vida;<\/p>\n\n\n\n<p>perante quem eu tremerei?<\/p>\n\n\n\n<p>Se contra mim um ex\u00e9rcito se armar,<\/p>\n\n\n\n<p>n\u00e3o temer\u00e1 meu cora\u00e7\u00e3o;<\/p>\n\n\n\n<p>se contra mim uma batalha estourar,<\/p>\n\n\n\n<p>mesmo assim confiarei.<\/p>\n\n\n\n<p>Pois um abrigo me dar\u00e1 sob o seu teto<\/p>\n\n\n\n<p>nos dias da desgra\u00e7a;<\/p>\n\n\n\n<p>no interior de sua tenda h\u00e1 de esconder-me<\/p>\n\n\n\n<p>e proteger-me sobre a rocha.<\/p>\n\n\n\n<p>Senhor, \u00e9 vossa face que eu procuro;<\/p>\n\n\n\n<p>n\u00e3o me escondais a vossa face!<\/p>\n\n\n\n<p>N\u00e3o agasteis em vossa ira o vosso servo,<\/p>\n\n\n\n<p>sois v\u00f3s o meu aux\u00edlio!<\/p>\n\n\n\n<p>N\u00e3o me esque\u00e7ais nem me deixeis abandonado.<\/p>\n\n\n\n<h3 class=\"wp-block-heading\">Leitura &#8211;<\/h3>\n\n\n\n<h3 class=\"wp-block-heading\">Evangelho &#8211;&nbsp;Marcos 6,14-29<\/h3>\n\n\n\n<p>Aleluia, aleluia, aleluia.<\/p>\n\n\n\n<p>Felizes os que observam a palavra do Senhor de reto cora\u00e7\u00e3o e que produzem muitos frutos, at\u00e9 o fim perseverantes! (Lc 8,15).<\/p>\n\n\n\n<p>Proclama\u00e7\u00e3o do Evangelho de Jesus Cristo segundo Marcos.<\/p>\n\n\n\n<p>Naquele tempo, 6 14 o rei Herodes ouviu falar de Jesus, cujo nome se tornara c\u00e9lebre. Dizia-se: &#8220;Jo\u00e3o Batista ressurgiu dos mortos e por isso o poder de fazer milagres opera nele&#8221;.<\/p>\n\n\n\n<p>15 Uns afirmavam: &#8220;\u00c9 Elias!&#8221; Diziam outros: &#8220;\u00c9 um profeta como qualquer outro&#8221;.<\/p>\n\n\n\n<p>16 Ouvindo isto, Herodes repetia: &#8220;\u00c9 Jo\u00e3o, a quem mandei decapitar. Ele ressuscitou!&#8221;<\/p>\n\n\n\n<p>17 Pois o pr\u00f3prio Herodes mandara prender Jo\u00e3o e acorrent\u00e1-lo no c\u00e1rcere, por causa de Herod\u00edades, mulher de seu irm\u00e3o Filipe, com a qual ele se tinha casado.<\/p>\n\n\n\n<p>18 Jo\u00e3o tinha dito a Herodes: &#8220;N\u00e3o te \u00e9 permitido ter a mulher de teu irm\u00e3o&#8221;.<\/p>\n\n\n\n<p>19 Por isso Herod\u00edades o odiava e queria mat\u00e1-lo, n\u00e3o o conseguindo, por\u00e9m.<\/p>\n\n\n\n<p>20 Pois Herodes respeitava Jo\u00e3o, sabendo que era um homem justo e santo; protegia-o e, quando o ouvia, sentia-se embara\u00e7ado. Mas, mesmo assim, de boa mente o ouvia.<\/p>\n\n\n\n<p>21 Chegou, por\u00e9m, um dia favor\u00e1vel em que Herodes, por ocasi\u00e3o do seu natal\u00edcio, deu um banquete aos grandes de sua corte, aos seus oficiais e aos principais da Galileia.<\/p>\n\n\n\n<p>22 A filha de Herod\u00edades apresentou-se e p\u00f4s-se a dan\u00e7ar, com grande satisfa\u00e7\u00e3o de Herodes e dos seus convivas. Disse o rei \u00e0 mo\u00e7a: &#8220;Pede-me o que quiseres, e eu to darei&#8221;. 23 E jurou-lhe: &#8220;Tudo o que me pedires te darei, ainda que seja a metade do meu reino&#8221;.<\/p>\n\n\n\n<p>24 Ela saiu e perguntou \u00e0 sua m\u00e3e: &#8220;Que hei de pedir?&#8221; E a m\u00e3e respondeu: &#8220;A cabe\u00e7a de Jo\u00e3o Batista&#8221;.<\/p>\n\n\n\n<p>25 Tornando logo a entrar apressadamente \u00e0 presen\u00e7a do rei, exprimiu-lhe seu desejo: &#8220;Quero que sem demora me d\u00eas a cabe\u00e7a de Jo\u00e3o Batista&#8221;.<\/p>\n\n\n\n<p>26 O rei entristeceu-se; todavia, por causa da sua promessa e dos convivas, n\u00e3o quis recusar.<\/p>\n\n\n\n<p>27 Sem tardar, enviou um carrasco com a ordem de trazer a cabe\u00e7a de Jo\u00e3o. Ele foi, decapitou Jo\u00e3o no c\u00e1rcere,<\/p>\n\n\n\n<p>28 trouxe a sua cabe\u00e7a num prato e a deu \u00e0 mo\u00e7a, e esta a entregou \u00e0 sua m\u00e3e.<\/p>\n\n\n\n<p>29 Ouvindo isto, os seus disc\u00edpulos foram tomar o seu corpo e o depositaram num sepulcro.<\/p>\n\n\n\n<p>Palavra da Salva\u00e7\u00e3o.<\/p>\n\n\n\n<h3 class=\"wp-block-heading\">Coment\u00e1rio ao Evangelho<\/h3>\n\n\n\n<p>UM M\u00c1RTIR DA VERDADE<\/p>\n\n\n\n<p>A liberdade com a qual Jesus pregava levou-o a ser confundido com Jo\u00e3o Batista. A corte do rei Herodes, por exemplo, quando ouviu falar a respeito de Jesus, pensou tratar-se de Jo\u00e3o Batista ressuscitado, operando maravilhas.<\/p>\n\n\n\n<p>Jo\u00e3o Batista se tornara conhecido pela sua defesa intransigente da verdade. Nem o rei escapou de ser denunciado, quando, de maneira arbitr\u00e1ria, tomou para si a mulher de seu irm\u00e3o. O profeta Jo\u00e3o n\u00e3o hesitou de lan\u00e7ar-lhe em face n\u00e3o ser permitido conservar para si aquela que n\u00e3o lhe pertencia.<\/p>\n\n\n\n<p>Sua figura fr\u00e1gil n\u00e3o se intimidou diante da f\u00faria de rei e de sua concubina. Ele n\u00e3o podia pactuar com o pecado de quem quer que fosse. E n\u00e3o temia pagar o pre\u00e7o de sua liberdade. Ele devia fidelidade somente a Deus.<\/p>\n\n\n\n<p>O destino de Jo\u00e3o chamava a aten\u00e7\u00e3o para o destino de Jesus e de seus disc\u00edpulos. Eles deveriam contar com a rejei\u00e7\u00e3o e a morte, especialmente, quando o servi\u00e7o do Reino os confrontasse com a prepot\u00eancia dos poderosos. A atitude firme e corajosa do Batista serviria de modelo inspirador. Assim como ele n\u00e3o se curvou diante da iniquidade do rei, Jesus tamb\u00e9m n\u00e3o se curvaria. Os disc\u00edpulos deveriam tomar esta atitude como modelo. O servi\u00e7o do Reino comporta o testemunho da verdade, mesmo com o risco de perder a vida.<\/p>\n","protected":false},"excerpt":{"rendered":"<p>Ora\u00e7\u00e3o do dia Concedei-nos, Senhor nosso Deus, adorar-vos de todo o cora\u00e7\u00e3o e amar todas as pessoas com verdadeira caridade. Por Nosso Senhor Jesus Cristo, Vosso Filho, na unidade do Esp\u00edrito Santo. Leitura&#8230;<\/p>\n","protected":false},"author":2,"featured_media":19804,"comment_status":"open","ping_status":"open","sticky":false,"template":"","format":"standard","meta":[],"categories":[7],"tags":[],"_links":{"self":[{"href":"https:\/\/www.salvatorianas.org.br\/blog\/wp-json\/wp\/v2\/posts\/19803"}],"collection":[{"href":"https:\/\/www.salvatorianas.org.br\/blog\/wp-json\/wp\/v2\/posts"}],"about":[{"href":"https:\/\/www.salvatorianas.org.br\/blog\/wp-json\/wp\/v2\/types\/post"}],"author":[{"embeddable":true,"href":"https:\/\/www.salvatorianas.org.br\/blog\/wp-json\/wp\/v2\/users\/2"}],"replies":[{"embeddable":true,"href":"https:\/\/www.salvatorianas.org.br\/blog\/wp-json\/wp\/v2\/comments?post=19803"}],"version-history":[{"count":1,"href":"https:\/\/www.salvatorianas.org.br\/blog\/wp-json\/wp\/v2\/posts\/19803\/revisions"}],"predecessor-version":[{"id":19805,"href":"https:\/\/www.salvatorianas.org.br\/blog\/wp-json\/wp\/v2\/posts\/19803\/revisions\/19805"}],"wp:featuredmedia":[{"embeddable":true,"href":"https:\/\/www.salvatorianas.org.br\/blog\/wp-json\/wp\/v2\/media\/19804"}],"wp:attachment":[{"href":"https:\/\/www.salvatorianas.org.br\/blog\/wp-json\/wp\/v2\/media?parent=19803"}],"wp:term":[{"taxonomy":"category","embeddable":true,"href":"https:\/\/www.salvatorianas.org.br\/blog\/wp-json\/wp\/v2\/categories?post=19803"},{"taxonomy":"post_tag","embeddable":true,"href":"https:\/\/www.salvatorianas.org.br\/blog\/wp-json\/wp\/v2\/tags?post=19803"}],"curies":[{"name":"wp","href":"https:\/\/api.w.org\/{rel}","templated":true}]}}