{"id":19800,"date":"2023-02-02T18:56:30","date_gmt":"2023-02-02T18:56:30","guid":{"rendered":"https:\/\/www.salvatorianas.org.br\/blog\/?p=19800"},"modified":"2023-02-02T18:56:31","modified_gmt":"2023-02-02T18:56:31","slug":"falecimento-setimo-dia","status":"publish","type":"post","link":"https:\/\/www.salvatorianas.org.br\/blog\/falecimento-setimo-dia\/","title":{"rendered":"Falecimento &#8211; s\u00e9timo dia"},"content":{"rendered":"\n<p><strong>BIOGRAFIA DA IR. TEREZINHA DAGNESE<\/strong> <strong><\/strong><\/p>\n\n\n\n<p><strong>\u00c1 sombra da cruz florescem as grandes\u00a0obras. (Pe.\u00a0 Jordan)<\/strong><\/p>\n\n\n\n<p>Ir. Terezinha Dagnese nasceu no dia 30 de novembro de 1938 em Parai &#8211; Nova Prata\/RS. \u00c9 a quinta dos doze filhos de Pedro Dagnese e Rosina Turcatto Dagnese. Tinha&nbsp;8 irm\u00e3os homens&nbsp;e&nbsp;3 mulheres.<\/p>\n\n\n\n<p>Recebeu o Sacramento do Batismo no dia 13 de dezembro de 1938 e a Crisma no 08 de maio de 1940 em Parai &#8211; Nova Prata\/RS. Fez sua Primeira Eucaristia em 03 de dezembro de 1945 tamb\u00e9m em Para\u00ed Nova Prata\/RS.<\/p>\n\n\n\n<p>A semente da voca\u00e7\u00e3o \u00e0 Vida Religiosa Consagrada foi cultivada em seu cora\u00e7\u00e3o onde a fam\u00edlia se reunia diariamente para rezar o ter\u00e7o com devo\u00e7\u00e3o. Os pais sempre mostraram o caminho para Deus incentivando os filhos para a participa\u00e7\u00e3o na comunidade atrav\u00e9s da catequese, no grupo de jovens e no grupo das Filhas de Maria. Sua voca\u00e7\u00e3o foi despertada na catequese pelo testemunho das irm\u00e3s e assim passou aos poucos cuidar deste chamado e com coragem buscou concretizar este sonho.<\/p>\n\n\n\n<p>Ingressou na Congrega\u00e7\u00e3o no dia 25 de janeiro de 1961 em Videira\/SC, onde ap\u00f3s a forma\u00e7\u00e3o \u00e0 Vida Consagrada Salvatoriana professou os primeiros votos no dia 02 de fevereiro de 1966 e os votos perp\u00e9tuos no dia 02 de fevereiro de 1972.<\/p>\n\n\n\n<p>&nbsp;Nas suas atividades apost\u00f3licas atuou nas comunidades Semin\u00e1rio S\u00e3o Jos\u00e9, na comunidade S\u00e3o Jos\u00e9 em David Canabarro\/RS, comunidade Divina Provid\u00eancia em Caibi\/SC, Comunidade Salvatoriana &#8211; Campo Alegre\/SC, Comunidade de Estudantes em Curitiba\/PR, Hospital S\u00e3o Luiz em Campo Alegre\/SC, Hospital Nossa Senhora de F\u00e1tima em Coronel Freitas\/SC, Comunidade Salvatoriana de Lebon R\u00e9gis-SC, Hospital Santa Terezinha de Cir\u00edaco\/RS, Hospital da Funda\u00e7\u00e3o M\u00e9dica Assistencial ao Trabalhador Rural em S\u00e3o Louren\u00e7o do Oeste\/SC, comunidade M\u00e3e do Salvador de Campo Alegre\/SC, comunidade Renascer em Lages-SC e ultimamente na comunidade Rainha Da Paz em Florian\u00f3polis\/SC.&nbsp;&nbsp;&nbsp;&nbsp;<\/p>\n\n\n\n<p>Realizou s mais diversos servi\u00e7os de atendimento a enfermagem, atendimento a meninas \u00f3rf\u00e3os, cuidados da casa, horta e jardim nas comunidades assumiu diversa vezes os servi\u00e7os de coordena\u00e7\u00e3o, tesouraria e secretaria da comunidade. na comunidade eclesial assumiu por muitos anos como ministra da eucaristia, onde se sentia muito feliz em levar a comunh\u00e3o as pessoas que mais necessitavam.<\/p>\n\n\n\n<p><em>Devota ao Esp\u00edrito Santo recebeu muitas gra\u00e7as e alimentava a confian\u00e7a na Sant\u00edssima Trindade. Em Jesus Salvador se sentia chamada. Buscava vencer a dificuldades com a entreajuda das coirm\u00e3s e a ben\u00e7\u00e3o dos fundadores. Sua experi\u00eancia mais forte na ora\u00e7\u00e3o \u00e9 que rezava para que cada uma fosse fiel a voca\u00e7\u00e3o que recebeu de Deus de gra\u00e7a, esse chamado maravilhoso que revela a ternura do Salvador.&nbsp; <\/em><em><\/em><\/p>\n\n\n\n<p><em>A frase b\u00edblica que lhe era for\u00e7a motivadora e consoladora<\/em><em>: <\/em><strong>&#8220;O Senhor \u00e9 minha luz e salva\u00e7\u00e3o, a quem temerei? O Senhor \u00e9 o protetor de minha vida, de quem terei medo?&#8221; (Sl 27,1) <\/strong>S\u00f3 quem confia no Deus Salvador experi\u00eancia a alegria, a bondade e a miseric\u00f3rdia e n\u00e3o tem medo, porque Ele \u00e9 luz e salva\u00e7\u00e3o.<\/p>\n\n\n\n<p>Ir. Terezinha Dagnese, aos 85 anos de vida e 57 anos de Vida Consagrada Salvatoriana, recebe o \u00faltimo chamado de Deus para o encontro definitivo com Ele no dia 27 de janeiro de 2023 por consequ\u00eancia de complica\u00e7\u00f5es de c\u00e2ncer e foi sepultada no cemit\u00e9rio Parque da Saudade em Lages\/SC em Jazigo das Irm\u00e3s Salvatorianas, ap\u00f3s celebra\u00e7\u00e3o de corpo presente. Pela vida que viveu, ela nos deixa um testemunho de vida eterna, a exemplo de Pe. Jordan e da Bem-aventurada Maria dos Ap\u00f3stolos.<\/p>\n\n\n\n<p>N\u00f3s, suas irm\u00e3s salvatorianas, somos gratas pelo testemunho de f\u00e9, dedica\u00e7\u00e3o, amor e fidelidade a Jesus Cristo. Desfrute agora alegremente, face a face as maravilhas de Deus Salvador. Interceda pela miss\u00e3o salvatoriana e pelas voca\u00e7\u00f5es. Vai em paz!<\/p>\n","protected":false},"excerpt":{"rendered":"<p>BIOGRAFIA DA IR. TEREZINHA DAGNESE \u00c1 sombra da cruz florescem as grandes\u00a0obras. (Pe.\u00a0 Jordan) Ir. Terezinha Dagnese nasceu no dia 30 de novembro de 1938 em Parai &#8211; Nova Prata\/RS. \u00c9 a quinta&#8230;<\/p>\n","protected":false},"author":2,"featured_media":19801,"comment_status":"open","ping_status":"open","sticky":false,"template":"","format":"standard","meta":[],"categories":[1],"tags":[],"_links":{"self":[{"href":"https:\/\/www.salvatorianas.org.br\/blog\/wp-json\/wp\/v2\/posts\/19800"}],"collection":[{"href":"https:\/\/www.salvatorianas.org.br\/blog\/wp-json\/wp\/v2\/posts"}],"about":[{"href":"https:\/\/www.salvatorianas.org.br\/blog\/wp-json\/wp\/v2\/types\/post"}],"author":[{"embeddable":true,"href":"https:\/\/www.salvatorianas.org.br\/blog\/wp-json\/wp\/v2\/users\/2"}],"replies":[{"embeddable":true,"href":"https:\/\/www.salvatorianas.org.br\/blog\/wp-json\/wp\/v2\/comments?post=19800"}],"version-history":[{"count":1,"href":"https:\/\/www.salvatorianas.org.br\/blog\/wp-json\/wp\/v2\/posts\/19800\/revisions"}],"predecessor-version":[{"id":19802,"href":"https:\/\/www.salvatorianas.org.br\/blog\/wp-json\/wp\/v2\/posts\/19800\/revisions\/19802"}],"wp:featuredmedia":[{"embeddable":true,"href":"https:\/\/www.salvatorianas.org.br\/blog\/wp-json\/wp\/v2\/media\/19801"}],"wp:attachment":[{"href":"https:\/\/www.salvatorianas.org.br\/blog\/wp-json\/wp\/v2\/media?parent=19800"}],"wp:term":[{"taxonomy":"category","embeddable":true,"href":"https:\/\/www.salvatorianas.org.br\/blog\/wp-json\/wp\/v2\/categories?post=19800"},{"taxonomy":"post_tag","embeddable":true,"href":"https:\/\/www.salvatorianas.org.br\/blog\/wp-json\/wp\/v2\/tags?post=19800"}],"curies":[{"name":"wp","href":"https:\/\/api.w.org\/{rel}","templated":true}]}}