{"id":19797,"date":"2023-02-02T14:03:14","date_gmt":"2023-02-02T14:03:14","guid":{"rendered":"https:\/\/www.salvatorianas.org.br\/blog\/?p=19797"},"modified":"2023-02-02T14:03:15","modified_gmt":"2023-02-02T14:03:15","slug":"dia-da-vida-consagrada","status":"publish","type":"post","link":"https:\/\/www.salvatorianas.org.br\/blog\/dia-da-vida-consagrada\/","title":{"rendered":"DIA DA VIDA CONSAGRADA"},"content":{"rendered":"\n<p><\/p>\n\n\n\n<p>Queridas Irm\u00e3s e formandas!<\/p>\n\n\n\n<p>Celebrar o dia da Vida Religiosa Salvatoriana \u00e9 momento especial para dizer a cada uma &#8230;<\/p>\n\n\n\n<p>\u201cCelebrem a Jav\u00e9 porque Ele \u00e9 bom, e o seu amor \u00e9 para sempre\u201d. Porque Ele foi revelado atrav\u00e9s da miss\u00e3o a voc\u00eas confiada e Ele fez maravilhas em voc\u00eas e atrav\u00e9s de voc\u00eas! Porque o seu amor \u00e9 para sempre!<\/p>\n\n\n\n<p>Celebrem ao Deus Criador que as conduziu na dinamiza\u00e7\u00e3o da miss\u00e3o salvatoriana at\u00e9 aqui realizada. Porque o seu amor \u00e9 para sempre!<\/p>\n\n\n\n<p>Celebrem as experi\u00eancias de Deus que as sustentaram ao longo do caminho percorrido. Porque o seu amor \u00e9 para sempre!<\/p>\n\n\n\n<p>Celebrem a comunh\u00e3o, as buscas, os encontros e desencontros, os risos e as l\u00e1grimas. Porque o seu amor \u00e9 para sempre!<\/p>\n\n\n\n<p>Celebrem o testemunho que voc\u00eas s\u00e3o para todas n\u00f3s suas co-irm\u00e3s, as formandas, colaboradores de nossa Prov\u00edncia e todo o povo de Deus; o empenho, a dedica\u00e7\u00e3o, a disponibilidade, a ren\u00fancia, a doa\u00e7\u00e3o sem limites. Porque o seu amor \u00e9 para sempre!<\/p>\n\n\n\n<p>Celebrem a gra\u00e7a do chamado, da consagra\u00e7\u00e3o, da concretiza\u00e7\u00e3o da miss\u00e3o e do envio mission\u00e1rio apost\u00f3lico. Porque o seu amor \u00e9 para sempre!<\/p>\n\n\n\n<p>Entoemos juntas um hino de a\u00e7\u00e3o de gra\u00e7as. <strong>PORQUE O SEU AMOR \u00c9 PARA SEMPRE!<\/strong><\/p>\n\n\n\n<p>Obrigada queridas Irm\u00e3s por toda a vida doada gratuitamente na Vida Salvatoriana. Voc\u00eas est\u00e3o escrevendo uma hist\u00f3ria com as tintas do amor, registrada atrav\u00e9s do testemunho de vida e arquivada no cora\u00e7\u00e3o da Miss\u00e3o Salvatoriana. Alegremo-nos em Deus nosso Salvador!<\/p>\n\n\n\n<p>Que os Bem-aventurados Francisco Jordan e Maria dos Ap\u00f3stolos, intercedam por n\u00f3s e por toda a humanidade e nos confirmem no compromisso com a VIDA.<\/p>\n\n\n\n<p><\/p>\n","protected":false},"excerpt":{"rendered":"<p>Queridas Irm\u00e3s e formandas! Celebrar o dia da Vida Religiosa Salvatoriana \u00e9 momento especial para dizer a cada uma &#8230; \u201cCelebrem a Jav\u00e9 porque Ele \u00e9 bom, e o seu amor \u00e9 para&#8230;<\/p>\n","protected":false},"author":2,"featured_media":19798,"comment_status":"open","ping_status":"open","sticky":false,"template":"","format":"standard","meta":[],"categories":[1],"tags":[],"_links":{"self":[{"href":"https:\/\/www.salvatorianas.org.br\/blog\/wp-json\/wp\/v2\/posts\/19797"}],"collection":[{"href":"https:\/\/www.salvatorianas.org.br\/blog\/wp-json\/wp\/v2\/posts"}],"about":[{"href":"https:\/\/www.salvatorianas.org.br\/blog\/wp-json\/wp\/v2\/types\/post"}],"author":[{"embeddable":true,"href":"https:\/\/www.salvatorianas.org.br\/blog\/wp-json\/wp\/v2\/users\/2"}],"replies":[{"embeddable":true,"href":"https:\/\/www.salvatorianas.org.br\/blog\/wp-json\/wp\/v2\/comments?post=19797"}],"version-history":[{"count":1,"href":"https:\/\/www.salvatorianas.org.br\/blog\/wp-json\/wp\/v2\/posts\/19797\/revisions"}],"predecessor-version":[{"id":19799,"href":"https:\/\/www.salvatorianas.org.br\/blog\/wp-json\/wp\/v2\/posts\/19797\/revisions\/19799"}],"wp:featuredmedia":[{"embeddable":true,"href":"https:\/\/www.salvatorianas.org.br\/blog\/wp-json\/wp\/v2\/media\/19798"}],"wp:attachment":[{"href":"https:\/\/www.salvatorianas.org.br\/blog\/wp-json\/wp\/v2\/media?parent=19797"}],"wp:term":[{"taxonomy":"category","embeddable":true,"href":"https:\/\/www.salvatorianas.org.br\/blog\/wp-json\/wp\/v2\/categories?post=19797"},{"taxonomy":"post_tag","embeddable":true,"href":"https:\/\/www.salvatorianas.org.br\/blog\/wp-json\/wp\/v2\/tags?post=19797"}],"curies":[{"name":"wp","href":"https:\/\/api.w.org\/{rel}","templated":true}]}}