{"id":19792,"date":"2023-02-02T09:10:21","date_gmt":"2023-02-02T09:10:21","guid":{"rendered":"https:\/\/www.salvatorianas.org.br\/blog\/?p=19792"},"modified":"2023-02-02T09:10:22","modified_gmt":"2023-02-02T09:10:22","slug":"apresentacao-do-senhor-festa-quinta-feira","status":"publish","type":"post","link":"https:\/\/www.salvatorianas.org.br\/blog\/apresentacao-do-senhor-festa-quinta-feira\/","title":{"rendered":"Apresenta\u00e7\u00e3o do Senhor &#8211; Festa | Quinta-feira"},"content":{"rendered":"\n<h3 class=\"wp-block-heading\">Ora\u00e7\u00e3o do dia<\/h3>\n\n\n\n<p>Deus eterno e todo-poderoso, ouvi as nossas s\u00faplicas. Assim como o vosso Filho \u00fanico, revestido da nossa humanidade, foi hoje apresentado no templo, fazei que nos apresentemos diante de v\u00f3s com os cora\u00e7\u00f5es purificados. Por Nosso Senhor Jesus Cristo, Vosso Filho, na unidade do Esp\u00edrito Santo.<\/p>\n\n\n\n<h3 class=\"wp-block-heading\">Leitura &#8211;&nbsp;Malaquias 3,1-4<\/h3>\n\n\n\n<p>Leitura da profecia de Malaquias.<\/p>\n\n\n\n<p>3 1 Vou mandar o meu mensageiro para preparar o meu caminho. E imediatamente vir\u00e1 ao seu templo o Senhor que buscais, o anjo da alian\u00e7a que desejais. Ei-lo que vem &#8211; diz o Senhor dos ex\u00e9rcitos.<\/p>\n\n\n\n<p>2 Quem estar\u00e1 seguro no dia de sua vinda? Quem poder\u00e1 resistir quando ele aparecer? Porque ele \u00e9 como o fogo do fundidor, como a lix\u00edvia dos lavadeiros.<\/p>\n\n\n\n<p>3 Sentar-se-\u00e1 para fundir e purificar a prata; purificar\u00e1 os filhos de Levi e os refinar\u00e1, como se refinam o ouro e a prata; ent\u00e3o eles ser\u00e3o para o Senhor aqueles que apresentar\u00e3o as ofertas como conv\u00eam.<\/p>\n\n\n\n<p>4 E a obla\u00e7\u00e3o de Jud\u00e1 e de Jerusal\u00e9m ser\u00e1 agrad\u00e1vel ao Senhor, como nos dias antigos, como nos anos de outrora.<\/p>\n\n\n\n<p>Palavra do Senhor.<\/p>\n\n\n\n<h3 class=\"wp-block-heading\">Salmo Responsorial &#8211;&nbsp;23\/24<\/h3>\n\n\n\n<p><strong>O rei da gl\u00f3ria \u00e9 o Senhor onipotente!<\/strong><\/p>\n\n\n\n<p>\u201c\u00d3 portas, levantai vossos front\u00f5es!<\/p>\n\n\n\n<p>Elevai-vos bem mais alto, antigas portas,<\/p>\n\n\n\n<p>a fim de que o rei da gl\u00f3ria possa entrar!\u201d<\/p>\n\n\n\n<p>Dizei-nos: \u201cQuem \u00e9 este rei da gl\u00f3ria?\u201d<\/p>\n\n\n\n<p>\u201c\u00c9 o Senhor, o valoroso, o onipotente,<\/p>\n\n\n\n<p>o Senhor, o poderoso nas batalhas!\u201d<\/p>\n\n\n\n<p>\u201c\u00d3 portas, levantai vossos front\u00f5es!<\/p>\n\n\n\n<p>Elevai-vos bem mais alto, antigas portas,<\/p>\n\n\n\n<p>a fim de que o rei da gl\u00f3ria possa entrar!\u201d<\/p>\n\n\n\n<p>Dizei-nos: \u201cQuem \u00e9 este rei da gl\u00f3ria?\u201d<\/p>\n\n\n\n<p>\u201cO rei da gl\u00f3ria \u00e9 o Senhor onipotente,<\/p>\n\n\n\n<p>o rei da gl\u00f3ria \u00e9 o Senhor Deus do universo.\u201d<\/p>\n\n\n\n<h3 class=\"wp-block-heading\">Leitura &#8211;<\/h3>\n\n\n\n<h3 class=\"wp-block-heading\">Evangelho &#8211;&nbsp;Lucas 2,22-40 ou 22-32<\/h3>\n\n\n\n<p>Aleluia, aleluia, aleluia.<\/p>\n\n\n\n<p>Sois a luz que brilhar\u00e1 para os gentios e para a gl\u00f3ria de Israel, o vosso povo (Lc 2,32).<\/p>\n\n\n\n<p>Proclama\u00e7\u00e3o do Evangelho de Jesus Cristo segundo Lucas.<\/p>\n\n\n\n<p>2 22 Conclu\u00eddos os dias da sua purifica\u00e7\u00e3o da m\u00e3e e do filho, segundo a Lei de Mois\u00e9s, Maria e Jos\u00e9 levaram Jesus a Jerusal\u00e9m para o apresentar ao Senhor,<\/p>\n\n\n\n<p>23 conforme o que est\u00e1 escrito na lei do Senhor: Todo primog\u00eanito do sexo masculino ser\u00e1 consagrado ao Senhor;<\/p>\n\n\n\n<p>24 e para oferecerem o sacrif\u00edcio prescrito pela lei do Senhor, um par de rolas ou dois pombinhos.<\/p>\n\n\n\n<p>25 Ora, havia em Jerusal\u00e9m um homem chamado Sime\u00e3o. Este homem, justo e piedoso, esperava a consola\u00e7\u00e3o de Israel, e o Esp\u00edrito Santo estava nele.<\/p>\n\n\n\n<p>26 Fora-lhe revelado pelo Esp\u00edrito Santo que n\u00e3o morreria sem primeiro ver o Cristo do Senhor.<\/p>\n\n\n\n<p>27 Impelido pelo Esp\u00edrito Santo, foi ao templo. E tendo os pais apresentado o menino Jesus, para cumprirem a respeito dele os preceitos da lei,<\/p>\n\n\n\n<p>28 tomou-o em seus bra\u00e7os e louvou a Deus nestes termos:<\/p>\n\n\n\n<p>29 Agora, Senhor, deixai o vosso servo ir em paz, segundo a vossa palavra.<\/p>\n\n\n\n<p>30 Porque os meus olhos viram a vossa salva\u00e7\u00e3o<\/p>\n\n\n\n<p>31 que preparastes diante de todos os povos,<\/p>\n\n\n\n<p>32 como luz para iluminar as na\u00e7\u00f5es, e para a gl\u00f3ria de vosso povo de Israel.<\/p>\n\n\n\n<p>33 Seu pai e sua m\u00e3e estavam admirados das coisas que dele se diziam.<\/p>\n\n\n\n<p>34 Sime\u00e3o aben\u00e7oou-os e disse a Maria, sua m\u00e3e: Eis que este menino est\u00e1 destinado a ser uma causa de queda e de soerguimento para muitos homens em Israel, e a ser um sinal que provocar\u00e1 contradi\u00e7\u00f5es,<\/p>\n\n\n\n<p>35 a fim de serem revelados os pensamentos de muitos cora\u00e7\u00f5es. E uma espada transpassar\u00e1 a tua alma.<\/p>\n\n\n\n<p>36 Havia tamb\u00e9m uma profetisa chamada Ana, filha de Fanuel, da tribo de Aser; era de idade avan\u00e7ada.<\/p>\n\n\n\n<p>37 Depois de ter vivido sete anos com seu marido desde a sua virgindade, ficara vi\u00fava, e agora com oitenta e quatro anos n\u00e3o se apartava do templo, servindo a Deus noite e dia em jejuns e ora\u00e7\u00f5es.<\/p>\n\n\n\n<p>38 Chegando ela \u00e0 mesma hora, louvava a Deus e falava de Jesus a todos aqueles que em Jerusal\u00e9m esperavam a liberta\u00e7\u00e3o.<\/p>\n\n\n\n<p>39 Ap\u00f3s terem observado tudo segundo a lei do Senhor, voltaram para a Galileia, \u00e0 sua cidade de Nazar\u00e9.<\/p>\n\n\n\n<p>40 O menino ia crescendo e se fortificava: estava cheio de sabedoria, e a gra\u00e7a de Deus repousava nele.<\/p>\n\n\n\n<p>Palavra da Salva\u00e7\u00e3o.<\/p>\n\n\n\n<h3 class=\"wp-block-heading\">Coment\u00e1rio ao Evangelho<\/h3>\n\n\n\n<p>LUZ PARA ILUMINAR OS POVOS<\/p>\n\n\n\n<p>A presen\u00e7a de Sime\u00e3o e Ana no rito lit\u00fargico da apresenta\u00e7\u00e3o do Menino Jesus no templo de Jerusal\u00e9m serviu para explicitar a identidade e a miss\u00e3o do Filho de Deus. Ele era muito diferente dos in\u00fameros primog\u00eanitos trazidos ao templo para serem consagrados ao Senhor.<\/p>\n\n\n\n<p>Sime\u00e3o estava convicto de tratar-se do Messias. O Esp\u00edrito Santo havia-lhe revelado que n\u00e3o morreria antes de v\u00ea-lo. Quando chegou no templo, tamb\u00e9m movido pelo Esp\u00edrito Santo, e deparou-se com o menino Jesus, n\u00e3o teve d\u00favidas de que a promessa divina estava sendo cumprida. Da\u00ed seu hino de louvor, proclamando-o como presen\u00e7a da salva\u00e7\u00e3o na hist\u00f3ria do povo eleito, luz para iluminar todos os povos e ajud\u00e1-los a superar as trevas do erro, e motivo de gl\u00f3ria para Israel. Posto como sinal de contradi\u00e7\u00e3o, haveria de provocar divis\u00e3o a seu respeito: enquanto seria reconhecido e acolhido por uns, tornar-se-ia motivo de esc\u00e2ndalo e \u00f3dio para outros. Seria imposs\u00edvel manter-se neutro diante dele, pois sua presen\u00e7a revelaria os pensamentos escondidos no \u00edntimo dos cora\u00e7\u00f5es.<\/p>\n\n\n\n<p>Por sua vez, Ana tornou-se uma esp\u00e9cie de ap\u00f3stola do Messias Jesus, pois \u201cfalava do menino a quantos esperavam a reden\u00e7\u00e3o de Jerusal\u00e9m\u201d. Ela demonstrou estar absolutamente certa de quem se tratava. Da\u00ed ter-se empenhado em dizer a todos que, afinal, a salva\u00e7\u00e3o estava acontecendo.<\/p>\n","protected":false},"excerpt":{"rendered":"<p>Ora\u00e7\u00e3o do dia Deus eterno e todo-poderoso, ouvi as nossas s\u00faplicas. Assim como o vosso Filho \u00fanico, revestido da nossa humanidade, foi hoje apresentado no templo, fazei que nos apresentemos diante de v\u00f3s&#8230;<\/p>\n","protected":false},"author":2,"featured_media":19793,"comment_status":"open","ping_status":"open","sticky":false,"template":"","format":"standard","meta":[],"categories":[7],"tags":[],"_links":{"self":[{"href":"https:\/\/www.salvatorianas.org.br\/blog\/wp-json\/wp\/v2\/posts\/19792"}],"collection":[{"href":"https:\/\/www.salvatorianas.org.br\/blog\/wp-json\/wp\/v2\/posts"}],"about":[{"href":"https:\/\/www.salvatorianas.org.br\/blog\/wp-json\/wp\/v2\/types\/post"}],"author":[{"embeddable":true,"href":"https:\/\/www.salvatorianas.org.br\/blog\/wp-json\/wp\/v2\/users\/2"}],"replies":[{"embeddable":true,"href":"https:\/\/www.salvatorianas.org.br\/blog\/wp-json\/wp\/v2\/comments?post=19792"}],"version-history":[{"count":1,"href":"https:\/\/www.salvatorianas.org.br\/blog\/wp-json\/wp\/v2\/posts\/19792\/revisions"}],"predecessor-version":[{"id":19794,"href":"https:\/\/www.salvatorianas.org.br\/blog\/wp-json\/wp\/v2\/posts\/19792\/revisions\/19794"}],"wp:featuredmedia":[{"embeddable":true,"href":"https:\/\/www.salvatorianas.org.br\/blog\/wp-json\/wp\/v2\/media\/19793"}],"wp:attachment":[{"href":"https:\/\/www.salvatorianas.org.br\/blog\/wp-json\/wp\/v2\/media?parent=19792"}],"wp:term":[{"taxonomy":"category","embeddable":true,"href":"https:\/\/www.salvatorianas.org.br\/blog\/wp-json\/wp\/v2\/categories?post=19792"},{"taxonomy":"post_tag","embeddable":true,"href":"https:\/\/www.salvatorianas.org.br\/blog\/wp-json\/wp\/v2\/tags?post=19792"}],"curies":[{"name":"wp","href":"https:\/\/api.w.org\/{rel}","templated":true}]}}