{"id":1979,"date":"2015-07-26T00:00:00","date_gmt":"2015-07-26T00:00:00","guid":{"rendered":"https:\/\/www.salvatorianas.org.br\/blog\/junioristas-participam-de-encontro-em-preparacao-aos-votos-perpetuos\/"},"modified":"2015-07-26T00:00:00","modified_gmt":"2015-07-26T00:00:00","slug":"junioristas-participam-de-encontro-em-preparacao-aos-votos-perpetuos","status":"publish","type":"post","link":"https:\/\/www.salvatorianas.org.br\/blog\/junioristas-participam-de-encontro-em-preparacao-aos-votos-perpetuos\/","title":{"rendered":"Junioristas participam de encontro em prepara\u00e7\u00e3o aos Votos Perp\u00e9tuos"},"content":{"rendered":"<p style=\"text-align: justify;\">[imagem1]<\/p>\n<p style=\"text-align: justify;\">&nbsp;<\/p>\n<p style=\"text-align: justify;\">Entre os dias 20 a 24 de julho, realizou-se no Instituto Salette, em Curitiba\/PR, um encontro de junioristas em prepara&ccedil;&atilde;o aos Votos Perp&eacute;tuos. O encontro teve como objetivos aprofundar o itiner&aacute;rio do seguimento de Jesus Cristo e fazer experi&ecirc;ncia de Deus na partilha de vida e mem&oacute;ria da pr&oacute;pria hist&oacute;ria, a fim de assumir conscientemente sua consagra&ccedil;&atilde;o definitiva. Participou a Ir. Lidiane Vitor Ribeiro, juntamente com outras 11 jovens religiosas de votos tempor&aacute;rios que buscam dar o seu SIM ao chamado de Deus a servi&ccedil;o da Igreja, dos irm&atilde;os e irm&atilde;s, ao fazer a sua consagra&ccedil;&atilde;o perp&eacute;tua.<\/p>\n<p style=\"text-align: justify;\">O tema de ilumina&ccedil;&atilde;o foi &#8220;Vida Consagrada: Configura&ccedil;&atilde;o com Cristo Obediente, Pobre e Casto&#8221;, sob a assessoria do Pe. Jair Fernandes Jacon, que ao iniciar sua reflex&atilde;o, convidou todas as participantes a reacender o dom de Deus presente em cada uma e a reavivar o dom de conhecer Jesus Cristo. Com sabedoria e simplicidade, o assessor orientou o grupo a olhar para a pessoa de Jesus Cristo, que &eacute; a centralidade da Vida Consagrada e assim, sentir&nbsp;o chamado de um novo modo, para que a nossa voca&ccedil;&atilde;o seja fonte de vida para os outros e sejamos sinais do Reino de Deus no meio do povo.<\/p>\n<p style=\"text-align: justify;\">Durante o encontro, o grupo tamb&eacute;m refletiu sobre &#8220;A Teologia da Vida Consagrada &ndash; um projeto na liberdade&#8221;, que foi um apelo para as jovens junioristas reverem suas motiva&ccedil;&otilde;es e descobrirem que os valores evang&eacute;licos &eacute; que d&atilde;o novo impulso e nova din&acirc;mica &agrave; Vida Consagrada, uma vez que o futuro da Vida Religiosa Consagrada est&aacute; na fidelidade ao evangelho e aos pobres de seu tempo.<\/p>\n<p style=\"text-align: justify;\">O encontro foi permeado por momentos fortes de espiritualidade, de integra&ccedil;&atilde;o, de recrea&ccedil;&atilde;o de partilha da vida e de voca&ccedil;&atilde;o-miss&atilde;o. Foi um tempo de fomentar novos sonhos, de ser fiel ao nosso Carisma Fundacional e de fortalecer a nossa esperan&ccedil;a em seguir na fidelidade Jesus Cristo.<\/p>\n<p style=\"text-align: justify;\">&nbsp;<\/p>\n<p style=\"text-align: justify;\">&nbsp;<\/p>\n","protected":false},"excerpt":{"rendered":"<p>[imagem1] &nbsp; Entre os dias 20 a 24 de julho, realizou-se no Instituto Salette, em Curitiba\/PR, um encontro de junioristas em prepara&ccedil;&atilde;o aos Votos Perp&eacute;tuos. O encontro teve como objetivos aprofundar o itiner&aacute;rio&#8230;<\/p>\n","protected":false},"author":1,"featured_media":2200,"comment_status":"open","ping_status":"open","sticky":false,"template":"","format":"standard","meta":[],"categories":[1],"tags":[],"_links":{"self":[{"href":"https:\/\/www.salvatorianas.org.br\/blog\/wp-json\/wp\/v2\/posts\/1979"}],"collection":[{"href":"https:\/\/www.salvatorianas.org.br\/blog\/wp-json\/wp\/v2\/posts"}],"about":[{"href":"https:\/\/www.salvatorianas.org.br\/blog\/wp-json\/wp\/v2\/types\/post"}],"author":[{"embeddable":true,"href":"https:\/\/www.salvatorianas.org.br\/blog\/wp-json\/wp\/v2\/users\/1"}],"replies":[{"embeddable":true,"href":"https:\/\/www.salvatorianas.org.br\/blog\/wp-json\/wp\/v2\/comments?post=1979"}],"version-history":[{"count":0,"href":"https:\/\/www.salvatorianas.org.br\/blog\/wp-json\/wp\/v2\/posts\/1979\/revisions"}],"wp:featuredmedia":[{"embeddable":true,"href":"https:\/\/www.salvatorianas.org.br\/blog\/wp-json\/wp\/v2\/media\/2200"}],"wp:attachment":[{"href":"https:\/\/www.salvatorianas.org.br\/blog\/wp-json\/wp\/v2\/media?parent=1979"}],"wp:term":[{"taxonomy":"category","embeddable":true,"href":"https:\/\/www.salvatorianas.org.br\/blog\/wp-json\/wp\/v2\/categories?post=1979"},{"taxonomy":"post_tag","embeddable":true,"href":"https:\/\/www.salvatorianas.org.br\/blog\/wp-json\/wp\/v2\/tags?post=1979"}],"curies":[{"name":"wp","href":"https:\/\/api.w.org\/{rel}","templated":true}]}}