{"id":19789,"date":"2023-02-01T10:29:58","date_gmt":"2023-02-01T10:29:58","guid":{"rendered":"https:\/\/www.salvatorianas.org.br\/blog\/?p=19789"},"modified":"2023-02-01T10:29:59","modified_gmt":"2023-02-01T10:29:59","slug":"4a-semana-do-tempo-comum-quarta-feira","status":"publish","type":"post","link":"https:\/\/www.salvatorianas.org.br\/blog\/4a-semana-do-tempo-comum-quarta-feira\/","title":{"rendered":"4\u00aa Semana do Tempo Comum | Quarta-feira"},"content":{"rendered":"\n<h3 class=\"wp-block-heading\">Ora\u00e7\u00e3o do dia<\/h3>\n\n\n\n<p>Concedei-nos, Senhor nosso Deus, adorar-vos de todo o cora\u00e7\u00e3o e amar todas as pessoas com verdadeira caridade. Por Nosso Senhor Jesus Cristo, Vosso Filho, na unidade do Esp\u00edrito Santo.<\/p>\n\n\n\n<h3 class=\"wp-block-heading\">Leitura &#8211;&nbsp;Hebreus 12,4-7.11-15<\/h3>\n\n\n\n<p>Leitura da carta aos Hebreus.<\/p>\n\n\n\n<p>12 4 Ainda n\u00e3o tendes resistido at\u00e9 o sangue, na luta contra o pecado.<\/p>\n\n\n\n<p>5 Estais esquecidos da palavra de anima\u00e7\u00e3o que vos \u00e9 dirigida como a filhos: \u201cFilho meu, n\u00e3o desprezes a corre\u00e7\u00e3o do Senhor. N\u00e3o desanimes, quando repreendido por ele;<\/p>\n\n\n\n<p>6 pois o Senhor corrige a quem ama e castiga todo aquele que reconhece por seu filho\u201d.<\/p>\n\n\n\n<p>7 Estais sendo provados para a vossa corre\u00e7\u00e3o: \u00e9 Deus que vos trata como filhos. Ora, qual \u00e9 o filho a quem seu pai n\u00e3o corrige?<\/p>\n\n\n\n<p>11 E verdade que toda corre\u00e7\u00e3o parece, de momento, antes motivo de pesar que de alegria. Mais tarde, por\u00e9m, granjeia aos que por ela se exercitaram o melhor fruto de justi\u00e7a e de paz.<\/p>\n\n\n\n<p>12 \u201cLevantai, pois, vossas m\u00e3os fatigadas e vossos joelhos tr\u00eamulos\u201d.<\/p>\n\n\n\n<p>13 Dirigi os vossos passos pelo caminho certo. Os que claudicam tornem ao bom caminho e n\u00e3o se desviem.<\/p>\n\n\n\n<p>14 Procurai a paz com todos e ao mesmo tempo a santidade, sem a qual ningu\u00e9m pode ver o Senhor.<\/p>\n\n\n\n<p>15 Estai alerta para que ningu\u00e9m deixe passar a gra\u00e7a de Deus, e para que n\u00e3o desponte nenhuma planta amarga, capaz de estragar e contaminar a massa inteira.<\/p>\n\n\n\n<p>Palavra do Senhor.<\/p>\n\n\n\n<h3 class=\"wp-block-heading\">Salmo Responsorial &#8211;&nbsp;102\/103<\/h3>\n\n\n\n<p><strong>O amor do Senhor por quem o respeita<\/strong><\/p>\n\n\n\n<p><strong>\u00e9 de sempre e para sempre.<\/strong><\/p>\n\n\n\n<p>Bendize, \u00f3 minha alma, ao Senhor,<\/p>\n\n\n\n<p>e todo o meu ser, seu santo nome!<\/p>\n\n\n\n<p>Bendize, \u00f3 minha alma, ao Senhor,<\/p>\n\n\n\n<p>n\u00e3o te esque\u00e7as de nenhum de seus favores!<\/p>\n\n\n\n<p>Como um pai se compadece de seus filhos,<\/p>\n\n\n\n<p>o Senhor tem compaix\u00e3o dos que o temem.<\/p>\n\n\n\n<p>Porque sabe de que barro somos feitos<\/p>\n\n\n\n<p>e se lembra que apenas somos p\u00f3.<\/p>\n\n\n\n<p>Mas o amor do Senhor Deus por quem o teme<\/p>\n\n\n\n<p>\u00e9 de sempre e perdura para sempre;<\/p>\n\n\n\n<p>e tamb\u00e9m sua justi\u00e7a se estende<\/p>\n\n\n\n<p>por gera\u00e7\u00f5es at\u00e9 os filhos de seus filhos,<\/p>\n\n\n\n<p>aos que guardam fielmente sua alian\u00e7a.<\/p>\n\n\n\n<h3 class=\"wp-block-heading\">Leitura &#8211;<\/h3>\n\n\n\n<h3 class=\"wp-block-heading\">Evangelho &#8211;&nbsp;Marcos 6,1-6<\/h3>\n\n\n\n<p>Aleluia, aleluia, aleluia.<\/p>\n\n\n\n<p>Minhas ovelhas escutam minha voz; eu as conhe\u00e7o e as me seguem (Jo 10,27).<\/p>\n\n\n\n<p>Proclama\u00e7\u00e3o do Evangelho de Jesus Cristo segundo Marcos.<\/p>\n\n\n\n<p>Naquele tempo, 6 1 depois, Jesus partiu dali e foi para a sua p\u00e1tria, seguido de seus disc\u00edpulos. 2 Quando chegou o dia de s\u00e1bado, come\u00e7ou a ensinar na sinagoga. Muitos o ouviam e, tomados de admira\u00e7\u00e3o, diziam: \u201cDonde lhe vem isso? Que sabedoria \u00e9 essa que lhe foi dada, e como se operam por suas m\u00e3os t\u00e3o grandes milagres?<\/p>\n\n\n\n<p>3 N\u00e3o \u00e9 ele o carpinteiro, o filho de Maria, o irm\u00e3o de Tiago, de Jos\u00e9, de Judas e de Sim\u00e3o? N\u00e3o vivem aqui entre n\u00f3s tamb\u00e9m suas irm\u00e3s?\u201d E ficaram perplexos a seu respeito.<\/p>\n\n\n\n<p>4 Mas Jesus disse-lhes: \u201cUm profeta s\u00f3 \u00e9 desprezado na sua p\u00e1tria, entre os seus parentes e na sua pr\u00f3pria casa\u201d.<\/p>\n\n\n\n<p>5 N\u00e3o p\u00f4de fazer ali milagre algum. Curou apenas alguns poucos enfermos, impondo-lhes as m\u00e3os.<\/p>\n\n\n\n<p>6 Admirava-se ele da desconfian\u00e7a deles. E ensinando, percorria as aldeias circunvizinhas.<\/p>\n\n\n\n<p>Palavra da Salva\u00e7\u00e3o.<\/p>\n\n\n\n<h3 class=\"wp-block-heading\">Coment\u00e1rio ao Evangelho<\/h3>\n\n\n\n<p>DE ONDE LHE VEM ISTO?<\/p>\n\n\n\n<p>O saber de Jesus deixava admirados os seus conterr\u00e2neos. Especialmente quem convivera com ele, durante o longo per\u00edodo de vida escondida em Nazar\u00e9, perguntava-se pela origem de tanta sabedoria. N\u00e3o havia explica\u00e7\u00e3o plaus\u00edvel, em se considerando sua origem familiar. Seus pais eram pessoas simples, desprovidas de recursos para oferecer-lhe uma forma\u00e7\u00e3o esmerada, que o tornasse superior aos mestres conhecidos. Sua prega\u00e7\u00e3o, na sinagoga, n\u00e3o dava margem para d\u00favidas. Ele possu\u00eda, de fato, uma ci\u00eancia elevada, desconhecida at\u00e9 ent\u00e3o.<\/p>\n\n\n\n<p>Diante desta inc\u00f3gnita, os conterr\u00e2neos de Jesus deixaram-se levar pelo preconceito: n\u00e3o \u00e9 poss\u00edvel que o filho de um carpinteiro, pobre e bem conhecido de todos, possua uma tal sabedoria!<\/p>\n\n\n\n<p>Sem d\u00favida, este preconceito escondia outro elemento muito mais s\u00e9rio. Qui\u00e7\u00e1 desconfiassem que a sabedoria de Jesus fosse de origem esp\u00faria, por exemplo, obra do dem\u00f4nio. Em outras palavras: aquilo n\u00e3o parecia ser coisa de Deus.<\/p>\n\n\n\n<p>A decis\u00e3o de desprez\u00e1-lo e n\u00e3o lhe dar ouvidos decorre destas explica\u00e7\u00f5es. Era perigoso enveredar por um caminho contr\u00e1rio \u00e0 f\u00e9 tradicional, desviando-se de Deus.<\/p>\n\n\n\n<p>A incredulidade de sua gente deixava Jesus admirado, a ponto de decidir realizar, em Nazar\u00e9, poucos milagres. Seu povo perdia, assim, uma grande oportunidade de conhec\u00ea-lo melhor, e descobrir, de maneira acertada, a origem de seu saber.<\/p>\n","protected":false},"excerpt":{"rendered":"<p>Ora\u00e7\u00e3o do dia Concedei-nos, Senhor nosso Deus, adorar-vos de todo o cora\u00e7\u00e3o e amar todas as pessoas com verdadeira caridade. Por Nosso Senhor Jesus Cristo, Vosso Filho, na unidade do Esp\u00edrito Santo. Leitura&#8230;<\/p>\n","protected":false},"author":2,"featured_media":19790,"comment_status":"open","ping_status":"open","sticky":false,"template":"","format":"standard","meta":[],"categories":[7],"tags":[],"_links":{"self":[{"href":"https:\/\/www.salvatorianas.org.br\/blog\/wp-json\/wp\/v2\/posts\/19789"}],"collection":[{"href":"https:\/\/www.salvatorianas.org.br\/blog\/wp-json\/wp\/v2\/posts"}],"about":[{"href":"https:\/\/www.salvatorianas.org.br\/blog\/wp-json\/wp\/v2\/types\/post"}],"author":[{"embeddable":true,"href":"https:\/\/www.salvatorianas.org.br\/blog\/wp-json\/wp\/v2\/users\/2"}],"replies":[{"embeddable":true,"href":"https:\/\/www.salvatorianas.org.br\/blog\/wp-json\/wp\/v2\/comments?post=19789"}],"version-history":[{"count":1,"href":"https:\/\/www.salvatorianas.org.br\/blog\/wp-json\/wp\/v2\/posts\/19789\/revisions"}],"predecessor-version":[{"id":19791,"href":"https:\/\/www.salvatorianas.org.br\/blog\/wp-json\/wp\/v2\/posts\/19789\/revisions\/19791"}],"wp:featuredmedia":[{"embeddable":true,"href":"https:\/\/www.salvatorianas.org.br\/blog\/wp-json\/wp\/v2\/media\/19790"}],"wp:attachment":[{"href":"https:\/\/www.salvatorianas.org.br\/blog\/wp-json\/wp\/v2\/media?parent=19789"}],"wp:term":[{"taxonomy":"category","embeddable":true,"href":"https:\/\/www.salvatorianas.org.br\/blog\/wp-json\/wp\/v2\/categories?post=19789"},{"taxonomy":"post_tag","embeddable":true,"href":"https:\/\/www.salvatorianas.org.br\/blog\/wp-json\/wp\/v2\/tags?post=19789"}],"curies":[{"name":"wp","href":"https:\/\/api.w.org\/{rel}","templated":true}]}}