{"id":19782,"date":"2023-01-31T09:10:26","date_gmt":"2023-01-31T09:10:26","guid":{"rendered":"https:\/\/www.salvatorianas.org.br\/blog\/?p=19782"},"modified":"2023-01-31T09:20:11","modified_gmt":"2023-01-31T09:20:11","slug":"oracao-do-dia-8","status":"publish","type":"post","link":"https:\/\/www.salvatorianas.org.br\/blog\/oracao-do-dia-8\/","title":{"rendered":"S\u00e3o Jo\u00e3o Bosco, presb\u00edtero &#8211; Mem\u00f3ria | Ter\u00e7a-feira"},"content":{"rendered":"\n<h3 class=\"wp-block-heading\">Ora\u00e7\u00e3o do dia<\/h3>\n\n\n\n<p>\u00d3 Deus, que suscitastes s\u00e3o Jo\u00e3o Bosco para educar e pai dos adolescentes, fazei que, inflamados da mesma caridade, procuremos a salva\u00e7\u00e3o de nossos irm\u00e3os, colocando-nos inteiramente ao vosso servi\u00e7o. Por Nosso Senhor Jesus Cristo, Vosso Filho, na unidade do Esp\u00edrito Santo.<\/p>\n\n\n\n<h3 class=\"wp-block-heading\">Leitura &#8211;&nbsp;Hebreus 12,1-4<\/h3>\n\n\n\n<p>Leitura da carta aos Hebreus.<\/p>\n\n\n\n<p>12 1 Desse modo, cercados como estamos de uma tal nuvem de testemunhas, desvencilhemo-nos das cadeias do pecado. Corramos com perseveran\u00e7a ao combate proposto, com o olhar fixo no autor e consumador de nossa f\u00e9, Jesus.<\/p>\n\n\n\n<p>2 Em vez de gozo que se lhe oferecera, ele suportou a cruz e est\u00e1 sentado \u00e0 direita do trono de Deus.3 Considerai, pois, atentamente aquele que sofreu tantas contrariedades dos pecadores, e n\u00e3o vos deixeis abater pelo des\u00e2nimo.<\/p>\n\n\n\n<p>4 Ainda n\u00e3o tendes resistido at\u00e9 o sangue, na luta contra o pecado.<\/p>\n\n\n\n<p>Palavra do Senhor.<\/p>\n\n\n\n<h3 class=\"wp-block-heading\">Salmo Responsorial &#8211;&nbsp;21\/22<\/h3>\n\n\n\n<p><strong>Todos aqueles que vos buscam<\/strong><\/p>\n\n\n\n<p><strong>h\u00e3o de louvar-vos, \u00f3 Senhor.<\/strong><\/p>\n\n\n\n<p>Sois meu louvor me meio \u00e0 grande assembleia;<\/p>\n\n\n\n<p>Cumpro meus votos ante aqueles que vos temem!<\/p>\n\n\n\n<p>Vossos pobres v\u00e3o comer e saciar-se,<\/p>\n\n\n\n<p>e os que procuram o Senhor o louvar\u00e3o;<\/p>\n\n\n\n<p>\u201cSeus cora\u00e7\u00f5es tenham a vida para sempre!\u201d<\/p>\n\n\n\n<p>Lembrem-se disso os confins de toda a terra,<\/p>\n\n\n\n<p>para que voltem ao Senhor e se convertam,<\/p>\n\n\n\n<p>e se prostrem, adorando, diante dele<\/p>\n\n\n\n<p>todos os povos e as fam\u00edlias das na\u00e7\u00f5es.<\/p>\n\n\n\n<p>Somente a ele adorar\u00e3o os poderosos,<\/p>\n\n\n\n<p>e os que voltam para o p\u00f3 o louvar\u00e3o.<\/p>\n\n\n\n<p>Para ele h\u00e1 de viver a minha alma,<\/p>\n\n\n\n<p>toda a minha descend\u00eancia h\u00e1 de servi-lo;<\/p>\n\n\n\n<p>\u00e0s futuras gera\u00e7\u00f5es anunciar\u00e1<\/p>\n\n\n\n<p>o poder e a justi\u00e7a do Senhor;<\/p>\n\n\n\n<p>ao povo novo que h\u00e1 de vir, ele dir\u00e1:<\/p>\n\n\n\n<p>\u201cEis a obra que o Senhor realizou!\u201d<\/p>\n\n\n\n<h3 class=\"wp-block-heading\">Leitura &#8211;<\/h3>\n\n\n\n<h3 class=\"wp-block-heading\">Evangelho &#8211;&nbsp;Marcos 5,21-43<\/h3>\n\n\n\n<p>Aleluia, aleluia, aleluia.<\/p>\n\n\n\n<p>Cristo tomou sobre si nossas dores, carregou em seu corpo as nossas fraquezas (Mt 8,17).<\/p>\n\n\n\n<p>Proclama\u00e7\u00e3o do Evangelho de Jesus Cristo segundo Marcos.<\/p>\n\n\n\n<p>Naquele tempo, 5 21 tendo Jesus navegado outra vez para a margem oposta, de novo afluiu a ele uma grande multid\u00e3o. Ele se achava \u00e0 beira do mar, quando<\/p>\n\n\n\n<p>22 um dos chefes da sinagoga, chamado Jairo, se apresentou e, \u00e0 sua vista, lan\u00e7ou-se-lhe aos p\u00e9s,<\/p>\n\n\n\n<p>23 rogando-lhe com insist\u00eancia: &#8220;Minha filhinha est\u00e1 nas \u00faltimas. Vem, imp\u00f5e-lhe as m\u00e3os para que se salve e viva&#8221;.<\/p>\n\n\n\n<p>24 Jesus foi com ele e grande multid\u00e3o o seguia, comprimindo-o.<\/p>\n\n\n\n<p>25 Ora, havia ali uma mulher que j\u00e1 por doze anos padecia de um fluxo de sangue.<\/p>\n\n\n\n<p>26 Sofrera muito nas m\u00e3os de v\u00e1rios m\u00e9dicos, gastando tudo o que possu\u00eda, sem achar nenhum al\u00edvio; pelo contr\u00e1rio, piorava cada vez mais.<\/p>\n\n\n\n<p>27 Tendo ela ouvido falar de Jesus, veio por detr\u00e1s, entre a multid\u00e3o, e tocou-lhe no manto.<\/p>\n\n\n\n<p>28 Dizia ela consigo: &#8220;Se tocar, ainda que seja na orla do seu manto, estarei curada&#8221;.<\/p>\n\n\n\n<p>29 Ora, no mesmo instante se lhe estancou a fonte de sangue, e ela teve a sensa\u00e7\u00e3o de estar curada.<\/p>\n\n\n\n<p>30 Jesus percebeu imediatamente que sa\u00edra dele uma for\u00e7a e, voltando-se para o povo, perguntou: &#8220;Quem tocou minhas vestes?&#8221;<\/p>\n\n\n\n<p>31 Responderam-lhe os seus disc\u00edpulos: &#8220;V\u00eas que a multid\u00e3o te comprime e perguntas: \u2018Quem me tocou?&#8221;<\/p>\n\n\n\n<p>32 E ele olhava em derredor para ver quem o fizera.<\/p>\n\n\n\n<p>33 Ora, a mulher, atemorizada e tr\u00eamula, sabendo o que nela se tinha passado, veio lan\u00e7ar-se-lhe aos p\u00e9s e contou-lhe toda a verdade.<\/p>\n\n\n\n<p>34 Mas ele lhe disse: &#8220;Filha, a tua f\u00e9 te salvou. Vai em paz e s\u00ea curada do teu mal&#8221;.<\/p>\n\n\n\n<p>35 Enquanto ainda falava, chegou algu\u00e9m da casa do chefe da sinagoga, anunciando: &#8220;Tua filha morreu. Para que ainda incomodas o Mestre?&#8221;<\/p>\n\n\n\n<p>36 Ouvindo Jesus a not\u00edcia que era transmitida, dirigiu-se ao chefe da sinagoga: &#8220;N\u00e3o temas; cr\u00ea somente&#8221;.<\/p>\n\n\n\n<p>37 E n\u00e3o permitiu que ningu\u00e9m o acompanhasse, sen\u00e3o Pedro, Tiago e Jo\u00e3o, irm\u00e3o de Tiago.<\/p>\n\n\n\n<p>38 Ao chegar \u00e0 casa do chefe da sinagoga, viu o alvoro\u00e7o e os que estavam chorando e fazendo grandes lamenta\u00e7\u00f5es.<\/p>\n\n\n\n<p>39 Ele entrou e disse-lhes: &#8220;Por que todo esse barulho e esses choros? A menina n\u00e3o morreu. Ela est\u00e1 dormindo&#8221;.<\/p>\n\n\n\n<p>40 Mas riam-se dele. Contudo, tendo mandado sair todos, tomou o pai e a m\u00e3e da menina e os que levava consigo, e entrou onde a menina estava deitada.<\/p>\n\n\n\n<p>41 Segurou a m\u00e3o da menina e disse-lhe: &#8220;Talita cumi&#8221;, que quer dizer: &#8220;Menina, ordeno-te, levanta-te!&#8221;<\/p>\n\n\n\n<p>42 E imediatamente a menina se levantou e se p\u00f4s a caminhar (pois contava doze anos). Eles ficaram assombrados.<\/p>\n\n\n\n<p>43 Ordenou-lhes severamente que ningu\u00e9m o soubesse, e mandou que lhe dessem de comer.<\/p>\n\n\n\n<p>Palavra da Salva\u00e7\u00e3o.<\/p>\n\n\n\n<h3 class=\"wp-block-heading\">Coment\u00e1rio ao Evangelho<\/h3>\n\n\n\n<p>TRANSBORDANDO VIDA<\/p>\n\n\n\n<p>Os dois milagres realizados por Jesus apresentam-no como fonte donde transborda a vida. Sua miss\u00e3o consistiu em fazer jorrar vida onde a morte e a doen\u00e7a pareciam impor-se. Miss\u00e3o de resgatar a vida humana.<\/p>\n\n\n\n<p>O chefe da sinagoga, cuja filha havia morrido, viu seu pedido atendido: com uma ordem de Jesus, a menina retornou \u00e0 vida e levantou-se, para espanto de todos. Igualmente a mulher, v\u00edtima de uma hemorragia que n\u00e3o se estancava, viu-se curada pelo Mestre. Em ambos os casos, Jesus se manifestou como Senhor e fonte da vida.<\/p>\n\n\n\n<p>Essa mulher, certa de ser curada, tocara nas vestes de Jesus. Este imediatamente percebeu que uma for\u00e7a sa\u00edra dele. Num primeiro momento, parece que o milagre se realizara por um poder m\u00e1gico, uma vez que bastou a mulher toc\u00e1-lo para sentir-se curada. Contudo, levada a explicar o sentido de seu gesto, confessou ter sido movida pela f\u00e9 no poder do Mestre. Ao que ele declarou: &#8220;A tua f\u00e9 te salvou!&#8221;<\/p>\n\n\n\n<p>Nada consegue de Jesus quem o busca por consider\u00e1-lo possuidor de for\u00e7as m\u00e1gicas de cura. S\u00f3 a f\u00e9 abre caminho para a vida que dele transborda. Portanto, uma f\u00e9 salv\u00edfica que supera o simples benef\u00edcio f\u00edsico e oferece ao ser humano muito mais que a vida material. F\u00e9 que o predisp\u00f5e para a vida eterna.<\/p>\n","protected":false},"excerpt":{"rendered":"<p>Ora\u00e7\u00e3o do dia \u00d3 Deus, que suscitastes s\u00e3o Jo\u00e3o Bosco para educar e pai dos adolescentes, fazei que, inflamados da mesma caridade, procuremos a salva\u00e7\u00e3o de nossos irm\u00e3os, colocando-nos inteiramente ao vosso servi\u00e7o&#8230;.<\/p>\n","protected":false},"author":2,"featured_media":19783,"comment_status":"open","ping_status":"open","sticky":false,"template":"","format":"standard","meta":[],"categories":[7],"tags":[],"_links":{"self":[{"href":"https:\/\/www.salvatorianas.org.br\/blog\/wp-json\/wp\/v2\/posts\/19782"}],"collection":[{"href":"https:\/\/www.salvatorianas.org.br\/blog\/wp-json\/wp\/v2\/posts"}],"about":[{"href":"https:\/\/www.salvatorianas.org.br\/blog\/wp-json\/wp\/v2\/types\/post"}],"author":[{"embeddable":true,"href":"https:\/\/www.salvatorianas.org.br\/blog\/wp-json\/wp\/v2\/users\/2"}],"replies":[{"embeddable":true,"href":"https:\/\/www.salvatorianas.org.br\/blog\/wp-json\/wp\/v2\/comments?post=19782"}],"version-history":[{"count":3,"href":"https:\/\/www.salvatorianas.org.br\/blog\/wp-json\/wp\/v2\/posts\/19782\/revisions"}],"predecessor-version":[{"id":19788,"href":"https:\/\/www.salvatorianas.org.br\/blog\/wp-json\/wp\/v2\/posts\/19782\/revisions\/19788"}],"wp:featuredmedia":[{"embeddable":true,"href":"https:\/\/www.salvatorianas.org.br\/blog\/wp-json\/wp\/v2\/media\/19783"}],"wp:attachment":[{"href":"https:\/\/www.salvatorianas.org.br\/blog\/wp-json\/wp\/v2\/media?parent=19782"}],"wp:term":[{"taxonomy":"category","embeddable":true,"href":"https:\/\/www.salvatorianas.org.br\/blog\/wp-json\/wp\/v2\/categories?post=19782"},{"taxonomy":"post_tag","embeddable":true,"href":"https:\/\/www.salvatorianas.org.br\/blog\/wp-json\/wp\/v2\/tags?post=19782"}],"curies":[{"name":"wp","href":"https:\/\/api.w.org\/{rel}","templated":true}]}}