{"id":19774,"date":"2023-01-27T13:54:54","date_gmt":"2023-01-27T13:54:54","guid":{"rendered":"https:\/\/www.salvatorianas.org.br\/blog\/?p=19774"},"modified":"2023-01-27T13:54:55","modified_gmt":"2023-01-27T13:54:55","slug":"comunicado-de-falecimento-39","status":"publish","type":"post","link":"https:\/\/www.salvatorianas.org.br\/blog\/comunicado-de-falecimento-39\/","title":{"rendered":"Comunicado de Falecimento"},"content":{"rendered":"\n<p>\u201cO Senhor \u00e9 minha luz e salva\u00e7\u00e3o, a quem temerei? O Senhor \u00e9 o protetor de minha vida, de quem terei medo.\u201d (Sl 27,1)<\/p>\n\n\n\n<p>Ir. Terezinha Dagnese, aos 85 anos de vida e 57 anos de Vida Consagrada Salvatoriana, recebe o \u00faltimo chamado de Deus para o encontro face a face com Ele.<\/p>\n\n\n\n<p>Comunicamos o seu falecimento ocorrido no dia 27 de janeiro de 2023 em Florian\u00f3polis\/SC. N\u00f3s, Im\u00e3s Salvatorianas e familiares compartilhamos esse momento de f\u00e9 e de entrega a Deus Salvador a vida dessa nossa querida coirm\u00e3.<\/p>\n\n\n\n<p>Seu sepultamento acontecer\u00e1 no dia 28 de janeiro de 2023 no cemit\u00e9rio Parque da Saudade, em Lages\/SC, \u00e0s 08 horas com celebra\u00e7\u00e3o e ap\u00f3s sepultamento.<\/p>\n\n\n\n<p>Ir. Terezinha! Gratid\u00e3o pela vida vivida e partilhada entre n\u00f3s e por tantos ensinamentos \u00e0 nossa vida salvatoriana. Pedimos para que Deus na sua miseric\u00f3rdia infinita a receba em sua gl\u00f3ria e que interceda por seus familiares, por todas n\u00f3s e pela humanidade que sofre.<\/p>\n\n\n\n<figure class=\"wp-block-image size-full\"><img decoding=\"async\" loading=\"lazy\" width=\"960\" height=\"960\" src=\"https:\/\/www.salvatorianas.org.br\/blog\/wp-content\/uploads\/2023\/01\/Terezinha-Dag.jpg\" alt=\"\" class=\"wp-image-19775\" srcset=\"https:\/\/www.salvatorianas.org.br\/blog\/wp-content\/uploads\/2023\/01\/Terezinha-Dag.jpg 960w, https:\/\/www.salvatorianas.org.br\/blog\/wp-content\/uploads\/2023\/01\/Terezinha-Dag-300x300.jpg 300w, https:\/\/www.salvatorianas.org.br\/blog\/wp-content\/uploads\/2023\/01\/Terezinha-Dag-150x150.jpg 150w, https:\/\/www.salvatorianas.org.br\/blog\/wp-content\/uploads\/2023\/01\/Terezinha-Dag-768x768.jpg 768w\" sizes=\"(max-width: 960px) 100vw, 960px\" \/><\/figure>\n","protected":false},"excerpt":{"rendered":"<p>\u201cO Senhor \u00e9 minha luz e salva\u00e7\u00e3o, a quem temerei? O Senhor \u00e9 o protetor de minha vida, de quem terei medo.\u201d (Sl 27,1) Ir. Terezinha Dagnese, aos 85 anos de vida e&#8230;<\/p>\n","protected":false},"author":2,"featured_media":0,"comment_status":"open","ping_status":"open","sticky":false,"template":"","format":"standard","meta":[],"categories":[1],"tags":[],"_links":{"self":[{"href":"https:\/\/www.salvatorianas.org.br\/blog\/wp-json\/wp\/v2\/posts\/19774"}],"collection":[{"href":"https:\/\/www.salvatorianas.org.br\/blog\/wp-json\/wp\/v2\/posts"}],"about":[{"href":"https:\/\/www.salvatorianas.org.br\/blog\/wp-json\/wp\/v2\/types\/post"}],"author":[{"embeddable":true,"href":"https:\/\/www.salvatorianas.org.br\/blog\/wp-json\/wp\/v2\/users\/2"}],"replies":[{"embeddable":true,"href":"https:\/\/www.salvatorianas.org.br\/blog\/wp-json\/wp\/v2\/comments?post=19774"}],"version-history":[{"count":1,"href":"https:\/\/www.salvatorianas.org.br\/blog\/wp-json\/wp\/v2\/posts\/19774\/revisions"}],"predecessor-version":[{"id":19776,"href":"https:\/\/www.salvatorianas.org.br\/blog\/wp-json\/wp\/v2\/posts\/19774\/revisions\/19776"}],"wp:attachment":[{"href":"https:\/\/www.salvatorianas.org.br\/blog\/wp-json\/wp\/v2\/media?parent=19774"}],"wp:term":[{"taxonomy":"category","embeddable":true,"href":"https:\/\/www.salvatorianas.org.br\/blog\/wp-json\/wp\/v2\/categories?post=19774"},{"taxonomy":"post_tag","embeddable":true,"href":"https:\/\/www.salvatorianas.org.br\/blog\/wp-json\/wp\/v2\/tags?post=19774"}],"curies":[{"name":"wp","href":"https:\/\/api.w.org\/{rel}","templated":true}]}}