{"id":19769,"date":"2023-01-26T10:10:50","date_gmt":"2023-01-26T10:10:50","guid":{"rendered":"https:\/\/www.salvatorianas.org.br\/blog\/?p=19769"},"modified":"2023-01-26T10:10:52","modified_gmt":"2023-01-26T10:10:52","slug":"sao-timoteo-e-sao-tito-bispos-memoria-quinta-feira","status":"publish","type":"post","link":"https:\/\/www.salvatorianas.org.br\/blog\/sao-timoteo-e-sao-tito-bispos-memoria-quinta-feira\/","title":{"rendered":"S\u00e3o Tim\u00f3teo e S\u00e3o Tito, bispos &#8211; Mem\u00f3ria | Quinta-feira"},"content":{"rendered":"\n<h3 class=\"wp-block-heading\">Ora\u00e7\u00e3o do dia<\/h3>\n\n\n\n<p>\u00d3 Deus, que ornastes s\u00e3o Tim\u00f3teo e s\u00e3o Tito com as virtudes dos ap\u00f3stolos, concedei-nos, pela intercess\u00e3o de ambos, viver neste mundo com piedade e justi\u00e7a, para chegar ao c\u00e9u, nossa p\u00e1tria. Por Nosso Senhor Jesus Cristo, Vosso Filho, na unidade do Esp\u00edrito Santo.<\/p>\n\n\n\n<h3 class=\"wp-block-heading\">Leitura &#8211;&nbsp;2 Tim\u00f3teo 1,1-8<\/h3>\n\n\n\n<p>Leitura da segunda carta de s\u00e3o Paulo a Tim\u00f3teo.<\/p>\n\n\n\n<p>1 1 Paulo, ap\u00f3stolo de Jesus Cristo pela vontade de Deus para anunciar a promessa da vida que est\u00e1 em Jesus Cristo,<\/p>\n\n\n\n<p>2 a Tim\u00f3teo, filho car\u00edssimo: gra\u00e7a, miseric\u00f3rdia, paz, da parte de Deus Pai e de Jesus Cristo, nosso Senhor!<\/p>\n\n\n\n<p>3 Dou gra\u00e7as a Deus, a quem sirvo com pureza de consci\u00eancia, tal como aprendi de meus pais, e me lembro de ti sem cessar nas minhas ora\u00e7\u00f5es, de noite e de dia.<\/p>\n\n\n\n<p>4 Quando me v\u00eam ao pensamento as tuas l\u00e1grimas, sinto grande desejo de te ver para me encher de alegria.<\/p>\n\n\n\n<p>5 Conservo a lembran\u00e7a daquela tua f\u00e9 t\u00e3o sincera, que foi primeiro a de tua av\u00f3 L\u00f3ide e de tua m\u00e3e Eunice e que, n\u00e3o tenho a menor d\u00favida, habita em ti tamb\u00e9m.<\/p>\n\n\n\n<p>6 Por esse motivo, eu te exorto a reavivar a chama do dom de Deus que recebeste pela imposi\u00e7\u00e3o das minhas m\u00e3os.<\/p>\n\n\n\n<p>7 Pois Deus n\u00e3o nos deu um esp\u00edrito de timidez, mas de fortaleza, de amor e de sabedoria.<\/p>\n\n\n\n<p>8 N\u00e3o te envergonhes, portanto, do testemunho de nosso Senhor, nem de mim, seu prisioneiro, mas sofre comigo pelo Evangelho, fortificado pelo poder de Deus.<\/p>\n\n\n\n<p>Palavra do Senhor.<\/p>\n\n\n\n<h3 class=\"wp-block-heading\">Salmo Responsorial &#8211;&nbsp;95\/96<\/h3>\n\n\n\n<p><strong>Anunciai entre as na\u00e7\u00f5es os grandes feitos do Senhor!<\/strong><\/p>\n\n\n\n<p>Cantai ao Senhor Deus um canto novo,<\/p>\n\n\n\n<p>cantai ao Senhor Deus, \u00f3 terra inteira!<\/p>\n\n\n\n<p>Cantai e bendizei seu santo nome!<\/p>\n\n\n\n<p>Dia ap\u00f3s dia anunciai sua salva\u00e7\u00e3o,<\/p>\n\n\n\n<p>manifestai a sua gl\u00f3ria entre as na\u00e7\u00f5es<\/p>\n\n\n\n<p>e, entre os povos do universo, seus prod\u00edgios!<\/p>\n\n\n\n<p>\u00d3 fam\u00edlia das na\u00e7\u00f5es, dai ao Senhor,<\/p>\n\n\n\n<p>na\u00e7\u00f5es, dai ao Senhor poder e gl\u00f3ria,<\/p>\n\n\n\n<p>dai-lhe a gl\u00f3ria que \u00e9 devida ao seu nome!<\/p>\n\n\n\n<p>Publicai entre as na\u00e7\u00f5es: \u201cReina o Senhor!\u201d<\/p>\n\n\n\n<p>ele firmou o universo inabal\u00e1vel,<\/p>\n\n\n\n<p>e os povos ele julga com justi\u00e7a.<\/p>\n\n\n\n<h3 class=\"wp-block-heading\">Leitura &#8211;<\/h3>\n\n\n\n<h3 class=\"wp-block-heading\">Evangelho &#8211;&nbsp;Lucas 10,1-9<\/h3>\n\n\n\n<p>Aleluia, aleluia, aleluia.<\/p>\n\n\n\n<p>O Esp\u00edrito do Senhor repousa sobre mim e enviou-me a anunciar aos pobres o Evangelho (Lc 4,18).<\/p>\n\n\n\n<p>Proclama\u00e7\u00e3o do Evangelho de Jesus Cristo segundo Lucas.<\/p>\n\n\n\n<p>10 1 Depois disso, designou o Senhor ainda setenta e dois outros disc\u00edpulos e mandou-os, dois a dois, adiante de si, por todas as cidades e lugares para onde ele tinha de ir.<\/p>\n\n\n\n<p>2 Disse-lhes: \u201cGrande \u00e9 a messe, mas poucos s\u00e3o os oper\u00e1rios. Rogai ao Senhor da messe que mande oper\u00e1rios para a sua messe.<\/p>\n\n\n\n<p>3 Ide; eis que vos envio como cordeiros entre lobos.<\/p>\n\n\n\n<p>4 N\u00e3o leveis bolsa nem mochila, nem cal\u00e7ado e a ningu\u00e9m saudeis pelo caminho.<\/p>\n\n\n\n<p>5 Em toda casa em que entrardes, dizei primeiro: \u2018Paz a esta casa!\u2019<\/p>\n\n\n\n<p>6 Se ali houver algum homem pac\u00edfico, repousar\u00e1 sobre ele a vossa paz; mas, se n\u00e3o houver, ela tornar\u00e1 para v\u00f3s.<\/p>\n\n\n\n<p>7 Permanecei na mesma casa, comei e bebei do que eles tiverem, pois o oper\u00e1rio \u00e9 digno do seu sal\u00e1rio. N\u00e3o andeis de casa em casa.<\/p>\n\n\n\n<p>8 Em qualquer cidade em que entrardes e vos receberem, comei o que se vos servir.<\/p>\n\n\n\n<p>9 Curai os enfermos que nela houver e dizei-lhes: \u2018O Reino de Deus est\u00e1 pr\u00f3ximo\u2019\u201d.<\/p>\n\n\n\n<p>Palavra da Salva\u00e7\u00e3o.<\/p>\n\n\n\n<h3 class=\"wp-block-heading\">Coment\u00e1rio ao Evangelho<\/h3>\n\n\n\n<p>A NECESSIDADE DE OPER\u00c1RIOS<\/p>\n\n\n\n<p>Confrontando-se com a grandiosidade da miss\u00e3o, Jesus reconhece a necessidade de contar com colaboradores, para poder lev\u00e1-la adiante, a contento. Depois de ter enviado os doze ap\u00f3stolos, o Mestre enviou, tamb\u00e9m, outros setenta e dois disc\u00edpulos, com a tarefa de preparar as cidades e povoados para a sua passagem, ou seja, predisp\u00f4-los para acolher a sua mensagem.<\/p>\n\n\n\n<p>Os disc\u00edpulos s\u00e3o orientados a suplicar ao Pai &#8211; Senhor da messe &#8211; para enviar muitas outras pessoas, dispostas a assumirem a miss\u00e3o evangelizadora. \u00c9 ele quem tem a iniciativa da voca\u00e7\u00e3o e da miss\u00e3o. Devem evitar qualquer pretens\u00e3o humana de querer arrogar-se tais dons. Todos dependem de quem os chamou e enviou.<\/p>\n\n\n\n<p>Que tipo de oper\u00e1rio requer-se para o servi\u00e7o do Reino? \u00c9 preciso que seja uma pessoa cheia de coragem, predisposta a viver na pobreza, capaz de adaptar-se a qualquer tipo de acolhida que lhe for oferecida, disposta a partilhar a vida de quem a acolhe, totalmente dispon\u00edvel para o servi\u00e7o aos doentes e marginalizados, pronta a viver a experi\u00eancia do fracasso, com otimismo, sem deixar-se abater.<\/p>\n\n\n\n<p>Quem tem estas disposi\u00e7\u00f5es internas, deve estar atento. Pode ser que o Senhor queira envi\u00e1-lo para trabalhar na sua messe. Por que n\u00e3o dizer um sim corajoso e generoso?<\/p>\n","protected":false},"excerpt":{"rendered":"<p>Ora\u00e7\u00e3o do dia \u00d3 Deus, que ornastes s\u00e3o Tim\u00f3teo e s\u00e3o Tito com as virtudes dos ap\u00f3stolos, concedei-nos, pela intercess\u00e3o de ambos, viver neste mundo com piedade e justi\u00e7a, para chegar ao c\u00e9u,&#8230;<\/p>\n","protected":false},"author":2,"featured_media":19770,"comment_status":"open","ping_status":"open","sticky":false,"template":"","format":"standard","meta":[],"categories":[7],"tags":[],"_links":{"self":[{"href":"https:\/\/www.salvatorianas.org.br\/blog\/wp-json\/wp\/v2\/posts\/19769"}],"collection":[{"href":"https:\/\/www.salvatorianas.org.br\/blog\/wp-json\/wp\/v2\/posts"}],"about":[{"href":"https:\/\/www.salvatorianas.org.br\/blog\/wp-json\/wp\/v2\/types\/post"}],"author":[{"embeddable":true,"href":"https:\/\/www.salvatorianas.org.br\/blog\/wp-json\/wp\/v2\/users\/2"}],"replies":[{"embeddable":true,"href":"https:\/\/www.salvatorianas.org.br\/blog\/wp-json\/wp\/v2\/comments?post=19769"}],"version-history":[{"count":1,"href":"https:\/\/www.salvatorianas.org.br\/blog\/wp-json\/wp\/v2\/posts\/19769\/revisions"}],"predecessor-version":[{"id":19771,"href":"https:\/\/www.salvatorianas.org.br\/blog\/wp-json\/wp\/v2\/posts\/19769\/revisions\/19771"}],"wp:featuredmedia":[{"embeddable":true,"href":"https:\/\/www.salvatorianas.org.br\/blog\/wp-json\/wp\/v2\/media\/19770"}],"wp:attachment":[{"href":"https:\/\/www.salvatorianas.org.br\/blog\/wp-json\/wp\/v2\/media?parent=19769"}],"wp:term":[{"taxonomy":"category","embeddable":true,"href":"https:\/\/www.salvatorianas.org.br\/blog\/wp-json\/wp\/v2\/categories?post=19769"},{"taxonomy":"post_tag","embeddable":true,"href":"https:\/\/www.salvatorianas.org.br\/blog\/wp-json\/wp\/v2\/tags?post=19769"}],"curies":[{"name":"wp","href":"https:\/\/api.w.org\/{rel}","templated":true}]}}