{"id":19765,"date":"2023-01-25T10:23:34","date_gmt":"2023-01-25T10:23:34","guid":{"rendered":"https:\/\/www.salvatorianas.org.br\/blog\/?p=19765"},"modified":"2023-01-25T10:23:35","modified_gmt":"2023-01-25T10:23:35","slug":"conversao-de-sao-paulo-apostolo-festa-quarta-feira","status":"publish","type":"post","link":"https:\/\/www.salvatorianas.org.br\/blog\/conversao-de-sao-paulo-apostolo-festa-quarta-feira\/","title":{"rendered":"Convers\u00e3o de S\u00e3o Paulo, Ap\u00f3stolo &#8211; Festa | Quarta-feira"},"content":{"rendered":"\n<h3 class=\"wp-block-heading\">Ora\u00e7\u00e3o do dia<\/h3>\n\n\n\n<p>\u00d3 Deus, que instru\u00edstes o mundo inteiro pela prega\u00e7\u00e3o do ap\u00f3stolo s\u00e3o Paulo, dai-nos, ao celebrar hoje a sua convers\u00e3o, caminhar para v\u00f3s seguindo seus exemplos e ser, no mundo, testemunhas do Evangelho. Por Nosso Senhor Jesus Cristo, Vosso Filho, na unidade do Esp\u00edrito Santo.<\/p>\n\n\n\n<h3 class=\"wp-block-heading\">Leitura &#8211;&nbsp;Atos 22,3-16<\/h3>\n\n\n\n<p>Leitura dos Atos dos Ap\u00f3stolos.<\/p>\n\n\n\n<p>22 3 Continuou ele: \u201cEu sou judeu, nasci em Tarso da Cil\u00edcia, mas criei-me nesta cidade, instru\u00ed-me aos p\u00e9s de Gamaliel, em toda a observ\u00e2ncia da lei de nossos pais, partid\u00e1rio entusiasta da causa de Deus como todos v\u00f3s tamb\u00e9m o sois no dia de hoje.<\/p>\n\n\n\n<p>4 Eu persegui de morte essa doutrina, prendendo e metendo em c\u00e1rceres homens e mulheres.<\/p>\n\n\n\n<p>5 O sumo sacerdote e todo o conselho dos anci\u00e3os me s\u00e3o testemunhas. E foi deles que tamb\u00e9m recebi cartas para os irm\u00e3os de Damasco, para onde me dirigi, com o fim de prender os que l\u00e1 se achassem e traz\u00ea-los a Jerusal\u00e9m, para que fossem castigados.<\/p>\n\n\n\n<p>6 Ora, estando eu a caminho, e aproximando-me de Damasco, pelo meio-dia, de repente me cercou uma forte luz do c\u00e9u.<\/p>\n\n\n\n<p>7 Ca\u00ed por terra e ouvi uma voz que me dizia: \u2018Saulo, Saulo, por que me persegues?\u2019<\/p>\n\n\n\n<p>8 Eu repliquei: \u2018Quem \u00e9s tu, Senhor?\u2019 A voz me disse: \u2018Eu sou Jesus de Nazar\u00e9, a quem tu persegues\u2019.<\/p>\n\n\n\n<p>9 Os meus companheiros viram a luz, mas n\u00e3o ouviram a voz de quem falava.<\/p>\n\n\n\n<p>10 Ent\u00e3o eu disse: \u2018Senhor, que devo fazer?\u2019 E o Senhor me respondeu: \u2018Levanta-te, vai a Damasco e l\u00e1 te ser\u00e1 dito tudo o que deves fazer\u2019.<\/p>\n\n\n\n<p>11 Como eu n\u00e3o pudesse ver por causa da intensidade daquela luz, guiado pela m\u00e3o dos meus companheiros, cheguei a Damasco.<\/p>\n\n\n\n<p>12 Um certo Ananias, homem piedoso e observador da lei, muito bem conceituado entre todos os judeus daquela cidade,<\/p>\n\n\n\n<p>13 veio ter comigo e disse-me: \u2018Irm\u00e3o Saulo, recobra a tua vista. Naquela mesma hora pude enxerg\u00e1-lo\u2019.<\/p>\n\n\n\n<p>14 Continuou ele: \u2018O Deus de nossos pais te predestinou para que conhecesses a sua vontade, visses o Justo e ouvisses a palavra da sua boca,<\/p>\n\n\n\n<p>15 pois lhe ser\u00e1s, diante de todos os homens, testemunha das coisas que tens visto e ouvido.<\/p>\n\n\n\n<p>16 E agora, por que tardas? Levanta-te. Recebe o batismo e purifica-te dos teus pecados, invocando o seu nome\u2019.<\/p>\n\n\n\n<p>Palavra do Senhor.<\/p>\n\n\n\n<h3 class=\"wp-block-heading\">Salmo Responsorial &#8211;&nbsp;116\/117<\/h3>\n\n\n\n<p><strong>Ide por todo o mundo, a todos pregai o Evangelho.<\/strong><\/p>\n\n\n\n<p>Cantai louvores ao Senhor, todas as gentes,<\/p>\n\n\n\n<p>povos todos, festejai-o!<\/p>\n\n\n\n<p>Pois comprovado \u00e9 seu amor para convosco,<\/p>\n\n\n\n<p>para sempre ele e fiel!<\/p>\n\n\n\n<h3 class=\"wp-block-heading\">Leitura &#8211;<\/h3>\n\n\n\n<h3 class=\"wp-block-heading\">Evangelho &#8211;&nbsp;Marcos 16,15-18<\/h3>\n\n\n\n<p>Aleluia, aleluia, aleluia.<\/p>\n\n\n\n<p>Eu vos designei para que vades e deis frutos e o vosso fruto permane\u00e7a, assim disse o Senhor (Jo 15,16).<\/p>\n\n\n\n<p>Proclama\u00e7\u00e3o do Evangelho de Jesus Cristo segundo Marcos.<\/p>\n\n\n\n<p>16 15 Disse Jesus aos seus disc\u00edpulos: Ide por todo o mundo e pregai o Evangelho a toda criatura.<\/p>\n\n\n\n<p>16 Quem crer e for batizado ser\u00e1 salvo, mas quem n\u00e3o crer ser\u00e1 condenado.<\/p>\n\n\n\n<p>17 Estes milagres acompanhar\u00e3o os que crerem: expulsar\u00e3o os dem\u00f4nios em meu nome, falar\u00e3o novas l\u00ednguas,<\/p>\n\n\n\n<p>18 manusear\u00e3o serpentes e, se beberem algum veneno mortal, n\u00e3o lhes far\u00e1 mal; impor\u00e3o as m\u00e3os aos enfermos e eles ficar\u00e3o curados.<\/p>\n\n\n\n<p>Palavra da Salva\u00e7\u00e3o.<\/p>\n\n\n\n<h3 class=\"wp-block-heading\">Coment\u00e1rio ao Evangelho<\/h3>\n\n\n\n<p>IDE PREGAR O EVANGELHO<\/p>\n\n\n\n<p>A ascens\u00e3o de Jesus foi um marco importante na vida da primitiva comunidade crist\u00e3. Ap\u00f3s longo processo de forma\u00e7\u00e3o, os disc\u00edpulos tinham diante de si a miss\u00e3o de evangelizar o mundo inteiro, n\u00e3o contando mais com a presen\u00e7a f\u00edsica do Mestre.<\/p>\n\n\n\n<p>Desde que convocou os primeiros disc\u00edpulos para segui-lo at\u00e9 o momento de sua subida para junto do Pai, Jesus n\u00e3o descurou a tarefa de preparar o pequeno grupo de seguidores para o servi\u00e7o da evangeliza\u00e7\u00e3o. As longas caminhadas permitiram-lhe ir explicitando para eles a mensagem evang\u00e9lica. Os discursos dirigidos \u00e0s multid\u00f5es e os debates com seus advers\u00e1rios foram, tamb\u00e9m, ocasi\u00f5es prop\u00edcias para tornar conhecido seu pensamento. N\u00e3o bastava, por\u00e9m, a forma\u00e7\u00e3o intelectual. Era preciso uma prepara\u00e7\u00e3o em n\u00edvel existencial. Isso se deu mediante o exemplo de vida do Mestre. Seu modo de tratar as pessoas, especialmente os pecadores e marginalizados, seu relacionamento \u00edntimo com o Pai, sua liberdade diante da Lei, sua a\u00e7\u00e3o en\u00e9rgica contra toda sorte de injusti\u00e7a e explora\u00e7\u00e3o da boa-f\u00e9 do povo serviam de alerta para os disc\u00edpulos, em vista da atitude que deveriam tomar, no exerc\u00edcio da miss\u00e3o.<\/p>\n\n\n\n<p>Com a volta de Jesus para junto do Pai e a conclus\u00e3o de sua miss\u00e3o terrena, chegou a hora de os disc\u00edpulos assumirem sua tarefa. Doravante, Jesus passaria a agir por meio deles.<\/p>\n","protected":false},"excerpt":{"rendered":"<p>Ora\u00e7\u00e3o do dia \u00d3 Deus, que instru\u00edstes o mundo inteiro pela prega\u00e7\u00e3o do ap\u00f3stolo s\u00e3o Paulo, dai-nos, ao celebrar hoje a sua convers\u00e3o, caminhar para v\u00f3s seguindo seus exemplos e ser, no mundo,&#8230;<\/p>\n","protected":false},"author":2,"featured_media":19766,"comment_status":"open","ping_status":"open","sticky":false,"template":"","format":"standard","meta":[],"categories":[7],"tags":[],"_links":{"self":[{"href":"https:\/\/www.salvatorianas.org.br\/blog\/wp-json\/wp\/v2\/posts\/19765"}],"collection":[{"href":"https:\/\/www.salvatorianas.org.br\/blog\/wp-json\/wp\/v2\/posts"}],"about":[{"href":"https:\/\/www.salvatorianas.org.br\/blog\/wp-json\/wp\/v2\/types\/post"}],"author":[{"embeddable":true,"href":"https:\/\/www.salvatorianas.org.br\/blog\/wp-json\/wp\/v2\/users\/2"}],"replies":[{"embeddable":true,"href":"https:\/\/www.salvatorianas.org.br\/blog\/wp-json\/wp\/v2\/comments?post=19765"}],"version-history":[{"count":1,"href":"https:\/\/www.salvatorianas.org.br\/blog\/wp-json\/wp\/v2\/posts\/19765\/revisions"}],"predecessor-version":[{"id":19767,"href":"https:\/\/www.salvatorianas.org.br\/blog\/wp-json\/wp\/v2\/posts\/19765\/revisions\/19767"}],"wp:featuredmedia":[{"embeddable":true,"href":"https:\/\/www.salvatorianas.org.br\/blog\/wp-json\/wp\/v2\/media\/19766"}],"wp:attachment":[{"href":"https:\/\/www.salvatorianas.org.br\/blog\/wp-json\/wp\/v2\/media?parent=19765"}],"wp:term":[{"taxonomy":"category","embeddable":true,"href":"https:\/\/www.salvatorianas.org.br\/blog\/wp-json\/wp\/v2\/categories?post=19765"},{"taxonomy":"post_tag","embeddable":true,"href":"https:\/\/www.salvatorianas.org.br\/blog\/wp-json\/wp\/v2\/tags?post=19765"}],"curies":[{"name":"wp","href":"https:\/\/api.w.org\/{rel}","templated":true}]}}