{"id":19762,"date":"2023-01-24T11:07:28","date_gmt":"2023-01-24T11:07:28","guid":{"rendered":"https:\/\/www.salvatorianas.org.br\/blog\/?p=19762"},"modified":"2023-01-24T11:07:28","modified_gmt":"2023-01-24T11:07:28","slug":"sao-francisco-de-sales-bispo-e-doutor-da-igreja-memoria-terca-feira","status":"publish","type":"post","link":"https:\/\/www.salvatorianas.org.br\/blog\/sao-francisco-de-sales-bispo-e-doutor-da-igreja-memoria-terca-feira\/","title":{"rendered":"S\u00e3o Francisco de Sales, bispo e doutor da Igreja &#8211; Mem\u00f3ria | Ter\u00e7a-feira"},"content":{"rendered":"\n<h3 class=\"wp-block-heading\">Ora\u00e7\u00e3o do dia<\/h3>\n\n\n\n<p>\u00d3 Deus, para a salva\u00e7\u00e3o da humanidade, quisestes que s\u00e3o Francisco de Sales se fizesse tudo para todos; concedei que, a seu exemplo, manifestemos sempre a mansid\u00e3o do vosso amor no servi\u00e7o a nossos irm\u00e3os. Por Nosso Senhor Jesus Cristo, Vosso Filho, na unidade do Esp\u00edrito Santo.<\/p>\n\n\n\n<h3 class=\"wp-block-heading\">Leitura &#8211;&nbsp;Hebreus 10,1-10<\/h3>\n\n\n\n<p>Leitura da carta aos Hebreus.<\/p>\n\n\n\n<p>10 1 A lei, por ser apenas a sombra dos bens futuros, n\u00e3o sua express\u00e3o real, \u00e9 de todo impotente para aperfei\u00e7oar aqueles que assistem aos sacrif\u00edcios que se renovam indefinidamente cada ano.<\/p>\n\n\n\n<p>2 Realmente, se os fi\u00e9is, uma vez purificados, n\u00e3o tivessem mais pecado algum na consci\u00eancia, n\u00e3o teriam cessado de oferec\u00ea-los?<\/p>\n\n\n\n<p>3 Pelo contr\u00e1rio, pelos sacrif\u00edcios se renova cada ano a mem\u00f3ria dos pecados.<\/p>\n\n\n\n<p>4 Pois \u00e9 imposs\u00edvel que o sangue de touros e de carneiros tire pecados.<\/p>\n\n\n\n<p>5 Eis por que, ao entrar no mundo, Cristo diz: \u201cN\u00e3o quiseste sacrif\u00edcio nem obla\u00e7\u00e3o, mas me formaste um corpo.<\/p>\n\n\n\n<p>6 Holocaustos e sacrif\u00edcios pelo pecado n\u00e3o te agradam.<\/p>\n\n\n\n<p>7 Ent\u00e3o eu disse: Eis que venho (porque \u00e9 de mim que est\u00e1 escrito no rolo do livro), venho, \u00f3 Deus, para fazer a tua vontade\u201d.<\/p>\n\n\n\n<p>8 Disse primeiro: \u201cTu n\u00e3o quiseste, tu n\u00e3o recebeste com agrado os sacrif\u00edcios nem as ofertas, nem os holocaustos, nem as v\u00edtimas pelo pecado (quer dizer, as imola\u00e7\u00f5es legais)\u201d.<\/p>\n\n\n\n<p>9 Em seguida, ajuntou: \u201cEis que venho para fazer a tua vontade\u201d. Assim, aboliu o antigo regime e estabeleceu uma nova economia.<\/p>\n\n\n\n<p>10 Foi em virtude desta vontade de Deus que temos sido santificados uma vez para sempre, pela obla\u00e7\u00e3o do corpo de Jesus Cristo.<\/p>\n\n\n\n<p>Palavra do Senhor.<\/p>\n\n\n\n<h3 class=\"wp-block-heading\">Salmo Responsorial &#8211;&nbsp;39\/40<\/h3>\n\n\n\n<p><strong>Eis que venho fazer, com prazer,<\/strong><\/p>\n\n\n\n<p><strong>a vossa vontade, Senhor!<\/strong><\/p>\n\n\n\n<p>Esperando, esperei no Senhor,<\/p>\n\n\n\n<p>E, inclinando-se, ouviu meu clamor.<\/p>\n\n\n\n<p>Canto novo ele p\u00f4s em meus l\u00e1bios,<\/p>\n\n\n\n<p>Um poema em louvor ao Senhor.<\/p>\n\n\n\n<p>Sacrif\u00edcio e obla\u00e7\u00e3o n\u00e3o quisestes,<\/p>\n\n\n\n<p>Mas abristes, Senhor, meus ouvidos;<\/p>\n\n\n\n<p>N\u00e3o pedistes ofertas nem v\u00edtima,<\/p>\n\n\n\n<p>Holocaustos por nossos pecados.<\/p>\n\n\n\n<p>E ent\u00e3o eu vos disse: \u201cEis que venho!\u201d<\/p>\n\n\n\n<p>Boas novas de vossa justi\u00e7a<\/p>\n\n\n\n<p>Anunciei numa grande assembleia;<\/p>\n\n\n\n<p>V\u00f3s sabeis: n\u00e3o fechei os meus l\u00e1bios!<\/p>\n\n\n\n<p>Proclamei toda a vossa justi\u00e7a,<\/p>\n\n\n\n<p>Sem ret\u00ea-la no meu cora\u00e7\u00e3o;<\/p>\n\n\n\n<p>Vosso aux\u00edlio e lealdade narrei.<\/p>\n\n\n\n<p>N\u00e3o calei vossa gra\u00e7a e verdade<\/p>\n\n\n\n<p>Na presen\u00e7a da grande assembleia.<\/p>\n\n\n\n<h3 class=\"wp-block-heading\">Leitura &#8211;<\/h3>\n\n\n\n<h3 class=\"wp-block-heading\">Evangelho &#8211;&nbsp;Marcos 3,31-35<\/h3>\n\n\n\n<p>Aleluia, aleluia, aleluia.<\/p>\n\n\n\n<p>Gra\u00e7as te dou, \u00f3 Pai, Senhor do c\u00e9u e da terra, pois revelaste os mist\u00e9rios do r\u00e9u reino aos pequeninos, escondendo-os aos doutores! (Mt 11,25)<\/p>\n\n\n\n<p>Proclama\u00e7\u00e3o do Evangelho de Jesus Cristo segundo Marcos.<\/p>\n\n\n\n<p>3 31 Chegaram a m\u00e3e e os irm\u00e3os de Jesus e, estando do lado de fora, mandaram cham\u00e1-lo.<\/p>\n\n\n\n<p>32 Ora, a multid\u00e3o estava sentada ao redor dele; e disseram-lhe: &#8220;Tua m\u00e3e e teus irm\u00e3os est\u00e3o a\u00ed fora e te procuram.&#8221;<\/p>\n\n\n\n<p>33 Ele respondeu-lhes: &#8220;Quem \u00e9 minha m\u00e3e e quem s\u00e3o meus irm\u00e3os?&#8221;<\/p>\n\n\n\n<p>34 E, correndo o olhar sobre a multid\u00e3o, que estava sentada ao redor dele, disse: &#8220;Eis aqui minha m\u00e3e e meus irm\u00e3os.<\/p>\n\n\n\n<p>35 Aquele que faz a vontade de Deus, esse \u00e9 meu irm\u00e3o, minha irm\u00e3 e minha m\u00e3e.&#8221;<\/p>\n\n\n\n<p>Palavra da Salva\u00e7\u00e3o.<\/p>\n\n\n\n<h3 class=\"wp-block-heading\">Coment\u00e1rio ao Evangelho<\/h3>\n\n\n\n<p>PROCURA IN\u00daTIL?<\/p>\n\n\n\n<p>A procura de Jesus, por parte de sua m\u00e3e e irm\u00e3os, \u00e0 primeira vista parece ter sido inconveniente e in\u00fatil. Inconveniente, por ter acontecido numa hora em que o Mestre estava rodeado por muita gente. Afastar-se, naquele momento, significava interromper o ensinamento dirigido ao povo. In\u00fatil, porque, para ele, os la\u00e7os de sangue tinham pouca import\u00e2ncia. Logo, n\u00e3o havia motivo para dar-lhes um tratamento especial.<\/p>\n\n\n\n<p>Entretanto, as coisas n\u00e3o foram bem assim. A chegada da m\u00e3e e dos irm\u00e3os de Jesus serviu-lhe de motivo para dar um ensinamento de extrema import\u00e2ncia: o relacionamento entre os disc\u00edpulos do Reino teria como ponto de refer\u00eancia a pr\u00e1tica da vontade do Pai. Esta seria a maneira pela qual deveria articular-se o novo povo de Deus, para al\u00e9m de parentescos sangu\u00edneos ou da perten\u00e7a a este ou aquele povo. Doravante, a submiss\u00e3o \u00e0 vontade do Pai, explicitada nas palavras do Filho, seria a forma de vincular-se ao Reino.<\/p>\n\n\n\n<p>\u00c9 incorreto interpretar as palavras de Jesus como uma forma de desprezo aos seus familiares. Se assim fosse, estaria indo na contram\u00e3o da mais elementar piedade b\u00edblica, a qual inclu\u00eda o respeito aos genitores como algo quase sagrado, e da cultura judaica, fortemente alicer\u00e7ada nas rela\u00e7\u00f5es familiares.<\/p>\n\n\n\n<p>Portanto, a procura de sua m\u00e3e e de seus irm\u00e3os foi de grande utilidade para Jesus, pois motivou-o a ensinar que os la\u00e7os sangu\u00edneos devem estar submetidos a algo muito mais radical e abrangente: a fidelidade a Deus.<\/p>\n","protected":false},"excerpt":{"rendered":"<p>Ora\u00e7\u00e3o do dia \u00d3 Deus, para a salva\u00e7\u00e3o da humanidade, quisestes que s\u00e3o Francisco de Sales se fizesse tudo para todos; concedei que, a seu exemplo, manifestemos sempre a mansid\u00e3o do vosso amor&#8230;<\/p>\n","protected":false},"author":2,"featured_media":19763,"comment_status":"open","ping_status":"open","sticky":false,"template":"","format":"standard","meta":[],"categories":[7],"tags":[],"_links":{"self":[{"href":"https:\/\/www.salvatorianas.org.br\/blog\/wp-json\/wp\/v2\/posts\/19762"}],"collection":[{"href":"https:\/\/www.salvatorianas.org.br\/blog\/wp-json\/wp\/v2\/posts"}],"about":[{"href":"https:\/\/www.salvatorianas.org.br\/blog\/wp-json\/wp\/v2\/types\/post"}],"author":[{"embeddable":true,"href":"https:\/\/www.salvatorianas.org.br\/blog\/wp-json\/wp\/v2\/users\/2"}],"replies":[{"embeddable":true,"href":"https:\/\/www.salvatorianas.org.br\/blog\/wp-json\/wp\/v2\/comments?post=19762"}],"version-history":[{"count":1,"href":"https:\/\/www.salvatorianas.org.br\/blog\/wp-json\/wp\/v2\/posts\/19762\/revisions"}],"predecessor-version":[{"id":19764,"href":"https:\/\/www.salvatorianas.org.br\/blog\/wp-json\/wp\/v2\/posts\/19762\/revisions\/19764"}],"wp:featuredmedia":[{"embeddable":true,"href":"https:\/\/www.salvatorianas.org.br\/blog\/wp-json\/wp\/v2\/media\/19763"}],"wp:attachment":[{"href":"https:\/\/www.salvatorianas.org.br\/blog\/wp-json\/wp\/v2\/media?parent=19762"}],"wp:term":[{"taxonomy":"category","embeddable":true,"href":"https:\/\/www.salvatorianas.org.br\/blog\/wp-json\/wp\/v2\/categories?post=19762"},{"taxonomy":"post_tag","embeddable":true,"href":"https:\/\/www.salvatorianas.org.br\/blog\/wp-json\/wp\/v2\/tags?post=19762"}],"curies":[{"name":"wp","href":"https:\/\/api.w.org\/{rel}","templated":true}]}}