{"id":19760,"date":"2023-01-23T01:00:00","date_gmt":"2023-01-23T01:00:00","guid":{"rendered":"https:\/\/www.salvatorianas.org.br\/blog\/?p=19760"},"modified":"2023-01-22T14:11:21","modified_gmt":"2023-01-22T14:11:21","slug":"3a-semana-do-tempo-comum-segunda-feira-2","status":"publish","type":"post","link":"https:\/\/www.salvatorianas.org.br\/blog\/3a-semana-do-tempo-comum-segunda-feira-2\/","title":{"rendered":"3\u00aa Semana do Tempo Comum | Segunda-feira"},"content":{"rendered":"\n<h3 class=\"wp-block-heading\">Ora\u00e7\u00e3o do dia<\/h3>\n\n\n\n<p>Deus eterno e todo-poderoso, dirigi a nossa vida segundo o vosso amor, para que possamos, em nome do vosso Filho, frutificar em boas obras. Por Nosso Senhor Jesus Cristo, Vosso Filho, na unidade do Esp\u00edrito Santo.<\/p>\n\n\n\n<h3 class=\"wp-block-heading\">Leitura &#8211;&nbsp;Hebreus 9,15.24-28<\/h3>\n\n\n\n<p>Leitura da carta aos Hebreus.<\/p>\n\n\n\n<p>Irm\u00e3os, 9 15 por isso Cristo \u00e9 mediador do novo testamento. Pela sua morte expiou os pecados cometidos no decorrer do primeiro testamento, para que os eleitos recebam a heran\u00e7a eterna que lhes foi prometida.<\/p>\n\n\n\n<p>24 Eis por que Cristo entrou, n\u00e3o em santu\u00e1rio feito por m\u00e3os de homens, que fosse apenas figura do santu\u00e1rio verdadeiro, mas no pr\u00f3prio c\u00e9u, para agora se apresentar intercessor nosso ante a face de Deus. 25 E n\u00e3o entrou para se oferecer muitas vezes a si mesmo, como o pont\u00edfice que entrava todos os anos no santu\u00e1rio para oferecer sangue alheio. 26 Do contr\u00e1rio, lhe seria necess\u00e1rio padecer muitas vezes desde o princ\u00edpio do mundo; quando \u00e9 certo que apareceu uma s\u00f3 vez ao final dos tempos para destrui\u00e7\u00e3o do pecado pelo sacrif\u00edcio de si mesmo. 27 Como est\u00e1 determinado que os homens morram uma s\u00f3 vez, e logo em seguida vem o ju\u00edzo, 28 assim Cristo se ofereceu uma s\u00f3 vez para tomar sobre si os pecados da multid\u00e3o, e aparecer\u00e1 uma segunda vez, n\u00e3o por\u00e9m em raz\u00e3o do pecado, mas para trazer a salva\u00e7\u00e3o \u00e0queles que o esperam.<\/p>\n\n\n\n<p>Palavra do Senhor.<\/p>\n\n\n\n<h3 class=\"wp-block-heading\">Salmo Responsorial &#8211;&nbsp;97\/98<\/h3>\n\n\n\n<p><strong>Cantai ao Senhor Deus um canto novo,<\/strong><\/p>\n\n\n\n<p><strong>porque ele fez prod\u00edgios!<\/strong><\/p>\n\n\n\n<p>Cantai ao Senhor Deus um canto novo,<\/p>\n\n\n\n<p>porque ele fez prod\u00edgios!<\/p>\n\n\n\n<p>Sua m\u00e3o e o seu bra\u00e7o forte e santo<\/p>\n\n\n\n<p>alcan\u00e7aram-lhe a vit\u00f3ria.<\/p>\n\n\n\n<p>O Senhor fez conhecer a salva\u00e7\u00e3o<\/p>\n\n\n\n<p>e, \u00e0s na\u00e7\u00f5es, sua justi\u00e7a;<\/p>\n\n\n\n<p>recordou o seu amor sempre fiel<\/p>\n\n\n\n<p>pela casa de Israel.<\/p>\n\n\n\n<p>Os confins do universo contemplaram<\/p>\n\n\n\n<p>a salva\u00e7\u00e3o do nosso Deus.<\/p>\n\n\n\n<p>Aclamai o Senhor Deus, \u00f3 terra inteira,<\/p>\n\n\n\n<p>alegrai-vos e exultai!<\/p>\n\n\n\n<p>Cantai salmos ao Senhor ao som da harpa<\/p>\n\n\n\n<p>e da c\u00edtara suave!<\/p>\n\n\n\n<p>Aclamai, com os clarins e as trombetas,<\/p>\n\n\n\n<p>ao Senhor, o nosso rei!<\/p>\n\n\n\n<h3 class=\"wp-block-heading\">Leitura &#8211;<\/h3>\n\n\n\n<h3 class=\"wp-block-heading\">Evangelho &#8211;&nbsp;Marcos 3,22-30<\/h3>\n\n\n\n<p>Aleluia, aleluia, aleluia.<\/p>\n\n\n\n<p>Jesus Cristo salvador destruiu o mal e a morte; fez brilhar pelo evangelho a luz e a vida imperec\u00edveis (2Tm 1,10).<\/p>\n\n\n\n<p>Proclama\u00e7\u00e3o do Evangelho de Jesus Cristo segundo Marcos.<\/p>\n\n\n\n<p>Naquele tempo, 3 22 tamb\u00e9m os escribas, que haviam descido de Jerusal\u00e9m, diziam: &#8220;Ele est\u00e1 possu\u00eddo de Beelzebul: \u00e9 pelo pr\u00edncipe dos dem\u00f4nios que ele expele os dem\u00f4nios.&#8221;<\/p>\n\n\n\n<p>23 Mas, havendo-os convocado, dizia-lhes em par\u00e1bolas: &#8220;Como pode Satan\u00e1s expulsar a Satan\u00e1s?<\/p>\n\n\n\n<p>24 Pois, se um reino estiver dividido contra si mesmo, n\u00e3o pode durar.<\/p>\n\n\n\n<p>25 E se uma casa est\u00e1 dividida contra si mesma, tal casa n\u00e3o pode permanecer.<\/p>\n\n\n\n<p>26 E se Satan\u00e1s se levanta contra si mesmo, est\u00e1 dividido e n\u00e3o poder\u00e1 continuar, mas desaparecer\u00e1.<\/p>\n\n\n\n<p>27 Ningu\u00e9m pode entrar na casa do homem forte e roubar-lhe os bens, se antes n\u00e3o o prender; e ent\u00e3o saquear\u00e1 sua casa.<\/p>\n\n\n\n<p>28 &#8220;Em verdade vos digo: todos os pecados ser\u00e3o perdoados aos filhos dos homens, mesmo as suas blasf\u00eamias;<\/p>\n\n\n\n<p>29 mas todo o que tiver blasfemado contra o Esp\u00edrito Santo jamais ter\u00e1 perd\u00e3o, mas ser\u00e1 culpado de um pecado eterno.&#8221;<\/p>\n\n\n\n<p>30 Jesus falava assim porque tinham dito: &#8220;Ele tem um esp\u00edrito imundo.&#8221;<\/p>\n\n\n\n<p>Palavra da Salva\u00e7\u00e3o.<\/p>\n\n\n\n<h3 class=\"wp-block-heading\">Coment\u00e1rio ao Evangelho<\/h3>\n\n\n\n<p>BLASF\u00caMIA CONTRA O ESP\u00cdRITO SANTO<\/p>\n\n\n\n<p>A acusa\u00e7\u00e3o que os escribas fizeram a Jesus \u00e9 de extrema gravidade. Na avalia\u00e7\u00e3o deles, o Mestre estava possu\u00eddo pelo dem\u00f4nio. E isto \u00e9 considerado como uma blasf\u00eamia contra o Esp\u00edrito Santo, sem possibilidade de perd\u00e3o. Por qu\u00ea?<\/p>\n\n\n\n<p>Toda a a\u00e7\u00e3o de Jesus desenrolava-se sob o impulso do Esp\u00edrito Santo. O Mestre pregava e curava pelo poder do Esp\u00edrito que recebera do Pai. A expuls\u00e3o dos dem\u00f4nios resultava do mesmo poder. Jesus realizava gestos poderosos porque o Esp\u00edrito de Deus habitava nele.<\/p>\n\n\n\n<p>A blasf\u00eamia consistiu em confundir o Esp\u00edrito Santo com Belzebu. Declarar Jesus possesso significava dizer ser ele habitado pelo mau esp\u00edrito, e assim, negar totalmente a obra que Deus realizava por meio de seu Filho.<\/p>\n\n\n\n<p>A incapacidade de interpretar os fatos de maneira correta resultava n\u00e3o s\u00f3 da m\u00e1 vontade dos escribas em rela\u00e7\u00e3o a Jesus, mas tamb\u00e9m em rela\u00e7\u00e3o a Deus. Por desconhecer a pedagogia da a\u00e7\u00e3o divina, recusavam-se a reconhecer o dedo do Pai na a\u00e7\u00e3o de seu Filho. E se punham a fazer considera\u00e7\u00f5es inconvenientes a respeito dele.<\/p>\n\n\n\n<p>Aos blasfemadores s\u00f3 restava um caminho para se tornarem objeto da miseric\u00f3rdia divina: reconhecer a presen\u00e7a de Deus na a\u00e7\u00e3o de Jesus, e confessar que, no Filho, a liberta\u00e7\u00e3o divina acontecia na hist\u00f3ria da humanidade oprimida.<\/p>\n","protected":false},"excerpt":{"rendered":"<p>Ora\u00e7\u00e3o do dia Deus eterno e todo-poderoso, dirigi a nossa vida segundo o vosso amor, para que possamos, em nome do vosso Filho, frutificar em boas obras. Por Nosso Senhor Jesus Cristo, Vosso&#8230;<\/p>\n","protected":false},"author":2,"featured_media":19758,"comment_status":"open","ping_status":"open","sticky":false,"template":"","format":"standard","meta":[],"categories":[7],"tags":[],"_links":{"self":[{"href":"https:\/\/www.salvatorianas.org.br\/blog\/wp-json\/wp\/v2\/posts\/19760"}],"collection":[{"href":"https:\/\/www.salvatorianas.org.br\/blog\/wp-json\/wp\/v2\/posts"}],"about":[{"href":"https:\/\/www.salvatorianas.org.br\/blog\/wp-json\/wp\/v2\/types\/post"}],"author":[{"embeddable":true,"href":"https:\/\/www.salvatorianas.org.br\/blog\/wp-json\/wp\/v2\/users\/2"}],"replies":[{"embeddable":true,"href":"https:\/\/www.salvatorianas.org.br\/blog\/wp-json\/wp\/v2\/comments?post=19760"}],"version-history":[{"count":1,"href":"https:\/\/www.salvatorianas.org.br\/blog\/wp-json\/wp\/v2\/posts\/19760\/revisions"}],"predecessor-version":[{"id":19761,"href":"https:\/\/www.salvatorianas.org.br\/blog\/wp-json\/wp\/v2\/posts\/19760\/revisions\/19761"}],"wp:featuredmedia":[{"embeddable":true,"href":"https:\/\/www.salvatorianas.org.br\/blog\/wp-json\/wp\/v2\/media\/19758"}],"wp:attachment":[{"href":"https:\/\/www.salvatorianas.org.br\/blog\/wp-json\/wp\/v2\/media?parent=19760"}],"wp:term":[{"taxonomy":"category","embeddable":true,"href":"https:\/\/www.salvatorianas.org.br\/blog\/wp-json\/wp\/v2\/categories?post=19760"},{"taxonomy":"post_tag","embeddable":true,"href":"https:\/\/www.salvatorianas.org.br\/blog\/wp-json\/wp\/v2\/tags?post=19760"}],"curies":[{"name":"wp","href":"https:\/\/api.w.org\/{rel}","templated":true}]}}