{"id":19754,"date":"2023-01-22T13:44:32","date_gmt":"2023-01-22T13:44:32","guid":{"rendered":"https:\/\/www.salvatorianas.org.br\/blog\/?p=19754"},"modified":"2023-01-22T13:44:33","modified_gmt":"2023-01-22T13:44:33","slug":"3o-domingo-do-tempo-comum","status":"publish","type":"post","link":"https:\/\/www.salvatorianas.org.br\/blog\/3o-domingo-do-tempo-comum\/","title":{"rendered":"3\u00ba DOMINGO DO TEMPO COMUM"},"content":{"rendered":"\n<h3 class=\"wp-block-heading\">Ora\u00e7\u00e3o do dia<\/h3>\n\n\n\n<p>Deus eterno e todo-poderoso, dirigi a nossa vida segundo o vosso amor, para que possamos, em nome do vosso Filho, frutificar em boas obras. Por Nosso Senhor Jesus Cristo, Vosso Filho, na unidade do Esp\u00edrito Santo.<\/p>\n\n\n\n<h3 class=\"wp-block-heading\">Leitura &#8211;&nbsp;Isa\u00edas 8,23-9,3<\/h3>\n\n\n\n<p>Leitura do livro do profeta Isa\u00edas.<\/p>\n\n\n\n<p>8 23 No passado o Senhor humilhou a terra de Zabulon e de Neftali, mas no futuro cobrir\u00e1 de honras o caminho do mar, a Transjord\u00e2nia e o distrito das na\u00e7\u00f5es.<\/p>\n\n\n\n<p>9 1 O povo que andava nas trevas viu uma grande luz; sobre aqueles que habitavam uma regi\u00e3o tenebrosa resplandeceu uma luz.<\/p>\n\n\n\n<p>2 V\u00f3s suscitais um grande regozijo, provocais uma imensa alegria; rejubilam-se diante de v\u00f3s como na alegria da colheita, como exultam na partilha dos despojos.<\/p>\n\n\n\n<p>3 Porque o jugo que pesava sobre ele, a coleira de seu ombro e a vara do feitor, v\u00f3s os quebrastes, como no dia de Madi\u00e3.<\/p>\n\n\n\n<p>Palavra do Senhor.<\/p>\n\n\n\n<h3 class=\"wp-block-heading\">Salmo Responsorial &#8211;&nbsp;26\/27<\/h3>\n\n\n\n<p><strong>O Senhor \u00e9 minha luz e salva\u00e7\u00e3o.<\/strong><\/p>\n\n\n\n<p><strong>O Senhor \u00e9 a prote\u00e7\u00e3o da minha vida.<\/strong><\/p>\n\n\n\n<p>O Senhor \u00e9 minha luz e salva\u00e7\u00e3o;<\/p>\n\n\n\n<p>de quem eu terei medo?<\/p>\n\n\n\n<p>O Senhor \u00e9 a prote\u00e7\u00e3o da minha vida;<\/p>\n\n\n\n<p>perante quem eu tremerei?<\/p>\n\n\n\n<p>Ao Senhor eu pe\u00e7o apenas uma coisa<\/p>\n\n\n\n<p>e \u00e9 s\u00f3 isto que eu desejo:<\/p>\n\n\n\n<p>habitar no santu\u00e1rio do Senhor<\/p>\n\n\n\n<p>por toda a minha vida;<\/p>\n\n\n\n<p>saborear a suavidade do Senhor<\/p>\n\n\n\n<p>e contempl\u00e1-lo no seu templo.<\/p>\n\n\n\n<p>Sei que a bondade do Senhor eu hei de ver<\/p>\n\n\n\n<p>na terra dos viventes.<\/p>\n\n\n\n<p>Espera no Senhor e tem coragem,<\/p>\n\n\n\n<p>espera no Senhor!<\/p>\n\n\n\n<h3 class=\"wp-block-heading\">Leitura &#8211;&nbsp;1 Cor\u00edntios 1,10-13.17<\/h3>\n\n\n\n<p>Leitura da primeira carta de s\u00e3o Paulo aos Cor\u00edntios.<\/p>\n\n\n\n<p>Irm\u00e3os, 1 10 rogo-vos, irm\u00e3os, em nome de nosso Senhor Jesus Cristo, que todos estejais em pleno acordo e que n\u00e3o haja entre v\u00f3s divis\u00f5es. Vivei em boa harmonia, no mesmo esp\u00edrito e no mesmo sentimento.<\/p>\n\n\n\n<p>11 Pois acerca de v\u00f3s, irm\u00e3os meus, fui informado pelos que s\u00e3o da casa de Clo\u00e9, que h\u00e1 contendas entre v\u00f3s.<\/p>\n\n\n\n<p>12 Refiro-me ao fato de que entre v\u00f3s se usa esta linguagem: &#8220;Eu sou disc\u00edpulo de Paulo&#8221;; &#8220;eu, de Apolo&#8221;; &#8220;eu, de Cefas&#8221;; &#8220;eu, de Cristo&#8221;.<\/p>\n\n\n\n<p>13 Ent\u00e3o estaria Cristo dividido? \u00c9 Paulo quem foi crucificado por v\u00f3s? \u00c9 em nome de Paulo que fostes batizados?<\/p>\n\n\n\n<p>17 Cristo n\u00e3o me enviou para batizar, mas para pregar o Evangelho; e isso sem recorrer \u00e0 habilidade da arte orat\u00f3ria, para que n\u00e3o se desvirtue a cruz de Cristo.<\/p>\n\n\n\n<p>Palavra do Senhor.<\/p>\n\n\n\n<h3 class=\"wp-block-heading\">Evangelho &#8211;&nbsp;Mateus 4,12-23 ou 12-17<\/h3>\n\n\n\n<p>Aleluia, aleluia, aleluia.<\/p>\n\n\n\n<p>Pois do reino a boa-nova Jesus Cristo anunciava, e as dores do seu povo, com poder, Jesus curava (Mt 4,23)<\/p>\n\n\n\n<p>Proclama\u00e7\u00e3o do Evangelho de Jesus Cristo segundo Mateus.<\/p>\n\n\n\n<p>4 12 Quando, pois, Jesus ouviu que Jo\u00e3o fora preso, retirou-se para a Galileia.<\/p>\n\n\n\n<p>13 Deixando a cidade de Nazar\u00e9, foi habitar em Cafarnaum, \u00e0 margem do lago, nos confins de Zabulon e Neftali,<\/p>\n\n\n\n<p>14 para que se cumprisse o que foi dito pelo profeta Isa\u00edas:<\/p>\n\n\n\n<p>15 &#8220;A terra de Zabulon e de Neftali, regi\u00e3o vizinha ao mar, a terra al\u00e9m do Jord\u00e3o, a Galileia dos gentios,<\/p>\n\n\n\n<p>16 este povo, que jazia nas trevas, viu resplandecer uma grande luz; e surgiu uma aurora para os que jaziam na regi\u00e3o sombria da morte&#8221;.<\/p>\n\n\n\n<p>17 Desde ent\u00e3o, Jesus come\u00e7ou a pregar: &#8220;Fazei penit\u00eancia, pois o Reino dos c\u00e9us est\u00e1 pr\u00f3ximo&#8221;.<\/p>\n\n\n\n<p>18 Caminhando ao longo do mar da Galileia, viu dois irm\u00e3os: Sim\u00e3o (chamado Pedro) e Andr\u00e9, seu irm\u00e3o, que lan\u00e7avam a rede ao mar, pois eram pescadores.<\/p>\n\n\n\n<p>19 E disse-lhes: &#8220;Vinde ap\u00f3s mim e vos farei pescadores de homens&#8221;.<\/p>\n\n\n\n<p>20 Na mesma hora abandonaram suas redes e o seguiram.<\/p>\n\n\n\n<p>21 Passando adiante, viu outros dois irm\u00e3os: Tiago, filho de Zebedeu, e seu irm\u00e3o Jo\u00e3o, que estavam com seu pai Zebedeu consertando as redes. Chamou-os,<\/p>\n\n\n\n<p>22 e eles abandonaram a barca e seu pai e o seguiram.<\/p>\n\n\n\n<p>23 Jesus percorria toda a Galileia, ensinando nas suas sinagogas, pregando o Evangelho do Reino, curando todas as doen\u00e7as e enfermidades entre o povo.<\/p>\n\n\n\n<p>Palavra da Salva\u00e7\u00e3o.<\/p>\n\n\n\n<h3 class=\"wp-block-heading\">Coment\u00e1rio ao Evangelho<\/h3>\n\n\n\n<p>DE NAZAR\u00c9 A CAFARNAUM<\/p>\n\n\n\n<p>Ao deixar Nazar\u00e9 onde fora criado e vivera por longos anos, Jesus escolheu como base de sua prega\u00e7\u00e3o a cidade de Cafarnaum, \u00e0s margens do lago da Galileia. Ele poderia ter-se dirigido a Jerusal\u00e9m, na Jud\u00e9ia, a Cidade Santa do juda\u00edsmo. Todavia, a escolha da Galileia como ponto de partida de sua prega\u00e7\u00e3o foi intencional, devido ao simbolismo ligado \u00e0quela regi\u00e3o.<\/p>\n\n\n\n<p>No passado, os habitantes do norte de Israel foram vitimados por tropas estrangeiras, que invadiram o territ\u00f3rio judeu. Al\u00e9m disso, para impor sua domina\u00e7\u00e3o, trocaram a popula\u00e7\u00e3o local por outra, trazida do exterior. Da\u00ed em diante, apelidou-se de &#8220;Galileia dos Pag\u00e3os&#8221; o territ\u00f3rio ocupado por popula\u00e7\u00f5es n\u00e3o judaicas, tendo abatido sobre elas, desde ent\u00e3o, um grande desprezo.<\/p>\n\n\n\n<p>O texto de Isa\u00edas, citado no Evangelho, tem como pano de fundo este fato. Falando do futuro, o profeta diz que o pa\u00eds mergulhado nas trevas haveria de contemplar uma grande luz. Um passado de humilha\u00e7\u00e3o daria lugar a um futuro glorioso, com a chegada do Messias que poria fim \u00e0 hist\u00f3ria tenebrosa do norte de Israel.<\/p>\n\n\n\n<p>Jesus escolheu come\u00e7ar e concluir seu minist\u00e9rio entre os pag\u00e3os, os marginalizados e as v\u00edtimas de preconceitos. \u00c0 Jud\u00e9ia, onde se pensava viverem os judeus fi\u00e9is, o Mestre foi apenas para morrer. Depois de ressuscitar, ele retornou \u00e0 Galileia para enviar os ap\u00f3stolos por todo o mundo, a fim de pregar o Evangelho do Reino.<\/p>\n","protected":false},"excerpt":{"rendered":"<p>Ora\u00e7\u00e3o do dia Deus eterno e todo-poderoso, dirigi a nossa vida segundo o vosso amor, para que possamos, em nome do vosso Filho, frutificar em boas obras. Por Nosso Senhor Jesus Cristo, Vosso&#8230;<\/p>\n","protected":false},"author":2,"featured_media":19755,"comment_status":"open","ping_status":"open","sticky":false,"template":"","format":"standard","meta":[],"categories":[7],"tags":[],"_links":{"self":[{"href":"https:\/\/www.salvatorianas.org.br\/blog\/wp-json\/wp\/v2\/posts\/19754"}],"collection":[{"href":"https:\/\/www.salvatorianas.org.br\/blog\/wp-json\/wp\/v2\/posts"}],"about":[{"href":"https:\/\/www.salvatorianas.org.br\/blog\/wp-json\/wp\/v2\/types\/post"}],"author":[{"embeddable":true,"href":"https:\/\/www.salvatorianas.org.br\/blog\/wp-json\/wp\/v2\/users\/2"}],"replies":[{"embeddable":true,"href":"https:\/\/www.salvatorianas.org.br\/blog\/wp-json\/wp\/v2\/comments?post=19754"}],"version-history":[{"count":1,"href":"https:\/\/www.salvatorianas.org.br\/blog\/wp-json\/wp\/v2\/posts\/19754\/revisions"}],"predecessor-version":[{"id":19756,"href":"https:\/\/www.salvatorianas.org.br\/blog\/wp-json\/wp\/v2\/posts\/19754\/revisions\/19756"}],"wp:featuredmedia":[{"embeddable":true,"href":"https:\/\/www.salvatorianas.org.br\/blog\/wp-json\/wp\/v2\/media\/19755"}],"wp:attachment":[{"href":"https:\/\/www.salvatorianas.org.br\/blog\/wp-json\/wp\/v2\/media?parent=19754"}],"wp:term":[{"taxonomy":"category","embeddable":true,"href":"https:\/\/www.salvatorianas.org.br\/blog\/wp-json\/wp\/v2\/categories?post=19754"},{"taxonomy":"post_tag","embeddable":true,"href":"https:\/\/www.salvatorianas.org.br\/blog\/wp-json\/wp\/v2\/tags?post=19754"}],"curies":[{"name":"wp","href":"https:\/\/api.w.org\/{rel}","templated":true}]}}