{"id":19751,"date":"2023-01-22T13:40:26","date_gmt":"2023-01-22T13:40:26","guid":{"rendered":"https:\/\/www.salvatorianas.org.br\/blog\/?p=19751"},"modified":"2023-01-22T13:40:27","modified_gmt":"2023-01-22T13:40:27","slug":"santa-ines-virgem-e-martir-memoria-sabado","status":"publish","type":"post","link":"https:\/\/www.salvatorianas.org.br\/blog\/santa-ines-virgem-e-martir-memoria-sabado\/","title":{"rendered":"Santa In\u00eas, virgem e m\u00e1rtir &#8211; Mem\u00f3ria | S\u00e1bado"},"content":{"rendered":"\n<h3 class=\"wp-block-heading\">Ora\u00e7\u00e3o do dia<\/h3>\n\n\n\n<p>Deus eterno e todo-poderoso, que escolheis as criaturas mais fr\u00e1geis para confundir os poderosos, dai-nos, ao celebrar o mart\u00edrio de santa In\u00eas, a gra\u00e7a de imitar sua const\u00e2ncia na f\u00e9. Por Nosso Senhor Jesus Cristo, Vosso Filho, na unidade do Esp\u00edrito Santo.<\/p>\n\n\n\n<h3 class=\"wp-block-heading\">Leitura &#8211;&nbsp;Hebreus 9,2-3.11-14<\/h3>\n\n\n\n<p>Leitura da carta aos Hebreus.<\/p>\n\n\n\n<p>Irm\u00e3os, 9 2 consistia numa tenda: a parte anterior encerrava o candelabro e a mesa com os p\u00e3es da proposi\u00e7\u00e3o; chamava-se Santo. 3 Atr\u00e1s do segundo v\u00e9u achava-se a parte chamada Santo dos Santos.<\/p>\n\n\n\n<p>11 Por\u00e9m, j\u00e1 veio Cristo, Sumo Sacerdote dos bens vindouros. E atrav\u00e9s de um tabern\u00e1culo mais excelente e mais perfeito, n\u00e3o constru\u00eddo por m\u00e3os humanas (isto \u00e9, n\u00e3o deste mundo), 12 sem levar consigo o sangue de carneiros ou novilhos, mas com seu pr\u00f3prio sangue, entrou de uma vez por todas no santu\u00e1rio, adquirindo-nos uma reden\u00e7\u00e3o eterna. 13 Pois se o sangue de carneiros e de touros e a cinza de uma vaca, com que se aspergem os impuros, santificam e purificam pelo menos os corpos, 14 quanto mais o sangue de Cristo, que pelo Esp\u00edrito eterno se ofereceu como v\u00edtima sem m\u00e1cula a Deus, purificar\u00e1 a nossa consci\u00eancia das obras mortas para o servi\u00e7o do Deus vivo?<\/p>\n\n\n\n<p>Palavra do Senhor.<\/p>\n\n\n\n<h3 class=\"wp-block-heading\">Salmo Responsorial &#8211;&nbsp;46\/47<\/h3>\n\n\n\n<p><strong>Por entre aclama\u00e7\u00f5es Deus se elevou,<\/strong><\/p>\n\n\n\n<p><strong>o Senhor subiu ao toque da trombeta.<\/strong><\/p>\n\n\n\n<p>Povos todos do universo, batei palmas,<\/p>\n\n\n\n<p>gritai a Deus aclama\u00e7\u00f5es de alegria!<\/p>\n\n\n\n<p>Porque sublime \u00e9 o Senhor, o Deus alt\u00edssimo,<\/p>\n\n\n\n<p>o soberano que domina toda a terra.<\/p>\n\n\n\n<p>Por entre aclama\u00e7\u00f5es Deus se elevou,<\/p>\n\n\n\n<p>o Senhor subiu ao toque da trombeta.<\/p>\n\n\n\n<p>Salmodiai ao nosso Deus ao som da harpa,<\/p>\n\n\n\n<p>salmodiai, ao som da harpa, ao nosso rei!<\/p>\n\n\n\n<p>Porque Deus \u00e9 o grande rei de toda a terra,<\/p>\n\n\n\n<p>ao som da harpa acompanhai os seus louvores!<\/p>\n\n\n\n<p>Deus reina sobre todas as na\u00e7\u00f5es,<\/p>\n\n\n\n<p>est\u00e1 sentado no seu trono glorioso.<\/p>\n\n\n\n<h3 class=\"wp-block-heading\">Leitura &#8211;<\/h3>\n\n\n\n<h3 class=\"wp-block-heading\">Evangelho &#8211;&nbsp;Marcos 3,20-21<\/h3>\n\n\n\n<p>Aleluia, aleluia, aleluia.<\/p>\n\n\n\n<p>Abri-nos, \u00f3 Senhor, o cora\u00e7\u00e3o, para ouvirmos a palavra de Jesus! (At 16,14).<\/p>\n\n\n\n<p>Proclama\u00e7\u00e3o do Evangelho de Jesus Cristo segundo Marcos.<\/p>\n\n\n\n<p>3 20 Jesus e seus disc\u00edpulos dirigiram-se em seguida a uma casa. A\u00ed afluiu de novo tanta gente, que nem podiam tomar alimento.<\/p>\n\n\n\n<p>21 Quando os seus o souberam, sa\u00edram para o reter; pois diziam: &#8220;Ele est\u00e1 fora de si.&#8221;<\/p>\n\n\n\n<p>Palavra da Salva\u00e7\u00e3o.<br>&nbsp;<\/p>\n\n\n\n<h3 class=\"wp-block-heading\">Coment\u00e1rio ao Evangelho<\/h3>\n\n\n\n<p>A REJEI\u00c7\u00c3O DOS PARENTES<\/p>\n\n\n\n<p>As dificuldades para Jesus come\u00e7aram com seus pr\u00f3prios parentes. Consideraram-no louco. Julgavam vergonhoso v\u00ea-lo falar e dizer coisas que lhes parecia fora de prop\u00f3sito.<\/p>\n\n\n\n<p>A rejei\u00e7\u00e3o dos familiares de Jesus fundava-se numa s\u00e9rie de preconceitos contra ele: era filho de uma fam\u00edlia pobre, como poderia apresentar-se com uma sabedoria t\u00e3o alta? Tinham-no visto crescer. Pensavam conhec\u00ea-lo muito bem. Como, agora, ele se punha a fazer milagres, mais parecidos com atos de magia? Sua origem era humilde. Como tanta gente ia atr\u00e1s dele, como se fosse uma pessoa importante? Alguma coisa estava errada. Jesus s\u00f3 podia estar louco. Era preciso dar um basta \u00e0quela situa\u00e7\u00e3o.<\/p>\n\n\n\n<p>A mentalidade fechada dos parentes de Jesus impediu-os de perceber que, naquele homem t\u00e3o conhecido deles, algo de muito especial estava acontecendo. As palavras do Mestre, ditas com tanta autoridade, e seus milagres em favor das multid\u00f5es revelavam a presen\u00e7a da miseric\u00f3rdia divina. Embora vissem tantas pessoas serem agraciadas pela bondade de Jesus e ouvissem dele palavras revolucion\u00e1rias, muito mais inspiradoras e exigentes que as dos mestres da Lei, insistiam no desejo de silenci\u00e1-lo. Entretanto, a viol\u00eancia dos familiares n\u00e3o intimidou Jesus, pois ele continuou, tranquilamente, sua miss\u00e3o.<\/p>\n","protected":false},"excerpt":{"rendered":"<p>Ora\u00e7\u00e3o do dia Deus eterno e todo-poderoso, que escolheis as criaturas mais fr\u00e1geis para confundir os poderosos, dai-nos, ao celebrar o mart\u00edrio de santa In\u00eas, a gra\u00e7a de imitar sua const\u00e2ncia na f\u00e9&#8230;.<\/p>\n","protected":false},"author":2,"featured_media":19752,"comment_status":"open","ping_status":"open","sticky":false,"template":"","format":"standard","meta":[],"categories":[7],"tags":[],"_links":{"self":[{"href":"https:\/\/www.salvatorianas.org.br\/blog\/wp-json\/wp\/v2\/posts\/19751"}],"collection":[{"href":"https:\/\/www.salvatorianas.org.br\/blog\/wp-json\/wp\/v2\/posts"}],"about":[{"href":"https:\/\/www.salvatorianas.org.br\/blog\/wp-json\/wp\/v2\/types\/post"}],"author":[{"embeddable":true,"href":"https:\/\/www.salvatorianas.org.br\/blog\/wp-json\/wp\/v2\/users\/2"}],"replies":[{"embeddable":true,"href":"https:\/\/www.salvatorianas.org.br\/blog\/wp-json\/wp\/v2\/comments?post=19751"}],"version-history":[{"count":1,"href":"https:\/\/www.salvatorianas.org.br\/blog\/wp-json\/wp\/v2\/posts\/19751\/revisions"}],"predecessor-version":[{"id":19753,"href":"https:\/\/www.salvatorianas.org.br\/blog\/wp-json\/wp\/v2\/posts\/19751\/revisions\/19753"}],"wp:featuredmedia":[{"embeddable":true,"href":"https:\/\/www.salvatorianas.org.br\/blog\/wp-json\/wp\/v2\/media\/19752"}],"wp:attachment":[{"href":"https:\/\/www.salvatorianas.org.br\/blog\/wp-json\/wp\/v2\/media?parent=19751"}],"wp:term":[{"taxonomy":"category","embeddable":true,"href":"https:\/\/www.salvatorianas.org.br\/blog\/wp-json\/wp\/v2\/categories?post=19751"},{"taxonomy":"post_tag","embeddable":true,"href":"https:\/\/www.salvatorianas.org.br\/blog\/wp-json\/wp\/v2\/tags?post=19751"}],"curies":[{"name":"wp","href":"https:\/\/api.w.org\/{rel}","templated":true}]}}