{"id":19747,"date":"2023-01-20T17:03:17","date_gmt":"2023-01-20T17:03:17","guid":{"rendered":"https:\/\/www.salvatorianas.org.br\/blog\/?p=19747"},"modified":"2023-01-20T17:03:39","modified_gmt":"2023-01-20T17:03:39","slug":"2a-semana-do-tempo-comum-sexta-feira","status":"publish","type":"post","link":"https:\/\/www.salvatorianas.org.br\/blog\/2a-semana-do-tempo-comum-sexta-feira\/","title":{"rendered":"2\u00aa Semana do Tempo Comum | Sexta-feira"},"content":{"rendered":"\n<h3 class=\"wp-block-heading\">Ora\u00e7\u00e3o do dia<\/h3>\n\n\n\n<p>Deus eterno e todo-poderoso, que governais o c\u00e9u e a terra, escutai com bondade as preces do vosso povo e dai ao nosso tempo a vossa paz. Por Nosso Senhor Jesus Cristo, Vosso Filho, na unidade do Esp\u00edrito Santo.<\/p>\n\n\n\n<h3 class=\"wp-block-heading\">Leitura &#8211;&nbsp;Hebreus 8,6-13<\/h3>\n\n\n\n<p>Leitura da carta aos Hebreus.<\/p>\n\n\n\n<p>Irm\u00e3os, 8 6 ao nosso Sumo Sacerdote, entretanto, compete minist\u00e9rio tanto mais excelente quanto ele \u00e9 mediador de uma alian\u00e7a mais perfeita, selada por melhores promessas.<\/p>\n\n\n\n<p>7 Porque, se a primeira tivesse sido sem defeito, certamente n\u00e3o haveria lugar para outra. 8 Ora, sem d\u00favida, h\u00e1 uma censura nestas palavras: &#8220;Eis que vir\u00e3o dias &#8211; or\u00e1culo do Senhor &#8211; em que estabelecerei, com a casa de Israel e com a casa de Jud\u00e1 uma alian\u00e7a nova.9 N\u00e3o coma a alian\u00e7a que fiz com os seus pais no dia em que os tomei pela m\u00e3o para tir\u00e1-los da terra do Egito. Como eles n\u00e3o permaneceram fi\u00e9is ao pacto, eu me desinteressei deles &#8211; or\u00e1culo do Senhor. 10 Mas esta \u00e9 a alian\u00e7a que estabelecerei com a casa de Israel depois daqueles dias: imprimirei as minhas leis no seu esp\u00edrito e as gravarei no seu cora\u00e7\u00e3o. Eu serei seu Deus, e eles ser\u00e3o meu povo. 11 Ningu\u00e9m mais ter\u00e1 que ensinar a seu concidad\u00e3o, ningu\u00e9m a seu irm\u00e3o, dizendo: \u2018Conhece o Senhor\u2019, porque todos me conhecer\u00e3o, desde o menor at\u00e9 o maior. 12 Eu lhes perdoarei as suas iniquidades, e j\u00e1 n\u00e3o me lembrarei dos seus pecados&#8221;.<\/p>\n\n\n\n<p>13 Se Deus fala de uma alian\u00e7a nova \u00e9 que ele declara antiquada a precedente. Ora, o que \u00e9 antiquado e envelhecido est\u00e1 certamente fadado a desaparecer.<\/p>\n\n\n\n<p>Palavra do Senhor.<\/p>\n\n\n\n<h3 class=\"wp-block-heading\">Salmo Responsorial &#8211;&nbsp;84\/85<\/h3>\n\n\n\n<p><strong>A verdade e o amor se encontrar\u00e3o.<\/strong><\/p>\n\n\n\n<p>Mostrai-nos, \u00f3 Senhor, vossa bondade,<\/p>\n\n\n\n<p>Concedei-nos tamb\u00e9m vossa salva\u00e7\u00e3o!<\/p>\n\n\n\n<p>Est\u00e1 perto a salva\u00e7\u00e3o dos que o temem,<\/p>\n\n\n\n<p>E a gl\u00f3ria habitar\u00e1 em nossa terra.<\/p>\n\n\n\n<p>A verdade e o amor se encontrar\u00e3o,<\/p>\n\n\n\n<p>A justi\u00e7a e a paz se abra\u00e7ar\u00e3o;<\/p>\n\n\n\n<p>Da terra brotar\u00e1 a fidelidade,<\/p>\n\n\n\n<p>E a justi\u00e7a olhar\u00e1 dos altos c\u00e9us.<\/p>\n\n\n\n<p>O Senhor nos dar\u00e1 tudo o que \u00e9 bom,<\/p>\n\n\n\n<p>E a nossa terra nos dar\u00e1 suas colheitas;<\/p>\n\n\n\n<p>A justi\u00e7a andar\u00e1 na sua frente<\/p>\n\n\n\n<p>E a salva\u00e7\u00e3o h\u00e1 de seguir os passos seus.<\/p>\n\n\n\n<h3 class=\"wp-block-heading\">Leitura &#8211;<\/h3>\n\n\n\n<h3 class=\"wp-block-heading\">Evangelho &#8211;&nbsp;Marcos 3,13-19<\/h3>\n\n\n\n<p>Aleluia, aleluia, aleluia.<\/p>\n\n\n\n<p>Em Cristo, Deus reconciliou consigo mesmo a humanidade; e a n\u00f3s ele entregou esta reconcilia\u00e7\u00e3o (2Cor 5,19).<\/p>\n\n\n\n<p>Proclama\u00e7\u00e3o do Evangelho de Jesus Cristo segundo Marcos.<\/p>\n\n\n\n<p>Naquele tempo, 3 13 Jesus subiu ao monte e chamou os que ele quis. E foram a ele.<\/p>\n\n\n\n<p>14 Designou doze dentre eles para ficar em sua companhia.<\/p>\n\n\n\n<p>15 Ele os enviaria a pregar, com o poder de expulsar os dem\u00f4nios.<\/p>\n\n\n\n<p>16 Escolheu estes doze: Sim\u00e3o, a quem p\u00f4s o nome de Pedro;<\/p>\n\n\n\n<p>17 Tiago, filho de Zebedeu, e Jo\u00e3o, seu irm\u00e3o, aos quais p\u00f4s o nome de Boanerges, que quer dizer &#8220;Filhos do Trov\u00e3o&#8221;.<\/p>\n\n\n\n<p>18 Ele escolheu tamb\u00e9m Andr\u00e9, Filipe, Bartolomeu, Mateus, Tom\u00e9, Tiago, filho de Alfeu; Tadeu, Sim\u00e3o, o Zelador;<\/p>\n\n\n\n<p>19 e Judas Iscariotes, que o entregou.<\/p>\n\n\n\n<p>Palavra da Salva\u00e7\u00e3o.<\/p>\n\n\n\n<h3 class=\"wp-block-heading\">Coment\u00e1rio ao Evangelho<\/h3>\n\n\n\n<p><strong>OS COMPANHEIROS DE JESUS<\/strong><br>A escolha dos primeiros companheiros de Jesus foi feita a dedo. Foi chamado quem ele quis. De nada adiantava se oferecer, pedir para ser recebido como disc\u00edpulo ou apresentar prerrogativas pessoais. Jesus sabia quem deveria tomar parte naquele grupinho mais chegado a ele.<br>A quantidade dos escolhidos tinha um valor simb\u00f3lico. O n\u00famero doze evocava as doze tribos do antigo Israel, libertado da escravid\u00e3o do Egito. O grupinho de disc\u00edpulo estava, pois, destinado a ser semente de um povo novo. E tomaria o lugar do Israel do passado, cujas fun\u00e7\u00f5es na hist\u00f3ria j\u00e1 haviam se esgotado. Seu sucessor \u00e9 o grupo formado por Jesus.<br>Os doze receberam como incumb\u00eancia dar continuidade \u00e0 dupla face da miss\u00e3o de Jesus. Eles seriam enviados para ser anunciadores da boa-nova do Reino, destinada a transformar a vida dos indiv\u00edduos. A prega\u00e7\u00e3o consistiria num chamado insistente \u00e0 convers\u00e3o, com seu componente de mudan\u00e7a de vida e de mentalidade. A prega\u00e7\u00e3o seria ratificada com a realiza\u00e7\u00e3o de gestos poderosos de expuls\u00e3o dos dem\u00f4nios. A vit\u00f3ria sobre os dem\u00f4nios seria um sinal da efic\u00e1cia do Reino no cora\u00e7\u00e3o das pessoas.<br>A a\u00e7\u00e3o dos disc\u00edpulos, desta forma, faria a a\u00e7\u00e3o de Jesus continuar a dar seus frutos na hist\u00f3ria. Esta \u00e9 a tarefa de todo disc\u00edpulo aut\u00eantico.<\/p>\n","protected":false},"excerpt":{"rendered":"<p>Ora\u00e7\u00e3o do dia Deus eterno e todo-poderoso, que governais o c\u00e9u e a terra, escutai com bondade as preces do vosso povo e dai ao nosso tempo a vossa paz. Por Nosso Senhor&#8230;<\/p>\n","protected":false},"author":2,"featured_media":19748,"comment_status":"open","ping_status":"open","sticky":false,"template":"","format":"standard","meta":[],"categories":[7],"tags":[],"_links":{"self":[{"href":"https:\/\/www.salvatorianas.org.br\/blog\/wp-json\/wp\/v2\/posts\/19747"}],"collection":[{"href":"https:\/\/www.salvatorianas.org.br\/blog\/wp-json\/wp\/v2\/posts"}],"about":[{"href":"https:\/\/www.salvatorianas.org.br\/blog\/wp-json\/wp\/v2\/types\/post"}],"author":[{"embeddable":true,"href":"https:\/\/www.salvatorianas.org.br\/blog\/wp-json\/wp\/v2\/users\/2"}],"replies":[{"embeddable":true,"href":"https:\/\/www.salvatorianas.org.br\/blog\/wp-json\/wp\/v2\/comments?post=19747"}],"version-history":[{"count":1,"href":"https:\/\/www.salvatorianas.org.br\/blog\/wp-json\/wp\/v2\/posts\/19747\/revisions"}],"predecessor-version":[{"id":19749,"href":"https:\/\/www.salvatorianas.org.br\/blog\/wp-json\/wp\/v2\/posts\/19747\/revisions\/19749"}],"wp:featuredmedia":[{"embeddable":true,"href":"https:\/\/www.salvatorianas.org.br\/blog\/wp-json\/wp\/v2\/media\/19748"}],"wp:attachment":[{"href":"https:\/\/www.salvatorianas.org.br\/blog\/wp-json\/wp\/v2\/media?parent=19747"}],"wp:term":[{"taxonomy":"category","embeddable":true,"href":"https:\/\/www.salvatorianas.org.br\/blog\/wp-json\/wp\/v2\/categories?post=19747"},{"taxonomy":"post_tag","embeddable":true,"href":"https:\/\/www.salvatorianas.org.br\/blog\/wp-json\/wp\/v2\/tags?post=19747"}],"curies":[{"name":"wp","href":"https:\/\/api.w.org\/{rel}","templated":true}]}}