{"id":19740,"date":"2023-01-19T10:01:27","date_gmt":"2023-01-19T10:01:27","guid":{"rendered":"https:\/\/www.salvatorianas.org.br\/blog\/?p=19740"},"modified":"2023-01-19T10:09:23","modified_gmt":"2023-01-19T10:09:23","slug":"oracao-do-dia-6","status":"publish","type":"post","link":"https:\/\/www.salvatorianas.org.br\/blog\/oracao-do-dia-6\/","title":{"rendered":"2\u00aa Semana do Tempo Comum | Quinta-feira"},"content":{"rendered":"\n<p><strong>Ora\u00e7\u00e3o do dia<\/strong><\/p>\n\n\n\n<p>Deus eterno e todo-poderoso, que governais o c\u00e9u e a terra, escutai com bondade as preces do vosso povo e dai ao nosso tempo a vossa paz. Por Nosso Senhor Jesus Cristo, Vosso Filho, na unidade do Esp\u00edrito Santo.<\/p>\n\n\n\n<h3 class=\"wp-block-heading\">Leitura &#8211;&nbsp;Hebreus 7,25-8,6<\/h3>\n\n\n\n<p>Leitura da carta aos Hebreus.<\/p>\n\n\n\n<p>Irm\u00e3os, 7 25 \u00e9 por isso que a Jesus \u00e9 poss\u00edvel levar a termo a salva\u00e7\u00e3o daqueles que por ele v\u00e3o a Deus, porque vive sempre para interceder em seu favor.<\/p>\n\n\n\n<p>26 Tal \u00e9, com efeito, o Pont\u00edfice que nos convinha: santo, inocente, imaculado, separado dos pecadores e elevado al\u00e9m dos c\u00e9us, 27 que n\u00e3o tem necessidade, como os outros sumos sacerdotes, de oferecer todos os dias sacrif\u00edcios, primeiro pelos pecados pr\u00f3prios, depois pelos do povo; pois isto o fez de uma s\u00f3 vez para sempre, oferecendo-se a si mesmo. 28 Enquanto a lei elevava ao sacerd\u00f3cio homens sujeitos \u00e0s fraquezas, o juramento, que sucedeu \u00e0 lei, constitui o Filho, que \u00e9 eternamente perfeito.<\/p>\n\n\n\n<p>8 1 O ponto essencial do que acabamos de dizer \u00e9 este: temos um Sumo Sacerdote, que est\u00e1 sentado \u00e0 direita do trono da Majestade divina nos c\u00e9us, 2 Ministro do santu\u00e1rio e do verdadeiro tabern\u00e1culo, erigido pelo Senhor, e n\u00e3o por homens.<\/p>\n\n\n\n<p>3 Todo pont\u00edfice \u00e9 constitu\u00eddo para oferecer dons e sacrif\u00edcios. Portanto, \u00e9 necess\u00e1rio que ele tenha algo para oferecer. 4 Por conseguinte, se ele estivesse na terra, nem mesmo sacerdote seria, porque j\u00e1 existem aqui sacerdotes que t\u00eam a miss\u00e3o, de oferecer os dons prescritos pela lei. 5 O culto que estes celebram \u00e9, ali\u00e1s, apenas a imagem, sombra das realidades celestiais, como foi revelado a Mois\u00e9s quando estava para construir o tabern\u00e1culo: &#8220;Olha, foi-lhe dito, faze todas as coisas conforme o modelo que te foi mostrado no monte&#8221;.<\/p>\n\n\n\n<p>6 Ao nosso Sumo Sacerdote, entretanto, compete minist\u00e9rio tanto mais excelente quanto ele \u00e9 mediador de uma alian\u00e7a mais perfeita, selada por melhores promessas.<\/p>\n\n\n\n<p>Palavra do Senhor.<\/p>\n\n\n\n<h3 class=\"wp-block-heading\">Salmo Responsorial &#8211;&nbsp;39\/40<\/h3>\n\n\n\n<p><strong>Eis que venho fazer, com prazer,<\/strong><\/p>\n\n\n\n<p><strong>A vossa vontade, Senhor!<\/strong><\/p>\n\n\n\n<p>Sacrif\u00edcio e obla\u00e7\u00e3o n\u00e3o quisestes,<\/p>\n\n\n\n<p>Mas abristes, Senhor, meus ouvidos;<\/p>\n\n\n\n<p>N\u00e3o pedistes ofertas nem v\u00edtimas,<\/p>\n\n\n\n<p>Holocaustos por nossos pecados,<\/p>\n\n\n\n<p>E ent\u00e3o eu vos disse: \u201cEis que Senhor!\u201d<\/p>\n\n\n\n<p>Sobre mim est\u00e1 escrito no livro:<\/p>\n\n\n\n<p>\u201cCom prazer fa\u00e7o a vossa vontade,<\/p>\n\n\n\n<p>guardo em meu cora\u00e7\u00e3o vossa lei!\u201d<\/p>\n\n\n\n<p>Boas novas de vossa justi\u00e7a<\/p>\n\n\n\n<p>Anunciei numa grande assembleia;<\/p>\n\n\n\n<p>V\u00f3s sabeis: ao fechei os meus l\u00e1bios!<\/p>\n\n\n\n<p>Mas se alegre e em v\u00f3s rejubile<\/p>\n\n\n\n<p>Todo ser que vos busca, Senhor!<\/p>\n\n\n\n<p>Digam sempre: \u201c\u00c9 grande o Senhor!\u201d<\/p>\n\n\n\n<p>Os que buscam em v\u00f3s seu aux\u00edlio.<\/p>\n\n\n\n<h3 class=\"wp-block-heading\">Leitura &#8211;<\/h3>\n\n\n\n<h3 class=\"wp-block-heading\">Evangelho &#8211;&nbsp;Marcos 3,7-12<\/h3>\n\n\n\n<p>Aleluia, aleluia, aleluia.<\/p>\n\n\n\n<p>Jesus Cristo salvador destruiu o mal e a morte; fez brilhar pelo Evangelho a luz e a vida imperec\u00edveis (2Tm 1,10).<\/p>\n\n\n\n<p>Proclama\u00e7\u00e3o do Evangelho de Jesus Cristo segundo Marcos.<\/p>\n\n\n\n<p>3 7 Jesus retirou-se com os seus disc\u00edpulos para o mar, e seguia-o uma grande multid\u00e3o, vinda da Galileia.<\/p>\n\n\n\n<p>8 E da Jud\u00e9ia, de Jerusal\u00e9m, da Idumeia, do al\u00e9m-Jord\u00e3o e dos arredores de Tiro e de Sid\u00f4nia veio a ele uma grande multid\u00e3o, ao ouvir o que ele fazia.<\/p>\n\n\n\n<p>9 Ele ordenou a seus disc\u00edpulos que lhe aprontassem uma barca, para que a multid\u00e3o n\u00e3o o comprimisse.<\/p>\n\n\n\n<p>10 Curou a muitos, de modo que todos os que padeciam de algum mal se arrojavam a ele para o tocar.<\/p>\n\n\n\n<p>11 Quando os esp\u00edritos imundos o viam, prostravam-se diante dele e gritavam: Tu \u00e9s o Filho de Deus!<\/p>\n\n\n\n<p>12 Ele os proibia severamente que o dessem a conhecer.<\/p>\n\n\n\n<p>Palavra da Salva\u00e7\u00e3o.<\/p>\n\n\n\n<h3 class=\"wp-block-heading\">Coment\u00e1rio ao Evangelho<\/h3>\n\n\n\n<p>O FILHO DE DEUS<\/p>\n\n\n\n<p>Causa estranheza o fato de os endemoninhados terem gritado que Jesus era o Filho de Deus, f\u00f3rmula pr\u00f3pria de uma confiss\u00e3o de f\u00e9. Jesus reconheceu a verdade da declara\u00e7\u00e3o deles e os proibiu severamente de ficarem dizendo quem ele era.<\/p>\n\n\n\n<p>\u00c9 not\u00e1vel que a exclama\u00e7\u00e3o n\u00e3o tenha sido feita pelas multid\u00f5es, vindas de tantos lugares diferentes, atra\u00eddas pela fama dos milagres realizados por Jesus. Era de se esperar que elas proclamassem sua f\u00e9 em Jesus. Antes, s\u00e3o os possessos os proclamadores da condi\u00e7\u00e3o divina de Jesus.<\/p>\n\n\n\n<p>A teologia evang\u00e9lica quer mostrar que Jesus, ao implantar o Reino na hist\u00f3ria humana, desbancou as for\u00e7as do mal. Evidentemente, elas n\u00e3o se contentavam de ver seu poder reduzido sem protestar. E quando eram vencidas, sabiam muito bem quem as estava vencendo. A proclama\u00e7\u00e3o p\u00fablica da filia\u00e7\u00e3o divina de Jesus, posta na boca dos possessos, indica o n\u00edvel profundo em que Jesus estava atuando. Sua a\u00e7\u00e3o a servi\u00e7o do Reino deu origem a um aut\u00eantico combate onde as for\u00e7as ocultas do mal foram desmascaradas e confrontadas com um poder muito superior a elas. N\u00e3o lhes restava sen\u00e3o submeter-se e deixar o senhorio de Jesus acontecer na vida de quem era cativo. A presen\u00e7a libertadora do Filho de Deus expulsava toda sorte de esp\u00edrito imundo instalado no cora\u00e7\u00e3o humano.<\/p>\n","protected":false},"excerpt":{"rendered":"<p>Ora\u00e7\u00e3o do dia Deus eterno e todo-poderoso, que governais o c\u00e9u e a terra, escutai com bondade as preces do vosso povo e dai ao nosso tempo a vossa paz. Por Nosso Senhor&#8230;<\/p>\n","protected":false},"author":2,"featured_media":19741,"comment_status":"open","ping_status":"open","sticky":false,"template":"","format":"standard","meta":[],"categories":[7],"tags":[],"_links":{"self":[{"href":"https:\/\/www.salvatorianas.org.br\/blog\/wp-json\/wp\/v2\/posts\/19740"}],"collection":[{"href":"https:\/\/www.salvatorianas.org.br\/blog\/wp-json\/wp\/v2\/posts"}],"about":[{"href":"https:\/\/www.salvatorianas.org.br\/blog\/wp-json\/wp\/v2\/types\/post"}],"author":[{"embeddable":true,"href":"https:\/\/www.salvatorianas.org.br\/blog\/wp-json\/wp\/v2\/users\/2"}],"replies":[{"embeddable":true,"href":"https:\/\/www.salvatorianas.org.br\/blog\/wp-json\/wp\/v2\/comments?post=19740"}],"version-history":[{"count":3,"href":"https:\/\/www.salvatorianas.org.br\/blog\/wp-json\/wp\/v2\/posts\/19740\/revisions"}],"predecessor-version":[{"id":19746,"href":"https:\/\/www.salvatorianas.org.br\/blog\/wp-json\/wp\/v2\/posts\/19740\/revisions\/19746"}],"wp:featuredmedia":[{"embeddable":true,"href":"https:\/\/www.salvatorianas.org.br\/blog\/wp-json\/wp\/v2\/media\/19741"}],"wp:attachment":[{"href":"https:\/\/www.salvatorianas.org.br\/blog\/wp-json\/wp\/v2\/media?parent=19740"}],"wp:term":[{"taxonomy":"category","embeddable":true,"href":"https:\/\/www.salvatorianas.org.br\/blog\/wp-json\/wp\/v2\/categories?post=19740"},{"taxonomy":"post_tag","embeddable":true,"href":"https:\/\/www.salvatorianas.org.br\/blog\/wp-json\/wp\/v2\/tags?post=19740"}],"curies":[{"name":"wp","href":"https:\/\/api.w.org\/{rel}","templated":true}]}}