{"id":19737,"date":"2023-01-18T10:19:01","date_gmt":"2023-01-18T10:19:01","guid":{"rendered":"https:\/\/www.salvatorianas.org.br\/blog\/?p=19737"},"modified":"2023-01-18T10:19:02","modified_gmt":"2023-01-18T10:19:02","slug":"2a-semana-do-tempo-comum-quarta-feira","status":"publish","type":"post","link":"https:\/\/www.salvatorianas.org.br\/blog\/2a-semana-do-tempo-comum-quarta-feira\/","title":{"rendered":"2\u00aa Semana do Tempo Comum | Quarta-feira"},"content":{"rendered":"\n<h3 class=\"wp-block-heading\">Ora\u00e7\u00e3o do dia<\/h3>\n\n\n\n<p>Deus eterno e todo-poderoso, que governais o c\u00e9u e a terra, escutai com bondade as preces do vosso povo e dai ao nosso tempo a vossa paz. Por Nosso Senhor Jesus Cristo, Vosso Filho, na unidade do Esp\u00edrito Santo.<\/p>\n\n\n\n<h3 class=\"wp-block-heading\">Leitura &#8211;&nbsp;Hebreus 7,1-3.15-17<\/h3>\n\n\n\n<p>Leitura da carta aos Hebreus.<\/p>\n\n\n\n<p>7 1 Este Melquisedec, rei de Sal\u00e9m, sacerdote do Deus Alt\u00edssimo, que saiu ao encontro de Abra\u00e3o quando este regressava da derrota dos reis e o aben\u00e7oou, 2 ao qual Abra\u00e3o ofereceu o d\u00edzimo de todos os seus despojos, \u00e9, conforme seu nome indica, primeiramente &#8220;rei de justi\u00e7a&#8221; e, depois, &#8220;rei de Sal\u00e9m&#8221;, isto \u00e9, &#8220;rei de paz&#8221;. 3 Sem pai, sem m\u00e3e, sem genealogia, a sua vida n\u00e3o tem come\u00e7o nem fim; compar\u00e1vel sob todos os pontos ao Filho de Deus, permanece sacerdote para sempre.<\/p>\n\n\n\n<p>15 Isto se torna ainda mais evidente se se tem em conta que este outro sacerdote, que surge \u00e0 semelhan\u00e7a de Melquisedec, 16 foi constitu\u00eddo n\u00e3o por prescri\u00e7\u00e3o de uma lei humana, mas pela sua imortalidade. 17 Porque est\u00e1 escrito: &#8220;Tu \u00e9s sacerdote eternamente, segundo a ordem de Melquisedec&#8221;.<\/p>\n\n\n\n<p>Palavra do Senhor.<\/p>\n\n\n\n<h3 class=\"wp-block-heading\">Salmo Responsorial &#8211;&nbsp;109\/110<\/h3>\n\n\n\n<p><strong>Tu \u00e9s sacerdote eternamente<\/strong><\/p>\n\n\n\n<p><strong>segundo a ordem do rei Melquisedeque!<\/strong><\/p>\n\n\n\n<p>Palavra do Senhor ao meu Senhor:<\/p>\n\n\n\n<p>\u201cAssenta-te ao lado meu direito<\/p>\n\n\n\n<p>at\u00e9 que eu ponha os inimigos teus<\/p>\n\n\n\n<p>como escabelo por debaixo de teus p\u00e9s!\u201d<\/p>\n\n\n\n<p>O Senhor estender\u00e1 desde Si\u00e3o<\/p>\n\n\n\n<p>vosso cetro de poder, pois ele diz:<\/p>\n\n\n\n<p>\u201cDomina com vigor teus inimigos.<\/p>\n\n\n\n<p>Tu \u00e9s pr\u00edncipe desde o dia em que nasceste;<\/p>\n\n\n\n<p>na gl\u00f3ria e esplendor da santidade,<\/p>\n\n\n\n<p>como o orvalho, antes da aurora, eu te gerei!\u201d<\/p>\n\n\n\n<p>Jurou o Senhor e manter\u00e1 sua palavra:<\/p>\n\n\n\n<p>\u201cTu \u00e9s sacerdote eternamente,<\/p>\n\n\n\n<p>segundo a ordem do rei Melquisedeque!\u201d<\/p>\n\n\n\n<h3 class=\"wp-block-heading\">Leitura &#8211;<\/h3>\n\n\n\n<h3 class=\"wp-block-heading\">Evangelho &#8211;&nbsp;Marcos 3,1-6<\/h3>\n\n\n\n<p>Aleluia, aleluia, aleluia.<\/p>\n\n\n\n<p>Jesus pregava a boa-nova, o reino anunciando, e curava toda esp\u00e9cie de doen\u00e7as entre o povo (Mt 4,23).<\/p>\n\n\n\n<p>Proclama\u00e7\u00e3o do Evangelho de Jesus Cristo segundo Marcos.<\/p>\n\n\n\n<p>Naquele tempo, 3 1 entrou Jesus na sinagoga e achava-se ali um homem que tinha a m\u00e3o seca.<\/p>\n\n\n\n<p>2 Ora, estavam-no observando se o curaria no dia de s\u00e1bado, para o acusarem.<\/p>\n\n\n\n<p>3 Ele diz ao homem da m\u00e3o seca: &#8220;Vem para o meio.&#8221;<\/p>\n\n\n\n<p>4 Ent\u00e3o lhes pergunta: &#8220;\u00c9 permitido fazer o bem ou o mal no s\u00e1bado? Salvar uma vida ou matar?&#8221; Mas eles se calavam.<\/p>\n\n\n\n<p>5 Ent\u00e3o, relanceando um olhar indignado sobre eles, e contristado com a dureza de seus cora\u00e7\u00f5es, diz ao homem: &#8220;Estende tua m\u00e3o!&#8221; Ele estendeu-a e a m\u00e3o foi curada.<\/p>\n\n\n\n<p>6 Saindo os fariseus dali, deliberaram logo com os herodianos como o haviam de perder.<\/p>\n\n\n\n<p>Palavra da Salva\u00e7\u00e3o.<\/p>\n\n\n\n<h3 class=\"wp-block-heading\">Coment\u00e1rio ao Evangelho<\/h3>\n\n\n\n<p>PUNI\u00c7\u00c3O PARA O BEM<\/p>\n\n\n\n<p>\u00c9 dif\u00edcil de entender por que os fariseus e os herodianos combinaram uma maneira de matar Jesus, depois de t\u00ea-lo visto curar um homem cuja m\u00e3o era seca. Se o indiv\u00edduo tivesse sido v\u00edtima de uma maldade, daria para compreender. Entretanto, havia recebido um benef\u00edcio e, mesmo assim, seu benfeitor foi visto com maus olhos. Por qu\u00ea?<\/p>\n\n\n\n<p>Tudo aconteceu por causa de um tipo de religi\u00e3o mal-equacionada. Religi\u00e3o em que certos princ\u00edpios acabam se tornando t\u00e3o absolutos que, diante deles, o direito \u00e0 vida fica em segundo plano. Que isto acontecia com a religi\u00e3o de Israel n\u00e3o d\u00e1 para entender! Ao longo da hist\u00f3ria deste povo, Deus sempre se manifestara como o Deus da vida e da liberta\u00e7\u00e3o, jamais se mostrava indiferente ao que dizia respeito a estes dois componentes da exist\u00eancia humana. Seus mandamentos visavam garantir vida e liberdade para o povo. E se irava contra quem os desrespeitava.<\/p>\n\n\n\n<p>Em sintonia com o Pai, o Filho foi tamb\u00e9m defensor intransigente da vida. Sempre que estava amea\u00e7ada, a\u00ed estava ele para recuper\u00e1-la. Mesmo sendo dia de s\u00e1bado, n\u00e3o se recusava a agir, quando se tratava de fazer o bem.<\/p>\n\n\n\n<p>Os fariseus n\u00e3o abriam m\u00e3o de sua vis\u00e3o desumana da religi\u00e3o. E quando se defrontaram com Jesus curando em dia de s\u00e1bado, n\u00e3o hesitaram em puni-lo com a morte, num flagrante contraste com o modo divino de agir.<\/p>\n","protected":false},"excerpt":{"rendered":"<p>Ora\u00e7\u00e3o do dia Deus eterno e todo-poderoso, que governais o c\u00e9u e a terra, escutai com bondade as preces do vosso povo e dai ao nosso tempo a vossa paz. Por Nosso Senhor&#8230;<\/p>\n","protected":false},"author":2,"featured_media":19738,"comment_status":"open","ping_status":"open","sticky":false,"template":"","format":"standard","meta":[],"categories":[7],"tags":[],"_links":{"self":[{"href":"https:\/\/www.salvatorianas.org.br\/blog\/wp-json\/wp\/v2\/posts\/19737"}],"collection":[{"href":"https:\/\/www.salvatorianas.org.br\/blog\/wp-json\/wp\/v2\/posts"}],"about":[{"href":"https:\/\/www.salvatorianas.org.br\/blog\/wp-json\/wp\/v2\/types\/post"}],"author":[{"embeddable":true,"href":"https:\/\/www.salvatorianas.org.br\/blog\/wp-json\/wp\/v2\/users\/2"}],"replies":[{"embeddable":true,"href":"https:\/\/www.salvatorianas.org.br\/blog\/wp-json\/wp\/v2\/comments?post=19737"}],"version-history":[{"count":1,"href":"https:\/\/www.salvatorianas.org.br\/blog\/wp-json\/wp\/v2\/posts\/19737\/revisions"}],"predecessor-version":[{"id":19739,"href":"https:\/\/www.salvatorianas.org.br\/blog\/wp-json\/wp\/v2\/posts\/19737\/revisions\/19739"}],"wp:featuredmedia":[{"embeddable":true,"href":"https:\/\/www.salvatorianas.org.br\/blog\/wp-json\/wp\/v2\/media\/19738"}],"wp:attachment":[{"href":"https:\/\/www.salvatorianas.org.br\/blog\/wp-json\/wp\/v2\/media?parent=19737"}],"wp:term":[{"taxonomy":"category","embeddable":true,"href":"https:\/\/www.salvatorianas.org.br\/blog\/wp-json\/wp\/v2\/categories?post=19737"},{"taxonomy":"post_tag","embeddable":true,"href":"https:\/\/www.salvatorianas.org.br\/blog\/wp-json\/wp\/v2\/tags?post=19737"}],"curies":[{"name":"wp","href":"https:\/\/api.w.org\/{rel}","templated":true}]}}