{"id":19733,"date":"2023-01-17T22:44:02","date_gmt":"2023-01-17T22:44:02","guid":{"rendered":"https:\/\/www.salvatorianas.org.br\/blog\/?p=19733"},"modified":"2023-01-17T22:44:03","modified_gmt":"2023-01-17T22:44:03","slug":"santo-antao-abade-memoria-terca-feira","status":"publish","type":"post","link":"https:\/\/www.salvatorianas.org.br\/blog\/santo-antao-abade-memoria-terca-feira\/","title":{"rendered":"Santo Ant\u00e3o, abade &#8211; Mem\u00f3ria | Ter\u00e7a-feira"},"content":{"rendered":"\n<h3 class=\"wp-block-heading\">Ora\u00e7\u00e3o do dia<\/h3>\n\n\n\n<p>\u00d3 Deus, que chamastes ao deserto santo Ant\u00e3o, pai dos monges, para vos servir por uma vida heroica, dai-nos, por suas preces, a gra\u00e7a de renunciar a n\u00f3s mesmos e amar-vos acima de tudo. Por Nosso Senhor Jesus Cristo, Vosso Filho, na unidade do Esp\u00edrito Santo.<\/p>\n\n\n\n<h3 class=\"wp-block-heading\">Leitura &#8211;&nbsp;Hebreus 6,10-20<\/h3>\n\n\n\n<p>Leitura da carta aos Hebreus.<\/p>\n\n\n\n<p>Irm\u00e3os, 6 10 Deus n\u00e3o \u00e9 injusto e n\u00e3o esquecer\u00e1 vossas obras e a caridade que mostrastes por amor de seu nome, v\u00f3s que servistes e continuais a servir os santos. 11 Desejamos, apenas, que ponhais todo o empenho em guardar intata a vossa esperan\u00e7a at\u00e9 o fim, 12 e que, longe de vos tornardes negligentes, sejais imitadores daqueles que pela f\u00e9 e paci\u00eancia se tornam herdeiros das promessas.<\/p>\n\n\n\n<p>13 Quando Deus fez a promessa a Abra\u00e3o, como n\u00e3o houvesse ningu\u00e9m maior por quem jurar, jurou por si mesmo, 14 dizendo: &#8220;Em verdade eu te aben\u00e7oarei, e multiplicarei a tua posteridade&#8221;. 15 E Abra\u00e3o, esperando com paci\u00eancia, alcan\u00e7ou a realiza\u00e7\u00e3o da promessa. 16 Os homens, com efeito, juram por quem \u00e9 maior do que eles, e o juramento serve de garantia e p\u00f5e fim a toda controv\u00e9rsia. 17 Por isso, querendo Deus mostrar mais seguramente aos herdeiros da promessa a imutabilidade da sua resolu\u00e7\u00e3o, interp\u00f4s o juramento. 18 Por este ato duplamente irrevog\u00e1vel, pelo qual o pr\u00f3prio Deus se proibia de desdizer-se, encontramos motivo de profunda consola\u00e7\u00e3o, n\u00f3s que pusemos nossa perspectiva em alcan\u00e7ar a esperan\u00e7a proposta. 19 Esperan\u00e7a esta que seguramos qual \u00e2ncora de nossa alma, firme e s\u00f3lida, e que penetra at\u00e9 al\u00e9m do v\u00e9u, no santu\u00e1rio 20 onde Jesus entrou por n\u00f3s como precursor, Pont\u00edfice eterno, segundo a ordem de Melquisedec.<\/p>\n\n\n\n<p>Palavra do Senhor.<\/p>\n\n\n\n<h3 class=\"wp-block-heading\">Salmo Responsorial &#8211;&nbsp;110\/111<\/h3>\n\n\n\n<p><strong>O Senhor se lembra sempre da alian\u00e7a.<\/strong><\/p>\n\n\n\n<p>Eu agrade\u00e7o a Deus de todo o cora\u00e7\u00e3o,<\/p>\n\n\n\n<p>Junto com todos os seus justos reunidos!<\/p>\n\n\n\n<p>Que grandiosas s\u00e3o as obras do Senhor,<\/p>\n\n\n\n<p>Elas merecem todo o amor e admira\u00e7\u00e3o!<\/p>\n\n\n\n<p>O Senhor bom e clemente nos deixou<\/p>\n\n\n\n<p>A lembran\u00e7a de suas grandes maravilhas.<\/p>\n\n\n\n<p>Ele d\u00e1 o alimento aos que o temem<\/p>\n\n\n\n<p>E jamais esquecer\u00e1 sua alian\u00e7a.<\/p>\n\n\n\n<p>Enviou liberta\u00e7\u00e3o para o seu povo,<\/p>\n\n\n\n<p>Confirmou sua alian\u00e7a para sempre.<\/p>\n\n\n\n<p>Seu nome \u00e9 santo e \u00e9 digno de respeito.<\/p>\n\n\n\n<p>Permane\u00e7a eternamente o seu louvor.<\/p>\n\n\n\n<h3 class=\"wp-block-heading\">Leitura &#8211;<\/h3>\n\n\n\n<h3 class=\"wp-block-heading\">Evangelho &#8211;&nbsp;Marcos 2,23-28<\/h3>\n\n\n\n<p>Aleluia, aleluia, aleluia.<\/p>\n\n\n\n<p>Que o Pai do Senhor Jesus Cristo vos d\u00ea do saber o Esp\u00edrito; para que conhe\u00e7ais a esperan\u00e7a, reservada para v\u00f3s como heran\u00e7a! (Ef 1,17s)<\/p>\n\n\n\n<p>Proclama\u00e7\u00e3o do Evangelho de Jesus Cristo segundo Marcos.<\/p>\n\n\n\n<p>2 23 Num dia de s\u00e1bado, o Senhor caminhava pelos campos e seus disc\u00edpulos, andando, come\u00e7aram a colher espigas.<\/p>\n\n\n\n<p>24 Os fariseus observaram-lhe: &#8220;Vede! Por que fazem eles no s\u00e1bado o que n\u00e3o \u00e9 permitido?&#8221; Jesus respondeu-lhes:<\/p>\n\n\n\n<p>25 &#8220;Nunca lestes o que fez Davi, quando se achou em necessidade e teve fome, ele e os seus companheiros?<\/p>\n\n\n\n<p>26 Ele entrou na casa de Deus, sendo Abiatar pr\u00edncipe dos sacerdotes, e comeu os p\u00e3es da proposi\u00e7\u00e3o, dos quais s\u00f3 aos sacerdotes era permitido comer, e os deu aos seus companheiros.&#8221;<\/p>\n\n\n\n<p>27 E dizia-lhes: &#8220;O s\u00e1bado foi feito para o homem, e n\u00e3o o homem para o s\u00e1bado;<\/p>\n\n\n\n<p>28 e, para dizer tudo, o Filho do homem \u00e9 senhor tamb\u00e9m do s\u00e1bado.&#8221;<\/p>\n\n\n\n<p>Palavra da Salva\u00e7\u00e3o.<\/p>\n\n\n\n<h3 class=\"wp-block-heading\">Coment\u00e1rio ao Evangelho<\/h3>\n\n\n\n<p>SUPERANDO O LEGALISMO<\/p>\n\n\n\n<p>Como no caso do jejum, os judeus tamb\u00e9m eram exagerados no tocante ao repouso sab\u00e1tico. Por isso, escandalizam-se ao ver os disc\u00edpulos de Jesus colher espigas de trigo para comer, enquanto atravessam um trigal em dia de s\u00e1bado. O fanatismo pela observ\u00e2ncia da Lei impedia-os de fazer qualquer tipo de contemporiza\u00e7\u00e3o. Jesus ia na dire\u00e7\u00e3o contr\u00e1ria, procurando mostrar-se fiel a Deus por outros caminhos, e ensinando seus disc\u00edpulos a fazerem o mesmo.<\/p>\n\n\n\n<p>Para o Mestre a finalidade da Lei era propiciar ao ser humano uma aut\u00eantica experi\u00eancia de encontro com a vontade de Deus. Praticar seus preceitos de maneira puramente mec\u00e2nica seria in\u00fatil. Este tipo de fidelidade exterior \u00e0 vontade divina n\u00e3o era sinal de que a pessoa havia superado a tirania do ego\u00edsmo. Jesus pregava uma fidelidade criativa \u00e0 Lei, de modo que, ao pratic\u00e1-la, a pessoa pudesse atingir seu objetivo.<\/p>\n\n\n\n<p>O Mestre apresentou dois motivos para justificar a permiss\u00e3o de colher espigas em dia de s\u00e1bado. Em primeiro lugar, por ter acontecido coisa semelhante com o rei Davi, o qual, num dia de s\u00e1bado, matou a fome com os p\u00e3es consagrados que s\u00f3 aos sacerdotes era permitido comer. Al\u00e9m disso, as espigas n\u00e3o eram consagradas como os p\u00e3es. Em segundo lugar, porque Jesus tinha autoridade, recebida do Pai, para agir como agiu. Se os disc\u00edpulos estavam comendo para poder continuar a miss\u00e3o, por que censur\u00e1-los?<\/p>\n","protected":false},"excerpt":{"rendered":"<p>Ora\u00e7\u00e3o do dia \u00d3 Deus, que chamastes ao deserto santo Ant\u00e3o, pai dos monges, para vos servir por uma vida heroica, dai-nos, por suas preces, a gra\u00e7a de renunciar a n\u00f3s mesmos e&#8230;<\/p>\n","protected":false},"author":2,"featured_media":19734,"comment_status":"open","ping_status":"open","sticky":false,"template":"","format":"standard","meta":[],"categories":[7],"tags":[],"_links":{"self":[{"href":"https:\/\/www.salvatorianas.org.br\/blog\/wp-json\/wp\/v2\/posts\/19733"}],"collection":[{"href":"https:\/\/www.salvatorianas.org.br\/blog\/wp-json\/wp\/v2\/posts"}],"about":[{"href":"https:\/\/www.salvatorianas.org.br\/blog\/wp-json\/wp\/v2\/types\/post"}],"author":[{"embeddable":true,"href":"https:\/\/www.salvatorianas.org.br\/blog\/wp-json\/wp\/v2\/users\/2"}],"replies":[{"embeddable":true,"href":"https:\/\/www.salvatorianas.org.br\/blog\/wp-json\/wp\/v2\/comments?post=19733"}],"version-history":[{"count":2,"href":"https:\/\/www.salvatorianas.org.br\/blog\/wp-json\/wp\/v2\/posts\/19733\/revisions"}],"predecessor-version":[{"id":19736,"href":"https:\/\/www.salvatorianas.org.br\/blog\/wp-json\/wp\/v2\/posts\/19733\/revisions\/19736"}],"wp:featuredmedia":[{"embeddable":true,"href":"https:\/\/www.salvatorianas.org.br\/blog\/wp-json\/wp\/v2\/media\/19734"}],"wp:attachment":[{"href":"https:\/\/www.salvatorianas.org.br\/blog\/wp-json\/wp\/v2\/media?parent=19733"}],"wp:term":[{"taxonomy":"category","embeddable":true,"href":"https:\/\/www.salvatorianas.org.br\/blog\/wp-json\/wp\/v2\/categories?post=19733"},{"taxonomy":"post_tag","embeddable":true,"href":"https:\/\/www.salvatorianas.org.br\/blog\/wp-json\/wp\/v2\/tags?post=19733"}],"curies":[{"name":"wp","href":"https:\/\/api.w.org\/{rel}","templated":true}]}}