{"id":19728,"date":"2023-01-16T18:55:45","date_gmt":"2023-01-16T18:55:45","guid":{"rendered":"https:\/\/www.salvatorianas.org.br\/blog\/?p=19728"},"modified":"2023-01-16T18:55:54","modified_gmt":"2023-01-16T18:55:54","slug":"2a-semana-do-tempo-comum-segunda-feira","status":"publish","type":"post","link":"https:\/\/www.salvatorianas.org.br\/blog\/2a-semana-do-tempo-comum-segunda-feira\/","title":{"rendered":"2\u00aa Semana do Tempo Comum | Segunda-feira"},"content":{"rendered":"\n<h3 class=\"wp-block-heading\">Ora\u00e7\u00e3o do dia<\/h3>\n\n\n\n<p>Deus eterno e todo-poderoso, que governais o c\u00e9u e a terra, escutai com bondade as preces do vosso povo e dai ao nosso tempo a vossa paz. Por Nosso Senhor Jesus Cristo, Vosso Filho, na unidade do Esp\u00edrito Santo.<\/p>\n\n\n\n<h3 class=\"wp-block-heading\">Leitura &#8211;&nbsp;Hebreus 5,1-10<\/h3>\n\n\n\n<p>Leitura da carta aos Hebreus.<\/p>\n\n\n\n<p>5 1 Em verdade, todo pont\u00edfice \u00e9 escolhido entre os homens e constitu\u00eddo a favor dos homens como mediador nas coisas que dizem respeito a Deus, para oferecer dons e sacrif\u00edcios pelos pecados. 2 Sabe compadecer-se dos que est\u00e3o na ignor\u00e2ncia e no erro, porque tamb\u00e9m ele est\u00e1 cercado de fraqueza. 3 Por isso, ele deve oferecer sacrif\u00edcios tanto pelos pr\u00f3prios pecados quanto pelos pecados do povo.<\/p>\n\n\n\n<p>4 Ningu\u00e9m se apropria desta honra, sen\u00e3o somente aquele que \u00e9 chamado por Deus, como Aar\u00e3o. 5 Assim tamb\u00e9m Cristo n\u00e3o se atribuiu a si mesmo a gl\u00f3ria de ser pont\u00edfice. Esta lhe foi dada por aquele que lhe disse: &#8220;Tu \u00e9s meu Filho, eu hoje te gerei&#8221;. 6 como tamb\u00e9m diz em outra passagem: &#8220;Tu \u00e9s sacerdote eternamente, segundo a ordem de Melquisedec&#8221;.<\/p>\n\n\n\n<p>7 Nos dias de sua vida mortal, dirigiu preces e s\u00faplicas, entre clamores e l\u00e1grimas, \u00e0quele que o podia salvar da morte, e foi atendido pela sua piedade. 8 Embora fosse Filho de Deus, aprendeu a obedi\u00eancia por meio dos sofrimentos que teve. 9 E uma vez chegado ao seu termo, tornou-se autor da salva\u00e7\u00e3o eterna para todos os que lhe obedecem,<\/p>\n\n\n\n<p>10 porque Deus o proclamou sacerdote segundo a ordem de Melquisedec.<\/p>\n\n\n\n<p>Palavra do Senhor.<\/p>\n\n\n\n<h3 class=\"wp-block-heading\">Salmo Responsorial &#8211;&nbsp;109\/110<\/h3>\n\n\n\n<p><strong>Tu \u00e9s sacerdote eternamente<\/strong><\/p>\n\n\n\n<p><strong>Segundo a ordem do rei Melquisedeque!<\/strong><\/p>\n\n\n\n<p>Palavra do Senhor ao meu Senhor:<\/p>\n\n\n\n<p>\u201cAssenta-te ao lado meu direito<\/p>\n\n\n\n<p>At\u00e9 que eu ponha os inimigos teus<\/p>\n\n\n\n<p>Como escabelo por debaixo de teus p\u00e9s!\u201d<\/p>\n\n\n\n<p>O Senhor estender\u00e1 desde Si\u00e3o<\/p>\n\n\n\n<p>Vosso cetro de poder, pois ele diz:<\/p>\n\n\n\n<p>\u201cDomina com vigor teus inimigos.<\/p>\n\n\n\n<p>Tu \u00e9s pr\u00edncipe desde o dia em que nasceste;<\/p>\n\n\n\n<p>Na gl\u00f3ria e esplendor da santidade,<\/p>\n\n\n\n<p>Como o orvalho, antes da aurora, eu te gerei!\u201d<\/p>\n\n\n\n<p>Jurou o Senhor e manter\u00e1 sua palavra:<\/p>\n\n\n\n<p>\u201cTu \u00e9s sacerdote eternamente,<\/p>\n\n\n\n<p>Segundo a ordem do rei Melquisedeque!\u201d<\/p>\n\n\n\n<h3 class=\"wp-block-heading\">Leitura &#8211;<\/h3>\n\n\n\n<h3 class=\"wp-block-heading\">Evangelho &#8211;&nbsp;Marcos 2,18-22<\/h3>\n\n\n\n<p>Aleluia, aleluia, aleluia.<\/p>\n\n\n\n<p>A palavra do Senhor \u00e9 viva e eficaz: ela julga os pensamentos e as inten\u00e7\u00f5es do cora\u00e7\u00e3o (Hb 4,12).<\/p>\n\n\n\n<p>Proclama\u00e7\u00e3o do Evangelho de Jesus Cristo segundo Marcos.<\/p>\n\n\n\n<p>2 18 Ora, os disc\u00edpulos de Jo\u00e3o e os fariseus jejuavam. Por isso, foram-lhe perguntar: &#8220;Por que jejuam os disc\u00edpulos de Jo\u00e3o e os dos fariseus, mas os teus disc\u00edpulos n\u00e3o jejuam?&#8221;<\/p>\n\n\n\n<p>19 Jesus respondeu-lhes: &#8220;Podem porventura jejuar os convidados das n\u00fapcias, enquanto est\u00e1 com eles o esposo? Enquanto t\u00eam consigo o esposo, n\u00e3o lhes \u00e9 -poss\u00edvel jejuar.<\/p>\n\n\n\n<p>20 Dias vir\u00e3o, por\u00e9m, em que o esposo lhes ser\u00e1 tirado, e ent\u00e3o jejuar\u00e3o.<\/p>\n\n\n\n<p>21 &#8220;Ningu\u00e9m prega retalho de pano novo em roupa velha; do contr\u00e1rio, o remendo arranca novo peda\u00e7o da veste usada e torna-se pior o rasg\u00e3o.<\/p>\n\n\n\n<p>22 E ningu\u00e9m p\u00f5e vinho novo em odres velhos; se o fizer, o vinho os arrebentar\u00e1 e perder-se-\u00e1 juntamente com os odres mas para vinho novo, odres novos.&#8221;<\/p>\n\n\n\n<p>Palavra da Salva\u00e7\u00e3o.<\/p>\n\n\n\n<h3 class=\"wp-block-heading\">Coment\u00e1rio ao Evangelho<\/h3>\n\n\n\n<p>FALANDO DE FESTA<\/p>\n\n\n\n<p>A intransig\u00eancia dos fariseus, quanto \u00e0 pr\u00e1tica do jejum, foi firmemente rejeitada por Jesus. Para darem prova de piedade, certos fariseus e certos disc\u00edpulos de Jo\u00e3o Batista exageravam na pr\u00e1tica de jejuns n\u00e3o obrigat\u00f3rios. E se admiravam porque os disc\u00edpulos de Jesus n\u00e3o faziam o mesmo.<\/p>\n\n\n\n<p>O jejum tem uma forte conota\u00e7\u00e3o de penit\u00eancia, de recolhimento e de interioriza\u00e7\u00e3o. Em torno desta pr\u00e1tica, cria-se um clima especial que ajuda o jejum a atingir seu objetivo: levar a pessoa a se tornar senhora de si mesma, dominar seus instintos e suas paix\u00f5es.<\/p>\n\n\n\n<p>Embora desejando que os disc\u00edpulos tivessem autocontrole, Jesus preferia que, em torno dele, houvesse um clima festivo de alegria. Da\u00ed ter falado de sua presen\u00e7a no meio deles servindo-se da met\u00e1fora da festa de casamento. Era assim que a piedade popular entendia os tempos messi\u00e2nicos. Os ditados a respeito de vestidos e vinhos novos e velhos tamb\u00e9m situam-se neste ambiente de festa.<\/p>\n\n\n\n<p>A presen\u00e7a do Messias Jesus deveria levar o disc\u00edpulo a superar toda tristeza. Com o Mestre, renascia a esperan\u00e7a, pois a boa-nova do Reino descortinava um horizonte novo. Por conseguinte, seria insensato ficar multiplicando jejuns e penit\u00eancias, quando era tempo de empenhar-se, festivamente, na viv\u00eancia do amor e da fraternidade.<\/p>\n","protected":false},"excerpt":{"rendered":"<p>Ora\u00e7\u00e3o do dia Deus eterno e todo-poderoso, que governais o c\u00e9u e a terra, escutai com bondade as preces do vosso povo e dai ao nosso tempo a vossa paz. Por Nosso Senhor&#8230;<\/p>\n","protected":false},"author":2,"featured_media":19729,"comment_status":"open","ping_status":"open","sticky":false,"template":"","format":"standard","meta":[],"categories":[7],"tags":[],"_links":{"self":[{"href":"https:\/\/www.salvatorianas.org.br\/blog\/wp-json\/wp\/v2\/posts\/19728"}],"collection":[{"href":"https:\/\/www.salvatorianas.org.br\/blog\/wp-json\/wp\/v2\/posts"}],"about":[{"href":"https:\/\/www.salvatorianas.org.br\/blog\/wp-json\/wp\/v2\/types\/post"}],"author":[{"embeddable":true,"href":"https:\/\/www.salvatorianas.org.br\/blog\/wp-json\/wp\/v2\/users\/2"}],"replies":[{"embeddable":true,"href":"https:\/\/www.salvatorianas.org.br\/blog\/wp-json\/wp\/v2\/comments?post=19728"}],"version-history":[{"count":1,"href":"https:\/\/www.salvatorianas.org.br\/blog\/wp-json\/wp\/v2\/posts\/19728\/revisions"}],"predecessor-version":[{"id":19730,"href":"https:\/\/www.salvatorianas.org.br\/blog\/wp-json\/wp\/v2\/posts\/19728\/revisions\/19730"}],"wp:featuredmedia":[{"embeddable":true,"href":"https:\/\/www.salvatorianas.org.br\/blog\/wp-json\/wp\/v2\/media\/19729"}],"wp:attachment":[{"href":"https:\/\/www.salvatorianas.org.br\/blog\/wp-json\/wp\/v2\/media?parent=19728"}],"wp:term":[{"taxonomy":"category","embeddable":true,"href":"https:\/\/www.salvatorianas.org.br\/blog\/wp-json\/wp\/v2\/categories?post=19728"},{"taxonomy":"post_tag","embeddable":true,"href":"https:\/\/www.salvatorianas.org.br\/blog\/wp-json\/wp\/v2\/tags?post=19728"}],"curies":[{"name":"wp","href":"https:\/\/api.w.org\/{rel}","templated":true}]}}