{"id":1972,"date":"2015-07-28T00:00:00","date_gmt":"2015-07-28T00:00:00","guid":{"rendered":"https:\/\/www.salvatorianas.org.br\/blog\/agradecamos-ao-senhor-porque-ele-e-bom-porque-sua-misericordia-e-para-sempre-cf-sl-117-1\/"},"modified":"2015-07-28T00:00:00","modified_gmt":"2015-07-28T00:00:00","slug":"agradecamos-ao-senhor-porque-ele-e-bom-porque-sua-misericordia-e-para-sempre-cf-sl-117-1","status":"publish","type":"post","link":"https:\/\/www.salvatorianas.org.br\/blog\/agradecamos-ao-senhor-porque-ele-e-bom-porque-sua-misericordia-e-para-sempre-cf-sl-117-1\/","title":{"rendered":"&#8220;Agrade\u00e7amos ao Senhor, porque ele \u00e9 bom, porque sua miseric\u00f3rdia \u00e9 para sempre&#8221; (cf. Sl 117,1)."},"content":{"rendered":"<p>[imagem2]<\/p>\n<h3>&nbsp;<strong>Curso de P&oacute;s-gradua&ccedil;&atilde;o: Espiritualidade Crist&atilde; e Orienta&ccedil;&atilde;o Espiritual &#8211; ECOE<\/strong>&nbsp;<\/h3>\n<p>No dia 25 de julho\/2015 conclu&iacute;mos o quarto m&oacute;dulo do Curso ECOE, na FAJE (Faculdade Jesu&iacute;ta de BH). O Curso foi algo in&eacute;dito no Brasil, ou seja, &eacute; a primeira vez que se oferece esse curso. Idealizado pelo Padre Ranieri de Araujo Gon&ccedil;alves, SJ, foi realizado em parceria com o Centro de Espiritualidade Inaciana dos Jesu&iacute;tas (CEI Jesu&iacute;tas) e a Faculdade Jesu&iacute;ta de Filosofia e Teologia (FAJE). &Eacute; um curso de P&oacute;s-Gradua&ccedil;&atilde;o Lato Sensu que pretende responder efetivamente &agrave; necessidade e demanda crescente por pessoas bem preparadas com forma&ccedil;&atilde;o adequada para ajudar no caminho espiritual de quem assume o seguimento de Jesus e adere ao seu projeto de vida e salva&ccedil;&atilde;o.<\/p>\n<p>Quero deixar registrada minha gratid&atilde;o &agrave; Prov&iacute;ncia por ter me dado a oportunidade e&nbsp; a gra&ccedil;a de fazer o Curso ECOE.&nbsp; Um curso que me trouxe muita riqueza pelo seu quadro te&oacute;rico e pr&aacute;tico interdisciplinar sobre a espiritualidade crist&atilde; e a orienta&ccedil;&atilde;o espiritual no seu di&aacute;logo com o mundo contempor&acirc;neo. Deu-me a conhecer crit&eacute;rios objetivos para avaliar o meu caminho espiritual e o papel a ser desempenhado no minist&eacute;rio da orienta&ccedil;&atilde;o espiritual.<\/p>\n<p>Buscar a vontade de Deus e entregar-se a ela &eacute; a meta de todo itiner&aacute;rio espiritual. Por isso, a grande import&acirc;ncia do minist&eacute;rio da Orienta&ccedil;&atilde;o Espiritual que tem a miss&atilde;o de acompanhar as pessoas no cultivo de sua f&eacute;, na sua rela&ccedil;&atilde;o com Deus e na sua busca de conhecer Jesus na intimidade, com o desejo de segui-lo mais de perto, am&aacute;-lo mais e servi-lo melhor. Enfim, colocando-se a servi&ccedil;o de quem quer e deseja assemelhar-se ao Divino Modelo, o Salvador, e configurar sua vida com Cristo.<\/p>\n<p><strong>Muito Obrigada!<\/strong><\/p>\n<p>Ir. In&ecirc;s Boesing<\/p>\n<p>&nbsp;<\/p>\n<p>[imagem1] [imagem3]<\/p>\n<p>&nbsp;<\/p>\n<p><strong>&nbsp;Confira aqui as inscri&ccedil;&otilde;es para nova edi&ccedil;&atilde;o do curso! <a href=\"http:\/\/faculdadejesuita.edu.br\/index.php?pagina=grupo_conteudo&amp;tela=270&amp;subtela=\">FAJE<\/a><\/strong><\/p>\n<p>&nbsp;<\/p>\n<p>&nbsp;<\/p>\n","protected":false},"excerpt":{"rendered":"<p>[imagem2] &nbsp;Curso de P&oacute;s-gradua&ccedil;&atilde;o: Espiritualidade Crist&atilde; e Orienta&ccedil;&atilde;o Espiritual &#8211; ECOE&nbsp; No dia 25 de julho\/2015 conclu&iacute;mos o quarto m&oacute;dulo do Curso ECOE, na FAJE (Faculdade Jesu&iacute;ta de BH). O Curso foi algo&#8230;<\/p>\n","protected":false},"author":1,"featured_media":2234,"comment_status":"open","ping_status":"open","sticky":false,"template":"","format":"standard","meta":[],"categories":[1],"tags":[],"_links":{"self":[{"href":"https:\/\/www.salvatorianas.org.br\/blog\/wp-json\/wp\/v2\/posts\/1972"}],"collection":[{"href":"https:\/\/www.salvatorianas.org.br\/blog\/wp-json\/wp\/v2\/posts"}],"about":[{"href":"https:\/\/www.salvatorianas.org.br\/blog\/wp-json\/wp\/v2\/types\/post"}],"author":[{"embeddable":true,"href":"https:\/\/www.salvatorianas.org.br\/blog\/wp-json\/wp\/v2\/users\/1"}],"replies":[{"embeddable":true,"href":"https:\/\/www.salvatorianas.org.br\/blog\/wp-json\/wp\/v2\/comments?post=1972"}],"version-history":[{"count":0,"href":"https:\/\/www.salvatorianas.org.br\/blog\/wp-json\/wp\/v2\/posts\/1972\/revisions"}],"wp:featuredmedia":[{"embeddable":true,"href":"https:\/\/www.salvatorianas.org.br\/blog\/wp-json\/wp\/v2\/media\/2234"}],"wp:attachment":[{"href":"https:\/\/www.salvatorianas.org.br\/blog\/wp-json\/wp\/v2\/media?parent=1972"}],"wp:term":[{"taxonomy":"category","embeddable":true,"href":"https:\/\/www.salvatorianas.org.br\/blog\/wp-json\/wp\/v2\/categories?post=1972"},{"taxonomy":"post_tag","embeddable":true,"href":"https:\/\/www.salvatorianas.org.br\/blog\/wp-json\/wp\/v2\/tags?post=1972"}],"curies":[{"name":"wp","href":"https:\/\/api.w.org\/{rel}","templated":true}]}}