{"id":19706,"date":"2023-01-12T16:56:43","date_gmt":"2023-01-12T16:56:43","guid":{"rendered":"https:\/\/www.salvatorianas.org.br\/blog\/?p=19706"},"modified":"2023-01-12T16:56:44","modified_gmt":"2023-01-12T16:56:44","slug":"presenca-salvatoriana-na-37-romaria-vocacional-em-s-domingos-do-sul","status":"publish","type":"post","link":"https:\/\/www.salvatorianas.org.br\/blog\/presenca-salvatoriana-na-37-romaria-vocacional-em-s-domingos-do-sul\/","title":{"rendered":"Presen\u00e7a Salvatoriana na 37\u00b0 Romaria Vocacional em S. Domingos do Sul"},"content":{"rendered":"\n<p>As Irm\u00e3s Salvatorianas Lourdes Oro (comiss\u00e3o de Beatifica\u00e7\u00e3o do Monsenhor Jo\u00e3o Benvegnu)) e Edenilse M. Marcon (SAV Arq. Passo Fundo) participaram da 37\u00aa Romaria Vocacional, em mem\u00f3ria do servo de Deus Monsenhor Jo\u00e3o Benvegn\u00fa, de 04 a 08 de Janeiro em S. Domingos do Sul\/RS.&nbsp; <strong>&#8220;Vocacionados a miseric\u00f3rdia e o perd\u00e3o&#8221;, <\/strong>foi o tema que perpassou as celebra\u00e7\u00f5es e todas as atividades propostas e realizadas: &#8220;V\u00f3s sois todos irm\u00e3os&#8221;(Mt 23,8).<\/p>\n\n\n\n<p>Foram muitas as pessoas que, movidas pela f\u00e9 e gratid\u00e3o, acorreram em peregrina\u00e7\u00e3o, caminhando, de bicicleta, moto, cavalgada, participaram do Tr\u00edduo preparat\u00f3rio da Romaria, nas diversas celebra\u00e7\u00f5es Eucar\u00edsticas, visitas ao sepulcro do Mons. Jo\u00e3o Benvegnu, confiss\u00f5es, b\u00ean\u00e7\u00e3os, prociss\u00e3o luminosa, partilha das gra\u00e7as alcan\u00e7adas. A presen\u00e7a Salvatoriana foi marcada pelo envolvimento, trabalho em equipe, comprometimento, dedica\u00e7\u00e3o e criatividade, junto a equipe local que n\u00e3o mediu esfor\u00e7os para atender, favorecer a experi\u00eancia de f\u00e9 e participa\u00e7\u00e3o\u00a0dos\u00a0romeiros.<\/p>\n\n\n\n<figure class=\"wp-block-image size-large\"><img decoding=\"async\" loading=\"lazy\" width=\"1024\" height=\"769\" src=\"https:\/\/www.salvatorianas.org.br\/blog\/wp-content\/uploads\/2023\/01\/foto-edenilse-002-1024x769.jpg\" alt=\"\" class=\"wp-image-19709\" srcset=\"https:\/\/www.salvatorianas.org.br\/blog\/wp-content\/uploads\/2023\/01\/foto-edenilse-002-1024x769.jpg 1024w, https:\/\/www.salvatorianas.org.br\/blog\/wp-content\/uploads\/2023\/01\/foto-edenilse-002-300x225.jpg 300w, https:\/\/www.salvatorianas.org.br\/blog\/wp-content\/uploads\/2023\/01\/foto-edenilse-002-768x576.jpg 768w, https:\/\/www.salvatorianas.org.br\/blog\/wp-content\/uploads\/2023\/01\/foto-edenilse-002-1536x1153.jpg 1536w, https:\/\/www.salvatorianas.org.br\/blog\/wp-content\/uploads\/2023\/01\/foto-edenilse-002.jpg 1600w\" sizes=\"(max-width: 1024px) 100vw, 1024px\" \/><\/figure>\n\n\n\n<figure class=\"wp-block-image size-large\"><img decoding=\"async\" loading=\"lazy\" width=\"1024\" height=\"768\" src=\"https:\/\/www.salvatorianas.org.br\/blog\/wp-content\/uploads\/2023\/01\/edenilse-2-1024x768.jpg\" alt=\"\" class=\"wp-image-19707\" srcset=\"https:\/\/www.salvatorianas.org.br\/blog\/wp-content\/uploads\/2023\/01\/edenilse-2-1024x768.jpg 1024w, https:\/\/www.salvatorianas.org.br\/blog\/wp-content\/uploads\/2023\/01\/edenilse-2-300x225.jpg 300w, https:\/\/www.salvatorianas.org.br\/blog\/wp-content\/uploads\/2023\/01\/edenilse-2-768x576.jpg 768w, https:\/\/www.salvatorianas.org.br\/blog\/wp-content\/uploads\/2023\/01\/edenilse-2-1536x1152.jpg 1536w, https:\/\/www.salvatorianas.org.br\/blog\/wp-content\/uploads\/2023\/01\/edenilse-2-2048x1536.jpg 2048w\" sizes=\"(max-width: 1024px) 100vw, 1024px\" \/><\/figure>\n","protected":false},"excerpt":{"rendered":"<p>As Irm\u00e3s Salvatorianas Lourdes Oro (comiss\u00e3o de Beatifica\u00e7\u00e3o do Monsenhor Jo\u00e3o Benvegnu)) e Edenilse M. Marcon (SAV Arq. Passo Fundo) participaram da 37\u00aa Romaria Vocacional, em mem\u00f3ria do servo de Deus Monsenhor Jo\u00e3o&#8230;<\/p>\n","protected":false},"author":2,"featured_media":19708,"comment_status":"open","ping_status":"open","sticky":false,"template":"","format":"standard","meta":[],"categories":[1],"tags":[38,41,32],"_links":{"self":[{"href":"https:\/\/www.salvatorianas.org.br\/blog\/wp-json\/wp\/v2\/posts\/19706"}],"collection":[{"href":"https:\/\/www.salvatorianas.org.br\/blog\/wp-json\/wp\/v2\/posts"}],"about":[{"href":"https:\/\/www.salvatorianas.org.br\/blog\/wp-json\/wp\/v2\/types\/post"}],"author":[{"embeddable":true,"href":"https:\/\/www.salvatorianas.org.br\/blog\/wp-json\/wp\/v2\/users\/2"}],"replies":[{"embeddable":true,"href":"https:\/\/www.salvatorianas.org.br\/blog\/wp-json\/wp\/v2\/comments?post=19706"}],"version-history":[{"count":3,"href":"https:\/\/www.salvatorianas.org.br\/blog\/wp-json\/wp\/v2\/posts\/19706\/revisions"}],"predecessor-version":[{"id":19712,"href":"https:\/\/www.salvatorianas.org.br\/blog\/wp-json\/wp\/v2\/posts\/19706\/revisions\/19712"}],"wp:featuredmedia":[{"embeddable":true,"href":"https:\/\/www.salvatorianas.org.br\/blog\/wp-json\/wp\/v2\/media\/19708"}],"wp:attachment":[{"href":"https:\/\/www.salvatorianas.org.br\/blog\/wp-json\/wp\/v2\/media?parent=19706"}],"wp:term":[{"taxonomy":"category","embeddable":true,"href":"https:\/\/www.salvatorianas.org.br\/blog\/wp-json\/wp\/v2\/categories?post=19706"},{"taxonomy":"post_tag","embeddable":true,"href":"https:\/\/www.salvatorianas.org.br\/blog\/wp-json\/wp\/v2\/tags?post=19706"}],"curies":[{"name":"wp","href":"https:\/\/api.w.org\/{rel}","templated":true}]}}