{"id":19702,"date":"2023-01-15T01:00:00","date_gmt":"2023-01-15T01:00:00","guid":{"rendered":"https:\/\/www.salvatorianas.org.br\/blog\/?p=19702"},"modified":"2023-01-12T10:25:48","modified_gmt":"2023-01-12T10:25:48","slug":"oracao-do-dia-5","status":"publish","type":"post","link":"https:\/\/www.salvatorianas.org.br\/blog\/oracao-do-dia-5\/","title":{"rendered":"Ora\u00e7\u00e3o do dia"},"content":{"rendered":"\n<p>Deus eterno e todo-poderoso, que governais o c\u00e9u e a terra, escutai com bondade as preces do vosso povo e dai ao nosso tempo a vossa paz. Por Nosso Senhor Jesus Cristo, Vosso Filho, na unidade do Esp\u00edrito Santo.<\/p>\n\n\n\n<h3 class=\"wp-block-heading\">Leitura &#8211;&nbsp;Isa\u00edas 49,3.5-6<\/h3>\n\n\n\n<p>Leitura do livro do profeta Isa\u00edas.<\/p>\n\n\n\n<p>49 3 E disse-me o Senhor: &#8220;Tu \u00e9s meu servo, (Israel), em quem me rejubilarei&#8221;.<\/p>\n\n\n\n<p>5 E agora o Senhor fala, ele, que me formou desde meu nascimento para ser seu Servo, para trazer-lhe de volta Jac\u00f3 e reunir-lhe Israel, (porque o Senhor fez-me esta honra, e meu Deus tornou-se minha for\u00e7a).<\/p>\n\n\n\n<p>6 Disse-me: &#8220;N\u00e3o basta que sejas meu servo para restaurar as tribos de Jac\u00f3 e reconduzir os fugitivos de Israel; vou fazer de ti a luz das na\u00e7\u00f5es, para propagar minha salva\u00e7\u00e3o at\u00e9 os confins do mundo&#8221;.<\/p>\n\n\n\n<p>Palavra do Senhor.<\/p>\n\n\n\n<h3 class=\"wp-block-heading\">Salmo Responsorial &#8211;&nbsp;39\/40<\/h3>\n\n\n\n<p><strong>Eu disse: \u201cEis que venho, Senhor,<\/strong><\/p>\n\n\n\n<p><strong>com prazer fa\u00e7o a vossa vontade!\u201d<\/strong><\/p>\n\n\n\n<p>Esperando, esperei no Senhor<\/p>\n\n\n\n<p>e, inclinando-se, ouviu meu clamor.<\/p>\n\n\n\n<p>Canto novo ele p\u00f4s em meus l\u00e1bios,<\/p>\n\n\n\n<p>um poema em louvor ao Senhor.<\/p>\n\n\n\n<p>Sacrif\u00edcio e obla\u00e7\u00e3o n\u00e3o quisestes,<\/p>\n\n\n\n<p>mas abristes, Senhor, meus ouvidos;<\/p>\n\n\n\n<p>n\u00e3o pedistes ofertas nem v\u00edtimas,<\/p>\n\n\n\n<p>holocaustos por nossos pecados.<\/p>\n\n\n\n<p>E ent\u00e3o eu vos disse: \u201cEis que venho!\u201d<\/p>\n\n\n\n<p>Sobre mim est\u00e1 escrito no livro:<\/p>\n\n\n\n<p>\u201cCom prazer fa\u00e7o a vossa vontade,<\/p>\n\n\n\n<p>guardo em meu cora\u00e7\u00e3o vossa lei!\u201d<\/p>\n\n\n\n<p>Boas novas de vossa justi\u00e7a<\/p>\n\n\n\n<p>anunciei numa grande assembleia;<\/p>\n\n\n\n<p>v\u00f3s sabeis: n\u00e3o fechei os meus l\u00e1bios!<\/p>\n\n\n\n<h3 class=\"wp-block-heading\">Leitura &#8211;&nbsp;1 Cor\u00edntios 1,1-3<\/h3>\n\n\n\n<p>Leitura da primeira carta de s\u00e3o Paulo aos Cor\u00edntios.<\/p>\n\n\n\n<p>1 1 Paulo, ap\u00f3stolo de Jesus Cristo por chamamento e vontade de Deus, e o irm\u00e3o S\u00f3stenes,<\/p>\n\n\n\n<p>2 \u00e0 igreja de Deus que est\u00e1 em Corinto, aos fi\u00e9is santificados em Jesus Cristo, chamados \u00e0 santidade, juntamente com todos os que, em qualquer lugar que estejam, invocam o nome de nosso Senhor Jesus Cristo, Senhor deles e nosso;<\/p>\n\n\n\n<p>3 A v\u00f3s, gra\u00e7a e paz da parte de Deus, nosso Pai, e da parte do Senhor Jesus Cristo!<\/p>\n\n\n\n<p>Palavra do Senhor.<\/p>\n\n\n\n<h3 class=\"wp-block-heading\">Evangelho &#8211;&nbsp;Jo\u00e3o 1,29-34<\/h3>\n\n\n\n<p>Aleluia, aleluia, aleluia.<\/p>\n\n\n\n<p>A palavra se fez carne, entre n\u00f3s ela acampou; todo aquele que a acolheu, de Deus filho se tornou (Jo 1,14.12).<\/p>\n\n\n\n<p>Proclama\u00e7\u00e3o do Evangelho de Jesus Cristo segundo Jo\u00e3o.<\/p>\n\n\n\n<p>Naquele tempo, 1 29 no dia seguinte, Jo\u00e3o viu Jesus que vinha a ele e disse: &#8220;Eis o Cordeiro de Deus, que tira o pecado do mundo.<\/p>\n\n\n\n<p>30 \u00c9 este de quem eu disse: \u00b4Depois de mim vir\u00e1 um homem, que me \u00e9 superior, porque existe antes de mim\u00b4.<\/p>\n\n\n\n<p>31 Eu n\u00e3o o conhecia, mas, se vim batizar em \u00e1gua, \u00e9 para que ele se torne conhecido em Israel&#8221;.<\/p>\n\n\n\n<p>32 Jo\u00e3o havia declarado: &#8220;Vi o Esp\u00edrito descer do c\u00e9u em forma de uma pomba e repousar sobre ele.<\/p>\n\n\n\n<p>33 Eu n\u00e3o o conhecia, mas aquele que me mandou batizar em \u00e1gua disse-me: \u00b4Sobre quem vires descer e repousar o Esp\u00edrito, este \u00e9 quem batiza no Esp\u00edrito Santo\u00b4.<\/p>\n\n\n\n<p>34 Eu o vi e dou testemunho de que ele \u00e9 o Filho de Deus&#8221;.<\/p>\n\n\n\n<p>Palavra da Salva\u00e7\u00e3o.<\/p>\n\n\n\n<h3 class=\"wp-block-heading\">Coment\u00e1rio ao Evangelho<\/h3>\n\n\n\n<p>O MESSIAS RECONHECIDO<\/p>\n\n\n\n<p>A atividade fren\u00e9tica do Batista, \u00e0s margens do Jord\u00e3o, n\u00e3o o fez perder a consci\u00eancia de sua miss\u00e3o. No afluxo de penitentes \u00e0 procura do batismo, ele se deu conta da presen\u00e7a do Messias Jesus. Por isso, advertiu a multid\u00e3o para a presen\u00e7a do Cordeiro de Deus, enviado para abolir o pecado do mundo.<\/p>\n\n\n\n<p>A situa\u00e7\u00e3o do batismo de Jesus estava carregada de evoca\u00e7\u00f5es. Sua exclama\u00e7\u00e3o lembrava o cordeiro pascal. As \u00e1guas do Jord\u00e3o recordavam o mar Vermelho. A elimina\u00e7\u00e3o do pecado do mundo aproximava Jesus de Mois\u00e9s, condutor do povo de Israel para a terra prometida. Tudo isso servia para alertar a multid\u00e3o acerca da presen\u00e7a do Messias.<\/p>\n\n\n\n<p>Jo\u00e3o s\u00f3 reconheceu Jesus, porque movido pelo Pai, uma vez que j\u00e1 tinha declarado, por duas vezes, n\u00e3o ter um conhecimento pr\u00e9vio do Messias. Para n\u00e3o se enganar na identifica\u00e7\u00e3o do Messias, Jo\u00e3o colocou-se numa atitude de cont\u00ednuo discernimento. Teria sido desastroso um falso reconhecimento e a consequente atribui\u00e7\u00e3o do t\u00edtulo de Cordeiro de Deus \u00e0 pessoa indevida. Jo\u00e3o, ao contr\u00e1rio, n\u00e3o titubeou quando viu Jesus diante de si. Seu testemunho foi firme, pois estava certo de n\u00e3o ter sido induzido ao erro. Diante dele, estava, realmente, o Filho de Deus. Foi o Pai quem lhe revelara a identidade do Filho, e o movera a reconhec\u00ea-lo publicamente.<\/p>\n","protected":false},"excerpt":{"rendered":"<p>Deus eterno e todo-poderoso, que governais o c\u00e9u e a terra, escutai com bondade as preces do vosso povo e dai ao nosso tempo a vossa paz. Por Nosso Senhor Jesus Cristo, Vosso&#8230;<\/p>\n","protected":false},"author":2,"featured_media":19703,"comment_status":"open","ping_status":"open","sticky":false,"template":"","format":"standard","meta":[],"categories":[7],"tags":[],"_links":{"self":[{"href":"https:\/\/www.salvatorianas.org.br\/blog\/wp-json\/wp\/v2\/posts\/19702"}],"collection":[{"href":"https:\/\/www.salvatorianas.org.br\/blog\/wp-json\/wp\/v2\/posts"}],"about":[{"href":"https:\/\/www.salvatorianas.org.br\/blog\/wp-json\/wp\/v2\/types\/post"}],"author":[{"embeddable":true,"href":"https:\/\/www.salvatorianas.org.br\/blog\/wp-json\/wp\/v2\/users\/2"}],"replies":[{"embeddable":true,"href":"https:\/\/www.salvatorianas.org.br\/blog\/wp-json\/wp\/v2\/comments?post=19702"}],"version-history":[{"count":1,"href":"https:\/\/www.salvatorianas.org.br\/blog\/wp-json\/wp\/v2\/posts\/19702\/revisions"}],"predecessor-version":[{"id":19704,"href":"https:\/\/www.salvatorianas.org.br\/blog\/wp-json\/wp\/v2\/posts\/19702\/revisions\/19704"}],"wp:featuredmedia":[{"embeddable":true,"href":"https:\/\/www.salvatorianas.org.br\/blog\/wp-json\/wp\/v2\/media\/19703"}],"wp:attachment":[{"href":"https:\/\/www.salvatorianas.org.br\/blog\/wp-json\/wp\/v2\/media?parent=19702"}],"wp:term":[{"taxonomy":"category","embeddable":true,"href":"https:\/\/www.salvatorianas.org.br\/blog\/wp-json\/wp\/v2\/categories?post=19702"},{"taxonomy":"post_tag","embeddable":true,"href":"https:\/\/www.salvatorianas.org.br\/blog\/wp-json\/wp\/v2\/tags?post=19702"}],"curies":[{"name":"wp","href":"https:\/\/api.w.org\/{rel}","templated":true}]}}