{"id":19699,"date":"2023-01-14T01:00:00","date_gmt":"2023-01-14T01:00:00","guid":{"rendered":"https:\/\/www.salvatorianas.org.br\/blog\/?p=19699"},"modified":"2023-01-12T10:24:04","modified_gmt":"2023-01-12T10:24:04","slug":"oracao-do-dia-4","status":"publish","type":"post","link":"https:\/\/www.salvatorianas.org.br\/blog\/oracao-do-dia-4\/","title":{"rendered":"Ora\u00e7\u00e3o do dia"},"content":{"rendered":"\n<p>\u00d3 Deus, atendei como pai \u00e0s preces do vosso povo; dai-nos a compreens\u00e3o dos nossos deveres e a for\u00e7a de cumpri-los. Por Nosso Senhor Jesus Cristo, Vosso Filho, na unidade do Esp\u00edrito Santo.<\/p>\n\n\n\n<h3 class=\"wp-block-heading\">Leitura &#8211;&nbsp;Hebreus 4,12-16<\/h3>\n\n\n\n<p>Leitura da carta aos Hebreus.<\/p>\n\n\n\n<p>Irm\u00e3os, 4 12 porque a palavra de Deus \u00e9 viva, eficaz, mais penetrante do que uma espada de dois gumes e atinge at\u00e9 a divis\u00e3o da alma e do corpo, das juntas e medulas, e discerne os pensamentos e inten\u00e7\u00f5es do cora\u00e7\u00e3o. 13 Nenhuma criatura lhe \u00e9 invis\u00edvel. Tudo \u00e9 nu e descoberto aos olhos daquele a quem havemos de prestar contas.<\/p>\n\n\n\n<p>14 Temos, portanto, um grande Sumo Sacerdote que penetrou nos c\u00e9us, Jesus, Filho de Deus. Conservemos firme a nossa f\u00e9. 15 Porque n\u00e3o temos nele um pont\u00edfice incapaz de compadecer-se das nossas fraquezas. Ao contr\u00e1rio, passou pelas mesmas prova\u00e7\u00f5es que n\u00f3s, com exce\u00e7\u00e3o do pecado. 16 Aproximemo-nos, pois, confiadamente do trono da gra\u00e7a, a fim de alcan\u00e7ar miseric\u00f3rdia e achar a gra\u00e7a de um aux\u00edlio oportuno.<\/p>\n\n\n\n<p>Palavra do Senhor.<\/p>\n\n\n\n<h3 class=\"wp-block-heading\">Salmo Responsorial &#8211;&nbsp;18\/19B<\/h3>\n\n\n\n<p><strong>Vossas palavras s\u00e3o esp\u00edrito, s\u00e3o vida,<\/strong><\/p>\n\n\n\n<p><strong>tendes palavras, \u00f3 Senhor, de vida eterna.<\/strong><\/p>\n\n\n\n<p>A lei do Senhor Deus \u00e9 perfeita,<\/p>\n\n\n\n<p>Conforto para a alma!<\/p>\n\n\n\n<p>O testemunho do Senhor \u00e9 fiel,<\/p>\n\n\n\n<p>Sabedoria dos humildes.<\/p>\n\n\n\n<p>Os preceitos do Senhor s\u00e3o precisos,<\/p>\n\n\n\n<p>Alegria ao cora\u00e7\u00e3o.<\/p>\n\n\n\n<p>O mandamento do Senhor \u00e9 brilhante,<\/p>\n\n\n\n<p>Para os olhos \u00e9 uma luz.<\/p>\n\n\n\n<p>\u00c9 puro o temor do Senhor,<\/p>\n\n\n\n<p>Imut\u00e1vel para sempre.<\/p>\n\n\n\n<p>Os julgamentos do Senhor s\u00e3o corretos<\/p>\n\n\n\n<p>E justos igualmente.<\/p>\n\n\n\n<p>Que vos agrade o cantar dos meus l\u00e1bios<\/p>\n\n\n\n<p>E a voz da minha alma;<\/p>\n\n\n\n<p>Que ela chegue at\u00e9 v\u00f3s, \u00f3 Senhor,<\/p>\n\n\n\n<p>Meu rochedo e redentor!<\/p>\n\n\n\n<h3 class=\"wp-block-heading\">Leitura &#8211;<\/h3>\n\n\n\n<h3 class=\"wp-block-heading\">Evangelho &#8211;&nbsp;Marcos 2,13-17<\/h3>\n\n\n\n<p>Aleluia, aleluia, aleluia.<\/p>\n\n\n\n<p>O Esp\u00edrito do Senhor repousa sobre mim e enviou-me a anunciar aos pobres o Evangelho (Lc 4,18).<\/p>\n\n\n\n<p>Proclama\u00e7\u00e3o do Evangelho de Jesus Cristo segundo Marcos.<\/p>\n\n\n\n<p>2 13 Jesus saiu de novo para perto do mar e toda a multid\u00e3o foi ter com ele, e ele os ensinava.<\/p>\n\n\n\n<p>14 Quando ia passando, viu Levi, filho de Alfeu, sentado no posto da arrecada\u00e7\u00e3o e disse-lhe: &#8220;Segue-me.&#8221; E Levi, levantando-se, seguiu-o.<\/p>\n\n\n\n<p>15 Em seguida, p\u00f4s-se \u00e0 mesa na sua casa e muitos cobradores de impostos e pecadores tomaram lugar com ele e seus disc\u00edpulos; com efeito, eram numerosos os que o seguiam.<\/p>\n\n\n\n<p>16 Os escribas, do partido dos fariseus, vendo-o comer com as pessoas de m\u00e1 vida e publicamos, diziam aos seus disc\u00edpulos: &#8220;Ele come com os publicamos e com gente de m\u00e1 vida?&#8221;<\/p>\n\n\n\n<p>17 Ouvindo-os, Jesus replicou: &#8220;Os s\u00e3os n\u00e3o precisam de m\u00e9dico, mas os enfermos; n\u00e3o vim chamar os justos, mas os pecadores.&#8221;<\/p>\n\n\n\n<p>Palavra da salva\u00e7\u00e3o.<\/p>\n\n\n\n<h3 class=\"wp-block-heading\">Coment\u00e1rio ao Evangelho<\/h3>\n\n\n\n<p>DA MARGINALIZA\u00c7\u00c3O AO DISCIPULADO<\/p>\n\n\n\n<p>A passagem de Jesus pela vida de Levi provocou nele uma transforma\u00e7\u00e3o consider\u00e1vel. Ele saiu imediatamente da marginaliza\u00e7\u00e3o sociorreligiosa para ingressar no discipulado, ao aceitar o convite do Mestre, exigindo dele a ren\u00fancia a uma atividade odiosa aos olhos de seus contempor\u00e2neos. Doravante, Levi n\u00e3o seria mais um publicano, e sim um disc\u00edpulo de Jesus. A op\u00e7\u00e3o religiosa desse disc\u00edpulo teve consequ\u00eancias tamb\u00e9m no plano social.<\/p>\n\n\n\n<p>Na percep\u00e7\u00e3o de Jesus, por\u00e9m, a mudan\u00e7a na vida de Levi deu-se num n\u00edvel bem diverso. A discrimina\u00e7\u00e3o, devida \u00e0 profiss\u00e3o de cobrador de impostos, era irrelevante para o Mestre. Este procurava colocar-se acima dos preconceitos humanos. Importava-lhe, antes, o que se passava no cora\u00e7\u00e3o de Levi, sentado no seu local de trabalho. Embora vivendo num ambiente corrompido e corruptor, sem d\u00favida, ele mantinha um elevado padr\u00e3o de religiosidade. Os preconceitos que reca\u00edam sobre sua categoria profissional n\u00e3o foram suficientes para lev\u00e1-lo a apegar-se aos bens materiais. Assim, quando Jesus passou, estava suficientemente livre para segui-lo, sem restri\u00e7\u00f5es.<\/p>\n\n\n\n<p>Ningu\u00e9m ficou sabendo da mudan\u00e7a operada na vida de Levi, al\u00e9m dele mesmo, e do pr\u00f3prio Mestre. O homem de f\u00e9 viu concretizar-se o que, at\u00e9 ent\u00e3o, era objeto de esperan\u00e7a. Seguir o Messias Jesus significava ver realizada a promessa divina. Assim, mais que uma marginaliza\u00e7\u00e3o social, Levi superou a verdadeira marginaliza\u00e7\u00e3o religiosa, ao se fazer disc\u00edpulo do Reino.<\/p>\n","protected":false},"excerpt":{"rendered":"<p>\u00d3 Deus, atendei como pai \u00e0s preces do vosso povo; dai-nos a compreens\u00e3o dos nossos deveres e a for\u00e7a de cumpri-los. Por Nosso Senhor Jesus Cristo, Vosso Filho, na unidade do Esp\u00edrito Santo&#8230;.<\/p>\n","protected":false},"author":2,"featured_media":19700,"comment_status":"open","ping_status":"open","sticky":false,"template":"","format":"standard","meta":[],"categories":[7],"tags":[],"_links":{"self":[{"href":"https:\/\/www.salvatorianas.org.br\/blog\/wp-json\/wp\/v2\/posts\/19699"}],"collection":[{"href":"https:\/\/www.salvatorianas.org.br\/blog\/wp-json\/wp\/v2\/posts"}],"about":[{"href":"https:\/\/www.salvatorianas.org.br\/blog\/wp-json\/wp\/v2\/types\/post"}],"author":[{"embeddable":true,"href":"https:\/\/www.salvatorianas.org.br\/blog\/wp-json\/wp\/v2\/users\/2"}],"replies":[{"embeddable":true,"href":"https:\/\/www.salvatorianas.org.br\/blog\/wp-json\/wp\/v2\/comments?post=19699"}],"version-history":[{"count":1,"href":"https:\/\/www.salvatorianas.org.br\/blog\/wp-json\/wp\/v2\/posts\/19699\/revisions"}],"predecessor-version":[{"id":19701,"href":"https:\/\/www.salvatorianas.org.br\/blog\/wp-json\/wp\/v2\/posts\/19699\/revisions\/19701"}],"wp:featuredmedia":[{"embeddable":true,"href":"https:\/\/www.salvatorianas.org.br\/blog\/wp-json\/wp\/v2\/media\/19700"}],"wp:attachment":[{"href":"https:\/\/www.salvatorianas.org.br\/blog\/wp-json\/wp\/v2\/media?parent=19699"}],"wp:term":[{"taxonomy":"category","embeddable":true,"href":"https:\/\/www.salvatorianas.org.br\/blog\/wp-json\/wp\/v2\/categories?post=19699"},{"taxonomy":"post_tag","embeddable":true,"href":"https:\/\/www.salvatorianas.org.br\/blog\/wp-json\/wp\/v2\/tags?post=19699"}],"curies":[{"name":"wp","href":"https:\/\/api.w.org\/{rel}","templated":true}]}}