{"id":19696,"date":"2023-01-13T01:00:00","date_gmt":"2023-01-13T01:00:00","guid":{"rendered":"https:\/\/www.salvatorianas.org.br\/blog\/?p=19696"},"modified":"2023-01-12T10:19:32","modified_gmt":"2023-01-12T10:19:32","slug":"oracao-do-dia-3","status":"publish","type":"post","link":"https:\/\/www.salvatorianas.org.br\/blog\/oracao-do-dia-3\/","title":{"rendered":"Ora\u00e7\u00e3o do dia"},"content":{"rendered":"\n<p>\u00d3 Deus, atendei como pai \u00e0s preces do vosso povo; dai-nos a compreens\u00e3o dos nossos deveres e a for\u00e7a de cumpri-los. Por Nosso Senhor Jesus Cristo, Vosso Filho, na unidade do Esp\u00edrito Santo.<\/p>\n\n\n\n<h3 class=\"wp-block-heading\">Leitura &#8211;&nbsp;Hebreus 4,1-5.11<\/h3>\n\n\n\n<p>Leitura da carta aos Hebreus.<\/p>\n\n\n\n<p>4 1 Enquanto, pois, subsiste a promessa de entrar no seu descanso, tenhamos cuidado em que ningu\u00e9m de n\u00f3s corra o risco de ser exclu\u00eddo. 2 A boa nova nos foi trazida a n\u00f3s, como o foi a eles. Mas a eles de nada aproveitou, porque ca\u00edram na descren\u00e7a. 3 N\u00f3s, por\u00e9m, se tivermos f\u00e9, haveremos de entrar no descanso. Ele disse: &#8220;Eu jurei na minha ira: n\u00e3o entrar\u00e3o no lugar do meu descanso&#8221;. Ora, as obras de Deus est\u00e3o conclu\u00eddas desde a cria\u00e7\u00e3o do mundo; 4 pois, em certa passagem, falou do s\u00e9timo dia o seguinte: &#8220;E, terminado o seu trabalho, descansou Deus no s\u00e9timo dia&#8221;. 5 Se, pois, ele repete: &#8220;N\u00e3o entrar\u00e3o no lugar do meu descanso&#8221;.<\/p>\n\n\n\n<p>11 Assim, apressemo-nos a entrar neste descanso para n\u00e3o cairmos por nossa vez na mesma incredulidade.<\/p>\n\n\n\n<p>Palavra do Senhor.<\/p>\n\n\n\n<h3 class=\"wp-block-heading\">Salmo Responsorial &#8211;&nbsp;77\/78<\/h3>\n\n\n\n<p><strong>N\u00e3o vos esque\u00e7ais das obras do Senhor!<\/strong><\/p>\n\n\n\n<p>Tudo aquilo que ouvimos e aprendemos,<\/p>\n\n\n\n<p>E transmitiram para n\u00f3s os nossos pais,<\/p>\n\n\n\n<p>\u00c0 nova gera\u00e7\u00e3o n\u00f3s contaremos:<\/p>\n\n\n\n<p>As grandezas do Senhor e seu poder.<\/p>\n\n\n\n<p>Levantem-se e as contem a seus filhos,<\/p>\n\n\n\n<p>Para que ponham no Senhor sua esperan\u00e7a;<\/p>\n\n\n\n<p>Das obras do Senhor n\u00e3o se esque\u00e7am<\/p>\n\n\n\n<p>E observem fielmente os seus preceitos.<\/p>\n\n\n\n<p>Nem se tornem, a exemplo de seus pais,<\/p>\n\n\n\n<p>Rebelde e obstinada gera\u00e7\u00e3o,<\/p>\n\n\n\n<p>Uma ra\u00e7a de inconstante cora\u00e7\u00e3o,<\/p>\n\n\n\n<p>Infiel ao Senhor Deus em seu esp\u00edrito.<\/p>\n\n\n\n<h3 class=\"wp-block-heading\">Leitura &#8211;<\/h3>\n\n\n\n<h3 class=\"wp-block-heading\">Evangelho &#8211;&nbsp;Marcos 2,1-12<\/h3>\n\n\n\n<p>Aleluia, aleluia, aleluia.<\/p>\n\n\n\n<p>Um grande profeta surgiu entre n\u00f3s e Deus visitou o seu povo, aleluia (Lc 7,16).<\/p>\n\n\n\n<p>Proclama\u00e7\u00e3o do Evangelho de Jesus Cristo segundo Marcos.<\/p>\n\n\n\n<p>2 1 Alguns dias depois, Jesus entrou novamente em Cafarnaum e souberam que ele estava em casa.<\/p>\n\n\n\n<p>2 Reuniu-se uma tal multid\u00e3o, que n\u00e3o podiam encontrar lugar nem mesmo junto \u00e0 porta. E ele os instru\u00eda.<\/p>\n\n\n\n<p>3 Trouxeram-lhe um paral\u00edtico, carregado por quatro homens.<\/p>\n\n\n\n<p>4 Como n\u00e3o pudessem apresentar-lho por causa da multid\u00e3o, descobriram o teto por cima do lugar onde Jesus se achava e, por uma abertura, desceram o leito em que jazia o paral\u00edtico.<\/p>\n\n\n\n<p>5 Jesus, vendo-lhes a f\u00e9, disse ao paral\u00edtico: &#8220;Filho, perdoados te s\u00e3o os pecados.&#8221;<\/p>\n\n\n\n<p>6 Ora, estavam ali sentados alguns escribas, que diziam uns aos outros:<\/p>\n\n\n\n<p>7 &#8220;Como pode este homem falar assim? Ele blasfema. Quem pode perdoar pecados sen\u00e3o Deus?&#8221;<\/p>\n\n\n\n<p>8 Mas Jesus, penetrando logo com seu esp\u00edrito tios seus \u00edntimos pensamentos, disse-lhes: &#8220;Por que pensais isto nos vossos cora\u00e7\u00f5es?<\/p>\n\n\n\n<p>9 Que \u00e9 mais f\u00e1cil dizer ao paral\u00edtico: Os pecados te s\u00e3o perdoados, ou dizer: Levanta-te, toma o teu leito e anda?<\/p>\n\n\n\n<p>10 Ora, para que conhe\u00e7ais o poder concedido ao Filho d\u00f3 homem sobre a terra (disse ao paral\u00edtico),<\/p>\n\n\n\n<p>11 eu te ordeno: levanta-te, toma o teu leito e vai para casa.&#8221;<\/p>\n\n\n\n<p>12 No mesmo instante, ele se levantou e, tomando o. leito, foi-se embora \u00e0 vista de todos. A multid\u00e3o inteira encheu-se de profunda admira\u00e7\u00e3o e puseram-se a louvar a Deus, dizendo: &#8220;Nunca vimos coisa semelhante.&#8221;<\/p>\n\n\n\n<p>Palavra da Salva\u00e7\u00e3o.<\/p>\n\n\n\n<h3 class=\"wp-block-heading\">Coment\u00e1rio ao Evangelho<\/h3>\n\n\n\n<p>OS LUGARES DESERTOS<\/p>\n\n\n\n<p>O ass\u00e9dio das multid\u00f5es fazia Jesus evitar as cidades e preferir os lugares desertos, para onde acorria quem precisava de sua ajuda. Esta op\u00e7\u00e3o explica-se pelo desejo de realizar sua miss\u00e3o com plena liberdade, sem ser pressionado pelos ideais messi\u00e2nicos, largamente difundidos nos meios populares. O deserto era apropriado para ele se proteger.<\/p>\n\n\n\n<p>Mas \u00e9 poss\u00edvel fazer uma interpreta\u00e7\u00e3o simb\u00f3lica desta op\u00e7\u00e3o de Jesus. O imagin\u00e1rio da \u00e9poca reportava-se \u00e0s agruras do \u00eaxodo do Egito, quando pensava no deserto. Sendo desabitado, sem vegeta\u00e7\u00e3o, este se torna perigoso e mort\u00edfero. O deserto \u00e9 lugar de prova\u00e7\u00e3o. Nele \u00e9 preciso escolher entre confiar em Deus ou confiar em si mesmo e nas capacidades pessoais de vencer os desafios.<\/p>\n\n\n\n<p>A configura\u00e7\u00e3o terr\u00edvel do deserto gerou a cren\u00e7a de que, nele, habita o Diabo, como se fosse o lugar escolhido, por ser neutro, para o confronto com Deus. As cenas evang\u00e9licas da tenta\u00e7\u00e3o s\u00e3o, por isso, situadas no deserto, para onde Jesus \u00e9 conduzido pelo Esp\u00edrito.<\/p>\n\n\n\n<p>Escolhendo o deserto como lugar de a\u00e7\u00e3o, Jesus combatia o inimigo da humanidade, dentro dos dom\u00ednios deste. Esta luta sem tr\u00e9gua marcou a a\u00e7\u00e3o do Mestre, pois a implanta\u00e7\u00e3o do Reino supunha a derrota das for\u00e7as diab\u00f3licas. Ele as enfrentou e venceu, com destemor. Sinal disto foram as curas e os milagres realizados nas regi\u00f5es desertas. Com a chegada de Jesus, o Diabo perdeu o poder de oprimir o ser humano.<\/p>\n","protected":false},"excerpt":{"rendered":"<p>\u00d3 Deus, atendei como pai \u00e0s preces do vosso povo; dai-nos a compreens\u00e3o dos nossos deveres e a for\u00e7a de cumpri-los. Por Nosso Senhor Jesus Cristo, Vosso Filho, na unidade do Esp\u00edrito Santo&#8230;.<\/p>\n","protected":false},"author":2,"featured_media":19697,"comment_status":"open","ping_status":"open","sticky":false,"template":"","format":"standard","meta":[],"categories":[7],"tags":[],"_links":{"self":[{"href":"https:\/\/www.salvatorianas.org.br\/blog\/wp-json\/wp\/v2\/posts\/19696"}],"collection":[{"href":"https:\/\/www.salvatorianas.org.br\/blog\/wp-json\/wp\/v2\/posts"}],"about":[{"href":"https:\/\/www.salvatorianas.org.br\/blog\/wp-json\/wp\/v2\/types\/post"}],"author":[{"embeddable":true,"href":"https:\/\/www.salvatorianas.org.br\/blog\/wp-json\/wp\/v2\/users\/2"}],"replies":[{"embeddable":true,"href":"https:\/\/www.salvatorianas.org.br\/blog\/wp-json\/wp\/v2\/comments?post=19696"}],"version-history":[{"count":1,"href":"https:\/\/www.salvatorianas.org.br\/blog\/wp-json\/wp\/v2\/posts\/19696\/revisions"}],"predecessor-version":[{"id":19698,"href":"https:\/\/www.salvatorianas.org.br\/blog\/wp-json\/wp\/v2\/posts\/19696\/revisions\/19698"}],"wp:featuredmedia":[{"embeddable":true,"href":"https:\/\/www.salvatorianas.org.br\/blog\/wp-json\/wp\/v2\/media\/19697"}],"wp:attachment":[{"href":"https:\/\/www.salvatorianas.org.br\/blog\/wp-json\/wp\/v2\/media?parent=19696"}],"wp:term":[{"taxonomy":"category","embeddable":true,"href":"https:\/\/www.salvatorianas.org.br\/blog\/wp-json\/wp\/v2\/categories?post=19696"},{"taxonomy":"post_tag","embeddable":true,"href":"https:\/\/www.salvatorianas.org.br\/blog\/wp-json\/wp\/v2\/tags?post=19696"}],"curies":[{"name":"wp","href":"https:\/\/api.w.org\/{rel}","templated":true}]}}