{"id":19689,"date":"2023-01-12T09:27:05","date_gmt":"2023-01-12T09:27:05","guid":{"rendered":"https:\/\/www.salvatorianas.org.br\/blog\/?p=19689"},"modified":"2023-01-12T09:27:35","modified_gmt":"2023-01-12T09:27:35","slug":"oracao-do-dia","status":"publish","type":"post","link":"https:\/\/www.salvatorianas.org.br\/blog\/oracao-do-dia\/","title":{"rendered":"Ora\u00e7\u00e3o do dia"},"content":{"rendered":"\n<p>\u00d3 Deus, atendei como pai \u00e0s preces do vosso povo; dai-nos a compreens\u00e3o dos nossos deveres e a for\u00e7a de cumpri-los. Por Nosso Senhor Jesus Cristo, Vosso Filho, na unidade do Esp\u00edrito Santo.<\/p>\n\n\n\n<h3 class=\"wp-block-heading\">Leitura &#8211;&nbsp;Hebreus 3,7-14<\/h3>\n\n\n\n<p>Leitura da carta aos Hebreus.<\/p>\n\n\n\n<p>3 7 Por isso, como diz o Esp\u00edrito Santo: &#8220;Hoje, se ouvirdes a sua voz,<\/p>\n\n\n\n<p>8 n\u00e3o endure\u00e7ais os vossos cora\u00e7\u00f5es, como por ocasi\u00e3o da revolta, como no dia da tenta\u00e7\u00e3o no deserto,<\/p>\n\n\n\n<p>9 quando vossos pais me puseram \u00e0 prova e viram o meu poder por quarenta anos. 10 Eu me indignei contra aquela gera\u00e7\u00e3o, porque andavam sempre extraviados em seu cora\u00e7\u00e3o e n\u00e3o compreendiam absolutamente nada dos meus des\u00edgnios.<\/p>\n\n\n\n<p>11 Por isso, em minha ira, jurei que n\u00e3o haveriam de entrar no lugar de descanso que lhes prometera! &#8220;<\/p>\n\n\n\n<p>12 Tomai precau\u00e7\u00e3o, meus irm\u00e3os, para que ningu\u00e9m de v\u00f3s venha a perder interiormente a f\u00e9, a ponto de abandonar o Deus vivo. 13 Antes, animai-vos mutuamente cada dia durante todo o tempo compreendido na palavra &#8220;hoje&#8221;, para n\u00e3o acontecer que algu\u00e9m se torne empedernido com a sedu\u00e7\u00e3o do pecado. 14 Porque somos incorporados a Cristo, mas sob a condi\u00e7\u00e3o de conservarmos firme at\u00e9 o fim nossa f\u00e9 dos primeiros dias.<\/p>\n\n\n\n<p>Palavra do Senhor.<\/p>\n\n\n\n<h3 class=\"wp-block-heading\">Salmo Responsorial &#8211;&nbsp;94\/95<\/h3>\n\n\n\n<p><strong>Oxal\u00e1 ouv\u00edsseis hoje a sua voz:<\/strong><\/p>\n\n\n\n<p><strong>N\u00e3o fecheis os vossos cora\u00e7\u00f5es.<\/strong><\/p>\n\n\n\n<p>Vinda, adoremos e prostremo-nos por terra,<\/p>\n\n\n\n<p>E ajoelhemos ante o Deus que nos criou!<\/p>\n\n\n\n<p>Porque ele \u00e9 o nosso Deus, nosso pastor,<\/p>\n\n\n\n<p>E n\u00f3s somos o seu povo e seu rebanho,<\/p>\n\n\n\n<p>As ovelhas que conduz com sua m\u00e3o.<\/p>\n\n\n\n<p>Oxal\u00e1 ouv\u00edsseis hoje a sua voz:<\/p>\n\n\n\n<p>\u201cN\u00e3o fecheis os cora\u00e7\u00f5es como em Meriba,<\/p>\n\n\n\n<p>Como em Massa, no deserto, aquele dia,<\/p>\n\n\n\n<p>Em que outrora vossos pais me provocaram,<\/p>\n\n\n\n<p>Apesar de terem visto as minhas obras.<\/p>\n\n\n\n<p>Quarenta anos desgostou-me aquela ra\u00e7a,<\/p>\n\n\n\n<p>E eu disse: Eis um povo transviado,<\/p>\n\n\n\n<p>Seu cora\u00e7\u00e3o n\u00e3o conheceu os meus caminhos!<\/p>\n\n\n\n<p>E por isso lhes jurei na minha ira:<\/p>\n\n\n\n<p>N\u00e3o entrar\u00e3o no meu repouso prometido!\u201d<\/p>\n\n\n\n<h3 class=\"wp-block-heading\">Leitura &#8211;<\/h3>\n\n\n\n<h3 class=\"wp-block-heading\">Evangelho &#8211;&nbsp;Marcos 1,40-45<\/h3>\n\n\n\n<p>Aleluia, aleluia, aleluia.<\/p>\n\n\n\n<p>Jesus pregava a boa-nova, o reino anunciando, e curava toda esp\u00e9cie de doen\u00e7as entre o povo (Mt 4,23).<\/p>\n\n\n\n<p>Proclama\u00e7\u00e3o do Evangelho de Jesus Cristo segundo Marcos.<\/p>\n\n\n\n<p>1 40 Aproximou-se de Jesus um leproso, suplicando-lhe de joelhos: &#8220;Se queres, podes limpar-me.&#8221;<\/p>\n\n\n\n<p>41 Jesus compadeceu-se dele, estendeu a m\u00e3o, tocou-o e lhe disse: &#8220;Eu quero, s\u00ea curado.&#8221;<\/p>\n\n\n\n<p>42 E imediatamente desapareceu dele a lepra e foi purificado.<\/p>\n\n\n\n<p>43 Jesus o despediu imediatamente com esta severa admoesta\u00e7\u00e3o:<\/p>\n\n\n\n<p>44 &#8220;V\u00ea que n\u00e3o o digas a ningu\u00e9m; mas vai, mostra-te ao sacerdote e apresenta, pela tua purifica\u00e7\u00e3o, a oferenda prescrita por Mois\u00e9s para lhe servir de testemunho.&#8221;<\/p>\n\n\n\n<p>45 Este homem, por\u00e9m, logo que se foi, come\u00e7ou a propagar e divulgar o acontecido, de modo que Jesus n\u00e3o podia entrar publicamente numa cidade. Conservava-se fora, nos lugares despovoados; e de toda parte vinham ter com ele.<\/p>\n\n\n\n<p>Palavra da Salva\u00e7\u00e3o.<\/p>\n\n\n\n<h3 class=\"wp-block-heading\">Coment\u00e1rio ao Evangelho<\/h3>\n\n\n\n<p>OS LUGARES DESERTOS<\/p>\n\n\n\n<p>O ass\u00e9dio das multid\u00f5es fazia Jesus evitar as cidades e preferir os lugares desertos, para onde acorria quem precisava de sua ajuda. Esta op\u00e7\u00e3o explica-se pelo desejo de realizar sua miss\u00e3o com plena liberdade, sem ser pressionado pelos ideais messi\u00e2nicos, largamente difundidos nos meios populares. O deserto era apropriado para ele se proteger.<\/p>\n\n\n\n<p>Mas \u00e9 poss\u00edvel fazer uma interpreta\u00e7\u00e3o simb\u00f3lica desta op\u00e7\u00e3o de Jesus. O imagin\u00e1rio da \u00e9poca reportava-se \u00e0s agruras do \u00eaxodo do Egito, quando pensava no deserto. Sendo desabitado, sem vegeta\u00e7\u00e3o, este se torna perigoso e mort\u00edfero. O deserto \u00e9 lugar de prova\u00e7\u00e3o. Nele \u00e9 preciso escolher entre confiar em Deus ou confiar em si mesmo e nas capacidades pessoais de vencer os desafios.<\/p>\n\n\n\n<p>A configura\u00e7\u00e3o terr\u00edvel do deserto gerou a cren\u00e7a de que, nele, habita o Diabo, como se fosse o lugar escolhido, por ser neutro, para o confronto com Deus. As cenas evang\u00e9licas da tenta\u00e7\u00e3o s\u00e3o, por isso, situadas no deserto, para onde Jesus \u00e9 conduzido pelo Esp\u00edrito.<\/p>\n\n\n\n<p>Escolhendo o deserto como lugar de a\u00e7\u00e3o, Jesus combatia o inimigo da humanidade, dentro dos dom\u00ednios deste. Esta luta sem tr\u00e9gua marcou a a\u00e7\u00e3o do Mestre, pois a implanta\u00e7\u00e3o do Reino supunha a derrota das for\u00e7as diab\u00f3licas. Ele as enfrentou e venceu, com destemor. Sinal disto foram as curas e os milagres realizados nas regi\u00f5es desertas. Com a chegada de Jesus, o Diabo perdeu o poder de oprimir o ser humano.<\/p>\n","protected":false},"excerpt":{"rendered":"<p>\u00d3 Deus, atendei como pai \u00e0s preces do vosso povo; dai-nos a compreens\u00e3o dos nossos deveres e a for\u00e7a de cumpri-los. Por Nosso Senhor Jesus Cristo, Vosso Filho, na unidade do Esp\u00edrito Santo&#8230;.<\/p>\n","protected":false},"author":2,"featured_media":19690,"comment_status":"open","ping_status":"open","sticky":false,"template":"","format":"standard","meta":[],"categories":[7],"tags":[],"_links":{"self":[{"href":"https:\/\/www.salvatorianas.org.br\/blog\/wp-json\/wp\/v2\/posts\/19689"}],"collection":[{"href":"https:\/\/www.salvatorianas.org.br\/blog\/wp-json\/wp\/v2\/posts"}],"about":[{"href":"https:\/\/www.salvatorianas.org.br\/blog\/wp-json\/wp\/v2\/types\/post"}],"author":[{"embeddable":true,"href":"https:\/\/www.salvatorianas.org.br\/blog\/wp-json\/wp\/v2\/users\/2"}],"replies":[{"embeddable":true,"href":"https:\/\/www.salvatorianas.org.br\/blog\/wp-json\/wp\/v2\/comments?post=19689"}],"version-history":[{"count":1,"href":"https:\/\/www.salvatorianas.org.br\/blog\/wp-json\/wp\/v2\/posts\/19689\/revisions"}],"predecessor-version":[{"id":19691,"href":"https:\/\/www.salvatorianas.org.br\/blog\/wp-json\/wp\/v2\/posts\/19689\/revisions\/19691"}],"wp:featuredmedia":[{"embeddable":true,"href":"https:\/\/www.salvatorianas.org.br\/blog\/wp-json\/wp\/v2\/media\/19690"}],"wp:attachment":[{"href":"https:\/\/www.salvatorianas.org.br\/blog\/wp-json\/wp\/v2\/media?parent=19689"}],"wp:term":[{"taxonomy":"category","embeddable":true,"href":"https:\/\/www.salvatorianas.org.br\/blog\/wp-json\/wp\/v2\/categories?post=19689"},{"taxonomy":"post_tag","embeddable":true,"href":"https:\/\/www.salvatorianas.org.br\/blog\/wp-json\/wp\/v2\/tags?post=19689"}],"curies":[{"name":"wp","href":"https:\/\/api.w.org\/{rel}","templated":true}]}}