{"id":19684,"date":"2023-01-11T01:00:00","date_gmt":"2023-01-11T01:00:00","guid":{"rendered":"https:\/\/www.salvatorianas.org.br\/blog\/?p=19684"},"modified":"2023-01-10T17:46:28","modified_gmt":"2023-01-10T17:46:28","slug":"1a-semana-do-tempo-comum-quarta-feira","status":"publish","type":"post","link":"https:\/\/www.salvatorianas.org.br\/blog\/1a-semana-do-tempo-comum-quarta-feira\/","title":{"rendered":"1\u00aa Semana do Tempo Comum | Quarta-feira"},"content":{"rendered":"\n<h3 class=\"wp-block-heading\">Ora\u00e7\u00e3o do dia<\/h3>\n\n\n\n<p>\u00d3 Deus, atendei como pai \u00e0s preces do vosso povo; dai-nos a compreens\u00e3o dos nossos deveres e a for\u00e7a de cumpri-los. Por Nosso Senhor Jesus Cristo, Vosso Filho, na unidade do Esp\u00edrito Santo.<\/p>\n\n\n\n<h3 class=\"wp-block-heading\">Leitura &#8211;&nbsp;Hebreus 2,14-18<\/h3>\n\n\n\n<p>Leitura da carta aos Hebreus.<\/p>\n\n\n\n<p>2 14 Porquanto os filhos participam da mesma natureza, da mesma carne e do sangue, tamb\u00e9m ele participou, a fim de destruir pela morte aquele que tinha o imp\u00e9rio da morte, isto \u00e9, o dem\u00f4nio, 15 e libertar aqueles que, pelo medo da morte, estavam toda a vida sujeitos a uma verdadeira escravid\u00e3o. 16 Veio em socorro, n\u00e3o dos anjos, e sim da ra\u00e7a de Abra\u00e3o; 17 e por isso convinha que ele se tornasse em tudo semelhante aos seus irm\u00e3os, para ser um pont\u00edfice compassivo e fiel no servi\u00e7o de Deus, capaz de expiar os pecados do povo. 18 De fato, por ter ele mesmo suportado tribula\u00e7\u00f5es, est\u00e1 em condi\u00e7\u00e3o de vir em aux\u00edlio dos que s\u00e3o atribulados.<\/p>\n\n\n\n<p>Palavra do Senhor.<\/p>\n\n\n\n<h3 class=\"wp-block-heading\">Salmo Responsorial &#8211;&nbsp;104\/105<\/h3>\n\n\n\n<p><strong>O Senhor se lembra sempre da alian\u00e7a.<\/strong><\/p>\n\n\n\n<p>Dai gra\u00e7as ao Senhor, gritai seu nome,<\/p>\n\n\n\n<p>anunciai entre as na\u00e7\u00f5es seus grandes feitos!<\/p>\n\n\n\n<p>Cantai, entoai salmos para ele,<\/p>\n\n\n\n<p>publicai todas as suas maravilhas!<\/p>\n\n\n\n<p>Gloriai-vos em seu nome que \u00e9 santo,<\/p>\n\n\n\n<p>exulte o cora\u00e7\u00e3o que busca a Deus!<\/p>\n\n\n\n<p>Procurai o Senhor Deus e seu poder,<\/p>\n\n\n\n<p>buscai constantemente a sua face!<\/p>\n\n\n\n<p>Descendentes de Abra\u00e3o, seu servidor,<\/p>\n\n\n\n<p>e filhos de Jac\u00f3, seu escolhido,<\/p>\n\n\n\n<p>ele mesmo, o Senhor, \u00e9 nosso Deus,<\/p>\n\n\n\n<p>vigoram suas leis em toda a terra.<\/p>\n\n\n\n<p>Ele sempre se recorda da alian\u00e7a,<\/p>\n\n\n\n<p>promulgada a incont\u00e1veis gera\u00e7\u00f5es;<\/p>\n\n\n\n<p>da alian\u00e7a que ele fez com Abra\u00e3o<\/p>\n\n\n\n<p>e do seu santo juramento a Isaac.<\/p>\n\n\n\n<h3 class=\"wp-block-heading\">Leitura &#8211;<\/h3>\n\n\n\n<h3 class=\"wp-block-heading\">Evangelho &#8211;&nbsp;Marcos 1,29-39<\/h3>\n\n\n\n<p>Aleluia, aleluia, aleluia.<\/p>\n\n\n\n<p>Minhas ovelhas escutam minha voz, e as conhe\u00e7o e elas me seguem (Jo 10,27).<\/p>\n\n\n\n<p>Proclama\u00e7\u00e3o do Evangelho de Jesus Cristo segundo Marcos.<\/p>\n\n\n\n<p>1 29 Assim que sa\u00edram da sinagoga, Jesus, com Tiago e Jo\u00e3o, dirigiu-se \u00e0 casa de Sim\u00e3o e Andr\u00e9.<\/p>\n\n\n\n<p>30 A sogra de Sim\u00e3o estava de cama, com febre; e sem tardar, falaram-lhe a respeito dela.<\/p>\n\n\n\n<p>31 Aproximando-se ele, tomou-a pela m\u00e3o e levantou-a; imediatamente a febre a deixou e ela p\u00f4s-se a servi-los.<\/p>\n\n\n\n<p>32 \u00c0 tarde, depois do p\u00f4r-do-sol, levaram-lhe todos os enfermos e possessos do dem\u00f4nio. 33 Toda a cidade estava reunida diante da porta.<\/p>\n\n\n\n<p>34 Ele curou muitos que estavam oprimidos de diversas doen\u00e7as, e expulsou muitos dem\u00f4nios. N\u00e3o lhes permitia falar, porque o conheciam.<\/p>\n\n\n\n<p>35 De manh\u00e3, tendo-se levantado muito antes do amanhecer, ele saiu e foi para um lugar deserto, e ali se p\u00f4s em ora\u00e7\u00e3o.<\/p>\n\n\n\n<p>36 Sim\u00e3o e os seus companheiros sa\u00edram a procur\u00e1-lo.<\/p>\n\n\n\n<p>37 Encontraram-no e disseram-lhe: &#8220;Todos te procuram.&#8221;<\/p>\n\n\n\n<p>38 E ele respondeu-lhes: &#8220;Vamos \u00e0s aldeias vizinhas, para que eu pregue tamb\u00e9m l\u00e1, pois, para isso \u00e9 que vim.&#8221;<\/p>\n\n\n\n<p>39 Ele retirou-se dali, pregando em todas as sinagogas e por toda a Galileia, e expulsando os dem\u00f4nios.<\/p>\n\n\n\n<p>Palavra da Salva\u00e7\u00e3o.<\/p>\n\n\n\n<h3 class=\"wp-block-heading\">Coment\u00e1rio ao Evangelho<\/h3>\n\n\n\n<p>DO CULTO AO SERVI\u00c7O<\/p>\n\n\n\n<p>Como bom judeu, Jesus n\u00e3o se furtava de participar da assembleia sinagogal, em dia de s\u00e1bado. A celebra\u00e7\u00e3o do culto oferecia-lhe a possibilidade de exercer o minist\u00e9rio da palavra. Servindo-se de um direito facultado \u00e0s pessoas adultas, do sexo masculino, ensinava na sinagoga, com uma autoridade desconhecida at\u00e9 ent\u00e3o. Sua doutrina deixava os ouvintes admirados, pois era de qualidade diferente daquela dos rabinos tradicionais.<\/p>\n\n\n\n<p>N\u00f3s conhecemos muito bem a doutrina de Jesus. Ele falava do amor, da necessidade de viver reconciliado, da urg\u00eancia de ser solid\u00e1rio com os pobres e pequeninos, por serem os preferidos de Deus, enfim, falava do Reino do Pai a ser implantado num mundo marcado pela impiedade.<\/p>\n\n\n\n<p>Das palavras Jesus passava \u00e0 a\u00e7\u00e3o. E comprovava, com a vida, a for\u00e7a de seus ensinamentos. De certa forma, o culto prosseguia no servi\u00e7o aos doentes, na liberta\u00e7\u00e3o dos oprimidos pelos maus esp\u00edritos, na sua vida de profunda comunh\u00e3o com o Pai, mediante a ora\u00e7\u00e3o, no seu zelo incans\u00e1vel em ajudar a todos. Por isso, recusava-se a ficar preso a um s\u00f3 lugar, ou a esperar que viessem at\u00e9 ele. Pelo contr\u00e1rio, ia pelas cidades e aldeias exercendo o minist\u00e9rio da palavra e o minist\u00e9rio da caridade, duas faces da mesma moeda.<\/p>\n\n\n\n<p>A \u00edntima rela\u00e7\u00e3o entre palavra e a\u00e7\u00e3o dava credibilidade ao minist\u00e9rio de Jesus. Sua vida consistia numa demonstra\u00e7\u00e3o perfeita do que ensinava. Por conseguinte, ao deixar a sinagoga, s\u00f3 lhe restava fazer o bem.<\/p>\n","protected":false},"excerpt":{"rendered":"<p>Ora\u00e7\u00e3o do dia \u00d3 Deus, atendei como pai \u00e0s preces do vosso povo; dai-nos a compreens\u00e3o dos nossos deveres e a for\u00e7a de cumpri-los. Por Nosso Senhor Jesus Cristo, Vosso Filho, na unidade&#8230;<\/p>\n","protected":false},"author":2,"featured_media":19685,"comment_status":"open","ping_status":"open","sticky":false,"template":"","format":"standard","meta":[],"categories":[7],"tags":[],"_links":{"self":[{"href":"https:\/\/www.salvatorianas.org.br\/blog\/wp-json\/wp\/v2\/posts\/19684"}],"collection":[{"href":"https:\/\/www.salvatorianas.org.br\/blog\/wp-json\/wp\/v2\/posts"}],"about":[{"href":"https:\/\/www.salvatorianas.org.br\/blog\/wp-json\/wp\/v2\/types\/post"}],"author":[{"embeddable":true,"href":"https:\/\/www.salvatorianas.org.br\/blog\/wp-json\/wp\/v2\/users\/2"}],"replies":[{"embeddable":true,"href":"https:\/\/www.salvatorianas.org.br\/blog\/wp-json\/wp\/v2\/comments?post=19684"}],"version-history":[{"count":1,"href":"https:\/\/www.salvatorianas.org.br\/blog\/wp-json\/wp\/v2\/posts\/19684\/revisions"}],"predecessor-version":[{"id":19686,"href":"https:\/\/www.salvatorianas.org.br\/blog\/wp-json\/wp\/v2\/posts\/19684\/revisions\/19686"}],"wp:featuredmedia":[{"embeddable":true,"href":"https:\/\/www.salvatorianas.org.br\/blog\/wp-json\/wp\/v2\/media\/19685"}],"wp:attachment":[{"href":"https:\/\/www.salvatorianas.org.br\/blog\/wp-json\/wp\/v2\/media?parent=19684"}],"wp:term":[{"taxonomy":"category","embeddable":true,"href":"https:\/\/www.salvatorianas.org.br\/blog\/wp-json\/wp\/v2\/categories?post=19684"},{"taxonomy":"post_tag","embeddable":true,"href":"https:\/\/www.salvatorianas.org.br\/blog\/wp-json\/wp\/v2\/tags?post=19684"}],"curies":[{"name":"wp","href":"https:\/\/api.w.org\/{rel}","templated":true}]}}