{"id":19680,"date":"2023-01-10T00:50:46","date_gmt":"2023-01-10T00:50:46","guid":{"rendered":"https:\/\/www.salvatorianas.org.br\/blog\/?p=19680"},"modified":"2023-01-10T00:50:47","modified_gmt":"2023-01-10T00:50:47","slug":"nota-de-repudio","status":"publish","type":"post","link":"https:\/\/www.salvatorianas.org.br\/blog\/nota-de-repudio\/","title":{"rendered":"Nota de Rep\u00fadio"},"content":{"rendered":"\n<p>As irm\u00e3s Salvatorianas, Formandas e Colaboradores vem a p\u00fablico expressar sua reprova\u00e7\u00e3o, inconformidade e indigna\u00e7\u00e3o com os atos de vandalismo e antidemocr\u00e1ticos ocorridos em Bras\u00edlia, no \u00faltimo domingo, 08 de janeiro.<\/p>\n\n\n\n<p>Acreditamos que a \u00e9tica e o respeito pelo pr\u00f3ximo, pela vida e pela democracia s\u00e3o fatores imprescind\u00edveis para constru\u00e7\u00e3o de uma sociedade mais justa e humana.<\/p>\n\n\n\n<p>Nossos valores crist\u00e3os s\u00e3o pautados no amor ao pr\u00f3ximo, gera\u00e7\u00e3o de valor social, empatia, entre outros.<\/p>\n\n\n\n<p>Lamentamos imensamente todos esses tr\u00e1gicos acontecimentos e intercedemos para que toda essa propaga\u00e7\u00e3o de \u00f3dio e viol\u00eancia sejam revertidos em solidariedade, democracia pac\u00edfica, uma na\u00e7\u00e3o que visa o avan\u00e7o, a ordem e o progresso do nosso pa\u00eds.<\/p>\n","protected":false},"excerpt":{"rendered":"<p>As irm\u00e3s Salvatorianas, Formandas e Colaboradores vem a p\u00fablico expressar sua reprova\u00e7\u00e3o, inconformidade e indigna\u00e7\u00e3o com os atos de vandalismo e antidemocr\u00e1ticos ocorridos em Bras\u00edlia, no \u00faltimo domingo, 08 de janeiro. Acreditamos que&#8230;<\/p>\n","protected":false},"author":2,"featured_media":19682,"comment_status":"open","ping_status":"open","sticky":false,"template":"","format":"standard","meta":[],"categories":[1],"tags":[],"_links":{"self":[{"href":"https:\/\/www.salvatorianas.org.br\/blog\/wp-json\/wp\/v2\/posts\/19680"}],"collection":[{"href":"https:\/\/www.salvatorianas.org.br\/blog\/wp-json\/wp\/v2\/posts"}],"about":[{"href":"https:\/\/www.salvatorianas.org.br\/blog\/wp-json\/wp\/v2\/types\/post"}],"author":[{"embeddable":true,"href":"https:\/\/www.salvatorianas.org.br\/blog\/wp-json\/wp\/v2\/users\/2"}],"replies":[{"embeddable":true,"href":"https:\/\/www.salvatorianas.org.br\/blog\/wp-json\/wp\/v2\/comments?post=19680"}],"version-history":[{"count":1,"href":"https:\/\/www.salvatorianas.org.br\/blog\/wp-json\/wp\/v2\/posts\/19680\/revisions"}],"predecessor-version":[{"id":19683,"href":"https:\/\/www.salvatorianas.org.br\/blog\/wp-json\/wp\/v2\/posts\/19680\/revisions\/19683"}],"wp:featuredmedia":[{"embeddable":true,"href":"https:\/\/www.salvatorianas.org.br\/blog\/wp-json\/wp\/v2\/media\/19682"}],"wp:attachment":[{"href":"https:\/\/www.salvatorianas.org.br\/blog\/wp-json\/wp\/v2\/media?parent=19680"}],"wp:term":[{"taxonomy":"category","embeddable":true,"href":"https:\/\/www.salvatorianas.org.br\/blog\/wp-json\/wp\/v2\/categories?post=19680"},{"taxonomy":"post_tag","embeddable":true,"href":"https:\/\/www.salvatorianas.org.br\/blog\/wp-json\/wp\/v2\/tags?post=19680"}],"curies":[{"name":"wp","href":"https:\/\/api.w.org\/{rel}","templated":true}]}}