{"id":19677,"date":"2023-01-10T01:00:00","date_gmt":"2023-01-10T01:00:00","guid":{"rendered":"https:\/\/www.salvatorianas.org.br\/blog\/?p=19677"},"modified":"2023-01-09T23:04:50","modified_gmt":"2023-01-09T23:04:50","slug":"1a-semana-do-tempo-comum-terca-feira","status":"publish","type":"post","link":"https:\/\/www.salvatorianas.org.br\/blog\/1a-semana-do-tempo-comum-terca-feira\/","title":{"rendered":"1\u00aa Semana do Tempo Comum | Ter\u00e7a-feira"},"content":{"rendered":"\n<h3 class=\"wp-block-heading\">Ora\u00e7\u00e3o do dia<\/h3>\n\n\n\n<p>\u00d3 Deus, atendei como pai \u00e0s preces do vosso povo; dai-nos a compreens\u00e3o dos nossos deveres e a for\u00e7a de cumpri-los. Por Nosso Senhor Jesus Cristo, Vosso Filho, na unidade do Esp\u00edrito Santo.<\/p>\n\n\n\n<h3 class=\"wp-block-heading\">Leitura &#8211;&nbsp;Hebreus 2,5-12<\/h3>\n\n\n\n<p>Leitura da carta aos Hebreus.<\/p>\n\n\n\n<p>2 5 N\u00e3o foi tampouco aos anjos que Deus submeteu o mundo vindouro, de que falamos.6 Algu\u00e9m em certa passagem afirmou: &#8220;Que \u00e9 o homem para que dele te lembres, ou o filho do homem, para que o visites?<\/p>\n\n\n\n<p>7 Por pouco tempo o colocaste inferior aos anjos; de gl\u00f3ria e de honra o coroaste,<\/p>\n\n\n\n<p>8 e sujeitaste a seus p\u00e9s todas as coisas&#8221;.<\/p>\n\n\n\n<p>Ora, se lhe sujeitou todas as coisas, nada deixou que n\u00e3o lhe ficasse sujeito. Atualmente, \u00e9 verdade, n\u00e3o vemos que tudo lhe esteja sujeito.<\/p>\n\n\n\n<p>9 Mas aquele que fora colocado por pouco tempo abaixo dos anjos, Jesus, n\u00f3s o vemos, por sua Paix\u00e3o e morte, coroado de gl\u00f3ria e de honra. Assim, pela gra\u00e7a de Deus, a sua morte aproveita a todos os homens.<\/p>\n\n\n\n<p>10 Aquele para quem e por quem todas as coisas existem, desejando conduzir \u00e0 gl\u00f3ria numerosos filhos, deliberou elevar \u00e0 perfei\u00e7\u00e3o, pelo sofrimento, o autor da salva\u00e7\u00e3o deles,11 para que santificador e santificados formem um s\u00f3 todo. Por isso, (Jesus) n\u00e3o hesita em cham\u00e1-los seus irm\u00e3os,<\/p>\n\n\n\n<p>12 dizendo: &#8220;Anunciarei teu nome a meus irm\u00e3os, no meio da assembleia cantarei os teus louvores&#8221;.<\/p>\n\n\n\n<p>Palavra do Senhor.<\/p>\n\n\n\n<h3 class=\"wp-block-heading\">Salmo Responsorial &#8211;&nbsp;8<\/h3>\n\n\n\n<p><strong>Destes dom\u00ednio ao vosso Filho<\/strong><\/p>\n\n\n\n<p><strong>sobre tudo o que criastes.<\/strong><\/p>\n\n\n\n<p>\u00d3 Senhor, nosso Deus, como \u00e9 grande<\/p>\n\n\n\n<p>vosso nome por todo o universo!<\/p>\n\n\n\n<p>Perguntamos: \u201cSenhor, que \u00e9 o homem,<\/p>\n\n\n\n<p>para dele assim vos lembrardes<\/p>\n\n\n\n<p>e o tratardes com tanto carinho?\u201d<\/p>\n\n\n\n<p>Pouco abaixo de Deus o fizestes,<\/p>\n\n\n\n<p>coroando-o de gl\u00f3ria e esplendor;<\/p>\n\n\n\n<p>v\u00f3s lhe destes poder sobre tudo,<\/p>\n\n\n\n<p>vossas obras aos p\u00e9s lhe pusestes.<\/p>\n\n\n\n<p>As ovelhas, os bois, os rebanhos,<\/p>\n\n\n\n<p>todo o gado e as feras da mata;<\/p>\n\n\n\n<p>passarinhos e peixes dos mares,<\/p>\n\n\n\n<p>todo ser que se move nas \u00e1guas.<\/p>\n\n\n\n<h3 class=\"wp-block-heading\">Leitura &#8211;<\/h3>\n\n\n\n<h3 class=\"wp-block-heading\">Evangelho &#8211;&nbsp;Marcos 1,21-28<\/h3>\n\n\n\n<p>Aleluia, aleluia, aleluia.<\/p>\n\n\n\n<p>Acolhei a palavra de Deus n\u00e3o como palavra humana, mas como mensagem de Deus, o que ela \u00e9, em verdade! (1Ts 2,13).<\/p>\n\n\n\n<p>Proclama\u00e7\u00e3o do Evangelho de Jesus Cristo segundo Marcos.<\/p>\n\n\n\n<p>1 21 Jesus e seus disc\u00edpulos dirigiram-se para Cafarnaum. E j\u00e1 no dia de s\u00e1bado, Jesus entrou na sinagoga e p\u00f4s-se a ensinar.<\/p>\n\n\n\n<p>22 Maravilhavam-se da sua doutrina, porque os ensinava como quem tem autoridade e n\u00e3o como os escribas.<\/p>\n\n\n\n<p>23 Ora, na sinagoga deles achava-se um homem possesso de um esp\u00edrito imundo, que gritou:<\/p>\n\n\n\n<p>24 &#8220;Que tens tu conosco, Jesus de Nazar\u00e9? Vieste perder-nos? Sei quem \u00e9s: o Santo de Deus!<\/p>\n\n\n\n<p>25 Mas Jesus intimou-o, dizendo: &#8220;Cala-te, sai deste homem!&#8221;<\/p>\n\n\n\n<p>26 O esp\u00edrito imundo agitou-o violentamente e, dando um grande grito, saiu.<\/p>\n\n\n\n<p>27 Ficaram todos t\u00e3o admirados, que perguntavam uns aos outros: &#8220;Que \u00e9 isto? Eis um ensinamento novo, e feito com autoridade; al\u00e9m disso, ele manda at\u00e9 nos esp\u00edritos imundos e lhe obedecem!&#8221;<\/p>\n\n\n\n<p>28 A sua fama divulgou-se logo por todos os arredores da Galileia.<\/p>\n\n\n\n<p>Palavra da Salva\u00e7\u00e3o.<\/p>\n\n\n\n<h3 class=\"wp-block-heading\">Coment\u00e1rio ao Evangelho<\/h3>\n\n\n\n<p>PERSONALIDADES INCOMPAT\u00cdVEIS<\/p>\n\n\n\n<p>A pergunta desesperada do homem possu\u00eddo por um esp\u00edrito imundo revela a incompatibilidade radical que existe entre Jesus e tudo quanto lhe \u00e9 contr\u00e1rio. A frase &#8220;Que temos n\u00f3s contigo, Jesus de Nazar\u00e9?&#8221; pode ser assim desdobrada: &#8220;Que existe em comum entre n\u00f3s?&#8221;; &#8220;O que voc\u00ea est\u00e1 querendo fazer conosco?&#8221;; &#8220;Qual a sua inten\u00e7\u00e3o a nosso respeito?&#8221;.<\/p>\n\n\n\n<p>Evidentemente, entre Jesus e o esp\u00edrito imundo nada havia em comum. Um libertava o ser humano, o outro o escravizava. Um recuperava as pessoas para Deus, j\u00e1 o outro as afastava sempre mais do projeto do Pai, numa aberta afronta a ele. Um restaurava no cora\u00e7\u00e3o humano o sentido da vida fraterna e solid\u00e1ria, o outro, pelo contr\u00e1rio, gerava disc\u00f3rdia e divis\u00e3o. Um encarnava a novidade da miseric\u00f3rdia de Deus, o outro insistia no caminho inconveniente da soberba. Por isso, a \u00fanica inten\u00e7\u00e3o de Jesus era derrotar este esp\u00edrito mau.<\/p>\n\n\n\n<p>\u00c0 ordem do Mestre, ele deixou o possesso, depois de agit\u00e1-lo violentamente e fazer grande alarido.<\/p>\n\n\n\n<p>Esta \u00e9 a imagem do que se passa no cora\u00e7\u00e3o de cada um de n\u00f3s: o mau esp\u00edrito reluta em abandonar o espa\u00e7o conquistado no nosso interior. Se n\u00e3o nos deixamos ajudar por Jesus, corremos o risco de permanecer escravos desse esp\u00edrito do mal. O discipulado crist\u00e3o exige que fa\u00e7amos a experi\u00eancia de ser libertados pelo Mestre, pois \u00e9 imposs\u00edvel compatibiliz\u00e1-lo com as for\u00e7as do mal que age dentro de n\u00f3s.<\/p>\n","protected":false},"excerpt":{"rendered":"<p>Ora\u00e7\u00e3o do dia \u00d3 Deus, atendei como pai \u00e0s preces do vosso povo; dai-nos a compreens\u00e3o dos nossos deveres e a for\u00e7a de cumpri-los. Por Nosso Senhor Jesus Cristo, Vosso Filho, na unidade&#8230;<\/p>\n","protected":false},"author":2,"featured_media":19678,"comment_status":"open","ping_status":"open","sticky":false,"template":"","format":"standard","meta":[],"categories":[7],"tags":[],"_links":{"self":[{"href":"https:\/\/www.salvatorianas.org.br\/blog\/wp-json\/wp\/v2\/posts\/19677"}],"collection":[{"href":"https:\/\/www.salvatorianas.org.br\/blog\/wp-json\/wp\/v2\/posts"}],"about":[{"href":"https:\/\/www.salvatorianas.org.br\/blog\/wp-json\/wp\/v2\/types\/post"}],"author":[{"embeddable":true,"href":"https:\/\/www.salvatorianas.org.br\/blog\/wp-json\/wp\/v2\/users\/2"}],"replies":[{"embeddable":true,"href":"https:\/\/www.salvatorianas.org.br\/blog\/wp-json\/wp\/v2\/comments?post=19677"}],"version-history":[{"count":1,"href":"https:\/\/www.salvatorianas.org.br\/blog\/wp-json\/wp\/v2\/posts\/19677\/revisions"}],"predecessor-version":[{"id":19679,"href":"https:\/\/www.salvatorianas.org.br\/blog\/wp-json\/wp\/v2\/posts\/19677\/revisions\/19679"}],"wp:featuredmedia":[{"embeddable":true,"href":"https:\/\/www.salvatorianas.org.br\/blog\/wp-json\/wp\/v2\/media\/19678"}],"wp:attachment":[{"href":"https:\/\/www.salvatorianas.org.br\/blog\/wp-json\/wp\/v2\/media?parent=19677"}],"wp:term":[{"taxonomy":"category","embeddable":true,"href":"https:\/\/www.salvatorianas.org.br\/blog\/wp-json\/wp\/v2\/categories?post=19677"},{"taxonomy":"post_tag","embeddable":true,"href":"https:\/\/www.salvatorianas.org.br\/blog\/wp-json\/wp\/v2\/tags?post=19677"}],"curies":[{"name":"wp","href":"https:\/\/api.w.org\/{rel}","templated":true}]}}