{"id":19674,"date":"2023-01-09T09:35:41","date_gmt":"2023-01-09T09:35:41","guid":{"rendered":"https:\/\/www.salvatorianas.org.br\/blog\/?p=19674"},"modified":"2023-01-09T09:35:42","modified_gmt":"2023-01-09T09:35:42","slug":"batismo-do-senhor-festa-segunda-feira","status":"publish","type":"post","link":"https:\/\/www.salvatorianas.org.br\/blog\/batismo-do-senhor-festa-segunda-feira\/","title":{"rendered":"Batismo do Senhor &#8211; Festa | Segunda-feira"},"content":{"rendered":"\n<h3 class=\"wp-block-heading\">Ora\u00e7\u00e3o do dia<\/h3>\n\n\n\n<p>Deus eterno e todo-poderoso, que, sendo Cristo batizado no Jord\u00e3o e pairando sobre ele o Esp\u00edrito Santo, o declarastes solenemente vosso Filho, concedei aos vossos filhos adotivos, renascidos da \u00e1gua e do Esp\u00edrito Santo, perseverar constantemente em vosso amor. Por Nosso Senhor Jesus Cristo, Vosso Filho, na unidade do Esp\u00edrito Santo.<\/p>\n\n\n\n<h3 class=\"wp-block-heading\">Leitura &#8211;&nbsp;Isa\u00edas 42,1-4.6-7<\/h3>\n\n\n\n<p>Leitura do livro do profeta Isa\u00edas.<\/p>\n\n\n\n<p>42 1 \u201cEis meu Servo que eu amparo, meu eleito ao qual dou toda a minha afei\u00e7\u00e3o, fa\u00e7o repousar sobre ele meu esp\u00edrito, para que leve \u00e0s na\u00e7\u00f5es a verdadeira religi\u00e3o.<\/p>\n\n\n\n<p>2 Ele n\u00e3o grita, nunca eleva a voz, n\u00e3o clama nas ruas.<\/p>\n\n\n\n<p>3 N\u00e3o quebrar\u00e1 o cani\u00e7o rachado, n\u00e3o extinguir\u00e1 a mecha que ainda fumega. Anunciar\u00e1 com toda a franqueza a verdadeira religi\u00e3o; n\u00e3o desanimar\u00e1, nem desfalecer\u00e1,<\/p>\n\n\n\n<p>4 at\u00e9 que tenha estabelecido a verdadeira religi\u00e3o sobre a terra, e at\u00e9 que as ilhas desejem seus ensinamentos.<\/p>\n\n\n\n<p>6 Eu, o Senhor, chamei-te realmente, eu te segurei pela m\u00e3o, eu te formei e designei para ser a alian\u00e7a com os povos, a luz das na\u00e7\u00f5es;<\/p>\n\n\n\n<p>7 para abrir os olhos aos cegos, para tirar do c\u00e1rcere os prisioneiros e da pris\u00e3o aqueles que vivem nas trevas\u201d.<\/p>\n\n\n\n<p>Palavra do Senhor.<\/p>\n\n\n\n<h3 class=\"wp-block-heading\">Salmo Responsorial &#8211;&nbsp;28\/29<\/h3>\n\n\n\n<p><strong>Que o Senhor aben\u00e7oe, com a paz, o seu povo!<\/strong><\/p>\n\n\n\n<p>Filhos de Deus, tributai ao Senhor,<\/p>\n\n\n\n<p>tributai-lhe a gl\u00f3ria e o poder!<\/p>\n\n\n\n<p>Dai-lhe a gl\u00f3ria devida ao seu nome;<\/p>\n\n\n\n<p>adorai-o com santo ornamento!<\/p>\n\n\n\n<p>Eis a voz do Senhor sobre as \u00e1guas,<\/p>\n\n\n\n<p>sua voz sobre as \u00e1guas intensas!<\/p>\n\n\n\n<p>Eis a voz do Senhor com poder!<\/p>\n\n\n\n<p>Eis a voz do Senhor majestosa.<\/p>\n\n\n\n<p>Sua voz no trov\u00e3o reboando!<\/p>\n\n\n\n<p>No seu templo os fi\u00e9is bradam: \u201cGl\u00f3ria!\u201d<\/p>\n\n\n\n<p>\u00c9 o Senhor que domina os dil\u00favios,<\/p>\n\n\n\n<p>o Senhor reinar\u00e1 para sempre!<\/p>\n\n\n\n<h3 class=\"wp-block-heading\">Leitura &#8211;<\/h3>\n\n\n\n<h3 class=\"wp-block-heading\">Evangelho &#8211;&nbsp;Mateus 3,13-17<\/h3>\n\n\n\n<p>Aleluia, aleluia, aleluia.<\/p>\n\n\n\n<p>Abriram-se os c\u00e9us e fez-se ouvir a voz do Pai: Eis meu filho muito amado; escutai-o, todos v\u00f3s! (Mc 9,7)<\/p>\n\n\n\n<p>Proclama\u00e7\u00e3o do Evangelho de Jesus Cristo segundo Mateus.<\/p>\n\n\n\n<p>Naquele tempo, 3 13 da Galileia foi Jesus ao Jord\u00e3o ter com Jo\u00e3o, a fim de ser batizado por ele.<\/p>\n\n\n\n<p>14 Jo\u00e3o recusava-se: &#8220;Eu devo ser batizado por ti e tu vens a mim!&#8221;<\/p>\n\n\n\n<p>15 Mas Jesus lhe respondeu: &#8220;Deixa por agora, pois conv\u00e9m cumpramos a justi\u00e7a completa&#8221;. Ent\u00e3o Jo\u00e3o cedeu.<\/p>\n\n\n\n<p>16 Depois que Jesus foi batizado, saiu logo da \u00e1gua. Eis que os c\u00e9us se abriram e viu descer sobre ele, em forma de pomba, o Esp\u00edrito de Deus.<\/p>\n\n\n\n<p>17 E do c\u00e9u baixou uma voz: &#8220;Eis meu Filho muito amado em quem ponho minha afei\u00e7\u00e3o&#8221;.<\/p>\n\n\n\n<p>Palavra da Salva\u00e7\u00e3o.<\/p>\n\n\n\n<h3 class=\"wp-block-heading\">Coment\u00e1rio ao Evangelho<\/h3>\n\n\n\n<p>SOLID\u00c1RIO COM OS PECADORES<\/p>\n\n\n\n<p>Quando Jesus se apresentou para ser batizado, Jo\u00e3o n\u00e3o s\u00f3 recusou-se a atend\u00ea-lo, como tentou dissuadi-lo, por reconhecer nele o Messias esperado. Da\u00ed sua exclama\u00e7\u00e3o: \u201cSou eu que devo ser batizado por ti, e tu vens a mim?\u201d.<\/p>\n\n\n\n<p>Jo\u00e3o era procurado por toda sorte de pecadores, em busca do batismo purificador, de modo a se prepararem para a chegada do Messias. Arrependidos, e esperan\u00e7osos de serem acolhidos por ele, uma verdadeira multid\u00e3o ia at\u00e9 o Batista, de todas as partes. Este impunha-lhes duras exig\u00eancias de convers\u00e3o. Por isso, ficou confuso ao se deparar com Jesus, para quem seu batismo n\u00e3o teria nenhuma utilidade.<\/p>\n\n\n\n<p>O batismo do Messias teve a finalidade de mostrar publicamente sua solidariedade com a humanidade pecadora que viera salvar. Desde o in\u00edcio do seu minist\u00e9rio, Jesus, na qualidade de Filho dileto de Deus, colocou-se junto do povo, destinat\u00e1rio privilegiado de seu envio por parte do Pai. Sua presen\u00e7a no mundo justificava-se pela preocupa\u00e7\u00e3o divina de reconduzir toda a humanidade \u00e0 comunh\u00e3o com Deus. Logo, quanto mais afastado de Deus estivesse o pecador, tanto mais Jesus estaria interessado por ele.<\/p>\n\n\n\n<p>Da\u00ed ter recordado a Jo\u00e3o ser necess\u00e1rio \u201ccumprir toda a justi\u00e7a\u201d. Esta express\u00e3o referia-se ao des\u00edgnio salvador de Deus para toda a humanidade. Des\u00edgnio do qual tanto Jesus quanto Jo\u00e3o Batista eram media\u00e7\u00e3o. Naquele momento, competia a Jo\u00e3o revelar o rosto solid\u00e1rio do Messias Jesus.<\/p>\n","protected":false},"excerpt":{"rendered":"<p>Ora\u00e7\u00e3o do dia Deus eterno e todo-poderoso, que, sendo Cristo batizado no Jord\u00e3o e pairando sobre ele o Esp\u00edrito Santo, o declarastes solenemente vosso Filho, concedei aos vossos filhos adotivos, renascidos da \u00e1gua&#8230;<\/p>\n","protected":false},"author":2,"featured_media":19675,"comment_status":"open","ping_status":"open","sticky":false,"template":"","format":"standard","meta":[],"categories":[7],"tags":[],"_links":{"self":[{"href":"https:\/\/www.salvatorianas.org.br\/blog\/wp-json\/wp\/v2\/posts\/19674"}],"collection":[{"href":"https:\/\/www.salvatorianas.org.br\/blog\/wp-json\/wp\/v2\/posts"}],"about":[{"href":"https:\/\/www.salvatorianas.org.br\/blog\/wp-json\/wp\/v2\/types\/post"}],"author":[{"embeddable":true,"href":"https:\/\/www.salvatorianas.org.br\/blog\/wp-json\/wp\/v2\/users\/2"}],"replies":[{"embeddable":true,"href":"https:\/\/www.salvatorianas.org.br\/blog\/wp-json\/wp\/v2\/comments?post=19674"}],"version-history":[{"count":1,"href":"https:\/\/www.salvatorianas.org.br\/blog\/wp-json\/wp\/v2\/posts\/19674\/revisions"}],"predecessor-version":[{"id":19676,"href":"https:\/\/www.salvatorianas.org.br\/blog\/wp-json\/wp\/v2\/posts\/19674\/revisions\/19676"}],"wp:featuredmedia":[{"embeddable":true,"href":"https:\/\/www.salvatorianas.org.br\/blog\/wp-json\/wp\/v2\/media\/19675"}],"wp:attachment":[{"href":"https:\/\/www.salvatorianas.org.br\/blog\/wp-json\/wp\/v2\/media?parent=19674"}],"wp:term":[{"taxonomy":"category","embeddable":true,"href":"https:\/\/www.salvatorianas.org.br\/blog\/wp-json\/wp\/v2\/categories?post=19674"},{"taxonomy":"post_tag","embeddable":true,"href":"https:\/\/www.salvatorianas.org.br\/blog\/wp-json\/wp\/v2\/tags?post=19674"}],"curies":[{"name":"wp","href":"https:\/\/api.w.org\/{rel}","templated":true}]}}