{"id":19671,"date":"2023-01-09T09:32:12","date_gmt":"2023-01-09T09:32:12","guid":{"rendered":"https:\/\/www.salvatorianas.org.br\/blog\/?p=19671"},"modified":"2023-01-09T09:33:10","modified_gmt":"2023-01-09T09:33:10","slug":"epifania-do-senhor-solenidade-domingo","status":"publish","type":"post","link":"https:\/\/www.salvatorianas.org.br\/blog\/epifania-do-senhor-solenidade-domingo\/","title":{"rendered":"Epifania do Senhor &#8211; Solenidade | Domingo"},"content":{"rendered":"\n<h3 class=\"wp-block-heading\">Ora\u00e7\u00e3o do dia<\/h3>\n\n\n\n<p>\u00d3 Deus, que hoje revelastes o vosso filho \u00e0s na\u00e7\u00f5es, guiando-as pela estrela, concedei aos vossos servos e servas, que j\u00e1 vos conhecem pela f\u00e9, contemplar-vos um dia face a face no c\u00e9u. Por Nosso Senhor Jesus Cristo, Vosso Filho, na unidade do Esp\u00edrito Santo.<\/p>\n\n\n\n<h3 class=\"wp-block-heading\">Leitura &#8211;&nbsp;Isa\u00edas 60,1-6<\/h3>\n\n\n\n<p>Leitura do livro do profeta Isa\u00edas.<\/p>\n\n\n\n<p>60 1 Levanta-te, s\u00ea radiosa, eis a tua luz! A gl\u00f3ria do Senhor se levanta sobre ti.<\/p>\n\n\n\n<p>2 V\u00ea, a noite cobre a terra e a escurid\u00e3o, os povos, mas sobre ti levanta-se o Senhor, e sua gl\u00f3ria te ilumina.<\/p>\n\n\n\n<p>3 As na\u00e7\u00f5es se encaminhar\u00e3o \u00e0 tua luz, e os reis, ao brilho de tua aurora.<\/p>\n\n\n\n<p>4 Levanta os olhos e olha \u00e0 tua volta: todos se re\u00fanem para vir a ti; teus filhos chegam de longe, e tuas filhas s\u00e3o transportadas \u00e0 garupa.<\/p>\n\n\n\n<p>5 Essa vis\u00e3o tornar-te-\u00e1 radiante; teu cora\u00e7\u00e3o palpitar\u00e1 e se dilatar\u00e1, porque para ti afluir\u00e3o as riquezas do mar, e a ti vir\u00e3o os tesouros das na\u00e7\u00f5es.<\/p>\n\n\n\n<p>6 Ser\u00e1s invadida por uma multid\u00e3o de camelos, pelos dromed\u00e1rios de Madi\u00e3 e de Ef\u00e1; vir\u00e3o todos de Sab\u00e1, trazendo ouro e incenso, e publicando os louvores do Senhor.<\/p>\n\n\n\n<p>Palavra do Senhor.<\/p>\n\n\n\n<h3 class=\"wp-block-heading\">Salmo Responsorial &#8211;&nbsp;71\/72<\/h3>\n\n\n\n<p><strong>As na\u00e7\u00f5es de toda a terra h\u00e3o de adorar-vos, \u00f3 Senhor!<\/strong><\/p>\n\n\n\n<p>Dai ao rei vossos poderes, Senhor Deus,<\/p>\n\n\n\n<p>vossa justi\u00e7a ao descendente da realeza!<\/p>\n\n\n\n<p>Com justi\u00e7a ele governe o vosso povo,<\/p>\n\n\n\n<p>com equidade ele julgue os vossos pobres.<\/p>\n\n\n\n<p>Nos seus dias a justi\u00e7a florir\u00e1<\/p>\n\n\n\n<p>e grande paz, at\u00e9 que a lua perca o brilho!<\/p>\n\n\n\n<p>De mar a mar estender\u00e1 o seu dom\u00ednio,<\/p>\n\n\n\n<p>e desde o rio at\u00e9 os confins de toda a terra!<\/p>\n\n\n\n<p>Os reis de T\u00e1rsis e das ilhas h\u00e3o de vir<\/p>\n\n\n\n<p>e oferecer-lhe seus presentes e seus dons;<\/p>\n\n\n\n<p>e tamb\u00e9m os reis de Seba e de Sab\u00e1<\/p>\n\n\n\n<p>h\u00e3o de trazer-lhe oferendas e tributos.<\/p>\n\n\n\n<p>Os reis de toda a terra h\u00e3o de ador\u00e1-lo,<\/p>\n\n\n\n<p>e todas as na\u00e7\u00f5es h\u00e3o de servi-lo.<\/p>\n\n\n\n<p>Libertar\u00e1 o indigente que suplica<\/p>\n\n\n\n<p>e o pobre ao qual ningu\u00e9m quer ajudar.<\/p>\n\n\n\n<p>Terra pena do indigente e do infeliz,<\/p>\n\n\n\n<p>e a vida dos humildes salvar\u00e1.<\/p>\n\n\n\n<h3 class=\"wp-block-heading\">Leitura &#8211;&nbsp;Ef\u00e9sios 3,2-3.5-6<\/h3>\n\n\n\n<p>Leitura da carta de s\u00e3o Paulo aos Ef\u00e9sios.<\/p>\n\n\n\n<p>Irm\u00e3os, 3 2 v\u00f3s deveis ter aprendido o modo como Deus me concedeu esta gra\u00e7a que me foi feita a vosso respeito.<\/p>\n\n\n\n<p>3 Foi por revela\u00e7\u00e3o que me foi manifestado o mist\u00e9rio que acabo de esbo\u00e7ar.<\/p>\n\n\n\n<p>5 que em outras gera\u00e7\u00f5es n\u00e3o foi manifestado aos homens da maneira como agora tem sido revelado pelo Esp\u00edrito aos seus santos ap\u00f3stolos e profetas.<\/p>\n\n\n\n<p>6 A saber: que os gentios s\u00e3o co-herdeiros conosco (que somos judeus), s\u00e3o membros do mesmo corpo e participantes da promessa em Jesus Cristo pelo Evangelho.<\/p>\n\n\n\n<p>Palavra do Senhor.<\/p>\n\n\n\n<h3 class=\"wp-block-heading\">Evangelho &#8211;&nbsp;Mateus 2,1-12<\/h3>\n\n\n\n<p>Aleluia, aleluia, aleluia.<\/p>\n\n\n\n<p>Vimos sua estrela no Oriente e viemos adorar o Senhor (Mt 2,2).<\/p>\n\n\n\n<p>Proclama\u00e7\u00e3o do Evangelho de Jesus Cristo segundo Mateus.<\/p>\n\n\n\n<p>2 1 Tendo, pois, Jesus nascido em Bel\u00e9m de Jud\u00e1, no tempo do rei Herodes, eis que magos vieram do oriente a Jerusal\u00e9m.<\/p>\n\n\n\n<p>2 Perguntaram eles: &#8220;Onde est\u00e1 o rei dos judeus que acaba de nascer? Vimos a sua estrela no oriente e viemos ador\u00e1-lo&#8221;.<\/p>\n\n\n\n<p>3 A esta not\u00edcia, o rei Herodes ficou perturbado e toda Jerusal\u00e9m com ele.<\/p>\n\n\n\n<p>4 Convocou os pr\u00edncipes dos sacerdotes e os escribas do povo e indagou deles onde havia de nascer o Cristo.<\/p>\n\n\n\n<p>5 Disseram-lhe: &#8220;Em Bel\u00e9m, na Jud\u00e9ia, porque assim foi escrito pelo profeta:<\/p>\n\n\n\n<p>6 \u00b4E tu, Bel\u00e9m, terra de Jud\u00e1, n\u00e3o \u00e9s de modo algum a menor entre as cidades de Jud\u00e1, porque de ti sair\u00e1 o chefe que governar\u00e1 Israel, meu povo\u00b4&#8221;.<\/p>\n\n\n\n<p>7 Herodes, ent\u00e3o, chamou secretamente os magos e perguntou-lhes sobre a \u00e9poca exata em que o astro lhes tinha aparecido.<\/p>\n\n\n\n<p>8 E, enviando-os a Bel\u00e9m, disse: &#8220;Ide e informai-vos bem a respeito do menino. Quando o tiverdes encontrado, comunicai-me, para que eu tamb\u00e9m v\u00e1 ador\u00e1-lo&#8221;.<\/p>\n\n\n\n<p>9 Tendo eles ouvido as palavras do rei, partiram. E eis que e estrela, que tinham visto no oriente, os foi precedendo at\u00e9 chegar sobre o lugar onde estava o menino e ali parou.<\/p>\n\n\n\n<p>10 A apari\u00e7\u00e3o daquela estrela os encheu de profunda alegria.<\/p>\n\n\n\n<p>11 Entrando na casa, acharam o menino com Maria, sua m\u00e3e. Prostrando-se diante dele, o adoraram. Depois, abrindo seus tesouros, ofereceram-lhe como presentes: ouro, incenso e mirra.<\/p>\n\n\n\n<p>12 Avisados em sonhos de n\u00e3o tornarem a Herodes, voltaram para sua terra por outro caminho.<\/p>\n\n\n\n<p>Palavra da Salva\u00e7\u00e3o.<\/p>\n\n\n\n<h3 class=\"wp-block-heading\">Coment\u00e1rio ao Evangelho<\/h3>\n\n\n\n<p>UMA PROCURA SINCERA<\/p>\n\n\n\n<p>A simplicidade dos magos na sua busca do Messias \u00e9 desconcertante. Bastou uma estrela, identificada como sendo dele, para que se pusessem a caminho. As dificuldades e os empecilhos foram todos relativizados. A falta de pistas consistentes n\u00e3o os amedrontou, nem o fato de terem de se dirigir a um pa\u00eds estrangeiro.<\/p>\n\n\n\n<p>No entanto, revelaram-se t\u00e3o sinceros quanto ing\u00eanuos, pois, dirigiram-se, precisamente, ao terr\u00edvel rei Herodes, para informar-se sobre o rei dos judeus que acabara de nascer. Este, intuindo tratar-se de um concorrente, poupou a vida dos magos, para garantir uma pista que o levasse ao rei rec\u00e9m-nascido, seu advers\u00e1rio.<\/p>\n\n\n\n<p>Mas os magos, absorvidos no seu projeto de encontrar o rei dos judeus, n\u00e3o perceberem a trama de Herodes. Por isso, seguiram fielmente as informa\u00e7\u00f5es recebidas. N\u00e3o importava.<\/p>\n\n\n\n<p>A chegada ao lugar onde estava o Menino Jesus foi o resultado de uma busca sincera. A alegria, que lhes encheu o cora\u00e7\u00e3o, brotava da consci\u00eancia de terem seguido a voz interior. Depois de longa caminhada, encontraram, finalmente, o rei dos judeus, pobrezinho e desprovido de sinais exteriores de dignidade. Mesmo assim, prostraram-se para ador\u00e1-lo.<\/p>\n","protected":false},"excerpt":{"rendered":"<p>Ora\u00e7\u00e3o do dia \u00d3 Deus, que hoje revelastes o vosso filho \u00e0s na\u00e7\u00f5es, guiando-as pela estrela, concedei aos vossos servos e servas, que j\u00e1 vos conhecem pela f\u00e9, contemplar-vos um dia face a&#8230;<\/p>\n","protected":false},"author":2,"featured_media":19672,"comment_status":"open","ping_status":"open","sticky":false,"template":"","format":"standard","meta":[],"categories":[7],"tags":[],"_links":{"self":[{"href":"https:\/\/www.salvatorianas.org.br\/blog\/wp-json\/wp\/v2\/posts\/19671"}],"collection":[{"href":"https:\/\/www.salvatorianas.org.br\/blog\/wp-json\/wp\/v2\/posts"}],"about":[{"href":"https:\/\/www.salvatorianas.org.br\/blog\/wp-json\/wp\/v2\/types\/post"}],"author":[{"embeddable":true,"href":"https:\/\/www.salvatorianas.org.br\/blog\/wp-json\/wp\/v2\/users\/2"}],"replies":[{"embeddable":true,"href":"https:\/\/www.salvatorianas.org.br\/blog\/wp-json\/wp\/v2\/comments?post=19671"}],"version-history":[{"count":1,"href":"https:\/\/www.salvatorianas.org.br\/blog\/wp-json\/wp\/v2\/posts\/19671\/revisions"}],"predecessor-version":[{"id":19673,"href":"https:\/\/www.salvatorianas.org.br\/blog\/wp-json\/wp\/v2\/posts\/19671\/revisions\/19673"}],"wp:featuredmedia":[{"embeddable":true,"href":"https:\/\/www.salvatorianas.org.br\/blog\/wp-json\/wp\/v2\/media\/19672"}],"wp:attachment":[{"href":"https:\/\/www.salvatorianas.org.br\/blog\/wp-json\/wp\/v2\/media?parent=19671"}],"wp:term":[{"taxonomy":"category","embeddable":true,"href":"https:\/\/www.salvatorianas.org.br\/blog\/wp-json\/wp\/v2\/categories?post=19671"},{"taxonomy":"post_tag","embeddable":true,"href":"https:\/\/www.salvatorianas.org.br\/blog\/wp-json\/wp\/v2\/tags?post=19671"}],"curies":[{"name":"wp","href":"https:\/\/api.w.org\/{rel}","templated":true}]}}