{"id":19666,"date":"2023-01-07T01:00:00","date_gmt":"2023-01-07T01:00:00","guid":{"rendered":"https:\/\/www.salvatorianas.org.br\/blog\/?p=19666"},"modified":"2023-01-05T10:33:15","modified_gmt":"2023-01-05T10:33:15","slug":"tempo-do-natal-antes-da-epifania-sabado","status":"publish","type":"post","link":"https:\/\/www.salvatorianas.org.br\/blog\/tempo-do-natal-antes-da-epifania-sabado\/","title":{"rendered":"Tempo do Natal antes da Epifania | S\u00e1bado"},"content":{"rendered":"\n<h3 class=\"wp-block-heading\">Ora\u00e7\u00e3o do dia<\/h3>\n\n\n\n<p>Deus eterno e todo-poderoso, pela vinda do vosso Filho, vos manifestastes em nova luz. Assim como ele quis participar da nossa humanidade, nascendo da Virgem, dai-nos participar de sua vida no reino. Por Nosso Senhor Jesus Cristo, Vosso Filho, na unidade do Esp\u00edrito Santo.<\/p>\n\n\n\n<h3 class=\"wp-block-heading\">Leitura &#8211;&nbsp;1 Jo\u00e3o 5,14-21<\/h3>\n\n\n\n<p>Leitura da primeira carta de s\u00e3o Jo\u00e3o.<\/p>\n\n\n\n<p>5 14 Car\u00edssimos, a confian\u00e7a que depositamos nele \u00e9 esta: em tudo quanto lhe pedirmos, se for conforme \u00e0 sua vontade, ele nos atender\u00e1.<\/p>\n\n\n\n<p>15 E se sabemos que ele nos atende em tudo quanto lhe pedirmos, sabemos da\u00ed que j\u00e1 recebemos o que pedimos.<\/p>\n\n\n\n<p>16 Se algu\u00e9m v\u00ea seu irm\u00e3o cometer um pecado que n\u00e3o o conduza \u00e0 morte, reze, e Deus lhe dar\u00e1 a vida; isto para aqueles que n\u00e3o pecam para a morte. H\u00e1 pecado que \u00e9 para morte; n\u00e3o digo que se reze por este.<\/p>\n\n\n\n<p>17 Toda iniquidade \u00e9 pecado, mas h\u00e1 pecado que n\u00e3o leva \u00e0 morte.<\/p>\n\n\n\n<p>18 Sabemos que aquele que nasceu de Deus n\u00e3o peca; mas o que \u00e9 gerado de Deus se acautela, e o Maligno n\u00e3o o toca.<\/p>\n\n\n\n<p>19 Sabemos que somos de Deus, e que o mundo todo jaz sob o Maligno.<\/p>\n\n\n\n<p>20 Sabemos que o Filho de Deus veio e nos deu entendimento para conhecermos o Verdadeiro. E estamos no Verdadeiro, n\u00f3s que estamos em seu Filho Jesus Cristo. Este \u00e9 o verdadeiro Deus e a vida eterna.<\/p>\n\n\n\n<p>21 Filhinhos, guardai-vos dos \u00eddolos!<\/p>\n\n\n\n<p>Palavra do Senhor.<\/p>\n\n\n\n<h3 class=\"wp-block-heading\">Salmo Responsorial &#8211;&nbsp;149<\/h3>\n\n\n\n<p><strong>O Senhor ama seu povo de verdade.<\/strong><\/p>\n\n\n\n<p>Cantai ao Senhor Deus um canto novo<\/p>\n\n\n\n<p>e o seu louvor na assembleia dos fi\u00e9is!<\/p>\n\n\n\n<p>Alegre-se Israel em quem o fez,<\/p>\n\n\n\n<p>e Si\u00e3o se rejubile no seu rei!<\/p>\n\n\n\n<p>Com dan\u00e7as glorifiquem o seu nome,<\/p>\n\n\n\n<p>toquem harpa e tambor em sua honra!<\/p>\n\n\n\n<p>Porque, de fato, o Senhor ama seu povo<\/p>\n\n\n\n<p>e coroa com vit\u00f3ria os seus humildes.<\/p>\n\n\n\n<p>Exultem os fi\u00e9is por sua gl\u00f3ria<\/p>\n\n\n\n<p>e, cantando, se levantem de seus leitos<\/p>\n\n\n\n<p>com louvores do Senhor em sua boca.<\/p>\n\n\n\n<p>Eis a gl\u00f3ria para todos os seus santos.<\/p>\n\n\n\n<h3 class=\"wp-block-heading\">Leitura &#8211;<\/h3>\n\n\n\n<h3 class=\"wp-block-heading\">Evangelho &#8211;&nbsp;Jo\u00e3o 2,1-11<\/h3>\n\n\n\n<p>Aleluia, aleluia, aleluia.<\/p>\n\n\n\n<p>Um grande profeta surgiu entre n\u00f3s e Deus visitou o seu povo, aleluia (Lc 7,16).<\/p>\n\n\n\n<p>Proclama\u00e7\u00e3o do Evangelho de Jesus Cristo segundo Jo\u00e3o.<\/p>\n\n\n\n<p>2 1 Tr\u00eas dias depois, celebravam-se bodas em Can\u00e1 da Galileia, e achava-se ali a m\u00e3e de Jesus.<\/p>\n\n\n\n<p>2 Tamb\u00e9m foram convidados Jesus e os seus disc\u00edpulos.<\/p>\n\n\n\n<p>3 Como viesse a faltar vinho, a m\u00e3e de Jesus disse-lhe: \u201cEles j\u00e1 n\u00e3o t\u00eam vinho\u201d.<\/p>\n\n\n\n<p>4 Respondeu-lhe Jesus: \u201cMulher, isso compete a n\u00f3s? Minha hora ainda n\u00e3o chegou\u201d.<\/p>\n\n\n\n<p>5 Disse, ent\u00e3o, sua m\u00e3e aos serventes: \u201cFazei o que ele vos disser\u201d.<\/p>\n\n\n\n<p>6 Ora, achavam-se ali seis talhas de pedra para as purifica\u00e7\u00f5es dos judeus, que continham cada qual duas ou tr\u00eas medidas.<\/p>\n\n\n\n<p>7 Jesus ordena-lhes: \u201cEnchei as talhas de \u00e1gua\u201d. Eles encheram-nas at\u00e9 em cima.<\/p>\n\n\n\n<p>8 \u201cTirai agora\u201d, disse-lhes Jesus, e levai ao chefe dos serventes. E levaram.<\/p>\n\n\n\n<p>9 Logo que o chefe dos serventes provou da \u00e1gua tornada vinho, n\u00e3o sabendo de onde era (se bem que o soubessem os serventes, pois tinham tirado a \u00e1gua), chamou o noivo<\/p>\n\n\n\n<p>10 e disse-lhe: \u201c\u00c9 costume servir primeiro o vinho bom e, depois, quando os convidados j\u00e1 est\u00e3o quase embriagados, servir o menos bom. Mas tu guardaste o vinho melhor at\u00e9 agora\u201d.<\/p>\n\n\n\n<p>11 Este foi o primeiro milagre de Jesus; realizou-o em Can\u00e1 da Galileia. Manifestou a sua gl\u00f3ria, e os seus disc\u00edpulos creram nele.<\/p>\n\n\n\n<p>Palavra da Salva\u00e7\u00e3o.<\/p>\n\n\n\n<h3 class=\"wp-block-heading\">Coment\u00e1rio ao Evangelho<\/h3>\n\n\n\n<p>O PRIMEIRO SINAL<\/p>\n\n\n\n<p>O milagre em Can\u00e1 da Galileia foi um marco significativo no minist\u00e9rio de Jesus. Com ele, o Messias come\u00e7ava a dar cumprimento \u00e0 miss\u00e3o recebida do Pai, em favor da humanidade.<\/p>\n\n\n\n<p>A transforma\u00e7\u00e3o da \u00e1gua em vinho simbolizou a chegada dos tempos messi\u00e2nicos. O povo comparava a instaura\u00e7\u00e3o do Reino de Deus com uma grande festa, caracterizada pela abund\u00e2ncia de vinho. Em Jesus, o vinho novo do Reino estava sendo oferecido em abund\u00e2ncia. E mais, oferecido gratuitamente, como prenunciava o profeta ao convidar o povo a beber vinho novo, sem pagar. A qualidade superior do vinho era tamb\u00e9m um detalhe importante. O Reino instaurado por Jesus n\u00e3o seria uma reedi\u00e7\u00e3o mal-feita dos esquemas antigos. Ele n\u00e3o pretendia ser um reformador da religi\u00e3o. Antes, sua proposta tinha sabor de novidade, por se fundar no querer do Pai, sem as intromiss\u00f5es humanas t\u00e3o comuns na pr\u00e1tica religiosa daquela \u00e9poca.<\/p>\n\n\n\n<p>A \u00e1gua era usada para as ablu\u00e7\u00f5es rituais dos participantes da festa. No Reino instaurado por Jesus, a purifica\u00e7\u00e3o para a festa seria feita pela pr\u00e1tica do amor, e n\u00e3o com \u00e1gua. Por conseguinte, uma purifica\u00e7\u00e3o do mais \u00edntimo do cora\u00e7\u00e3o, onde se d\u00e1 o encontro da pessoa com Deus.<\/p>\n","protected":false},"excerpt":{"rendered":"<p>Ora\u00e7\u00e3o do dia Deus eterno e todo-poderoso, pela vinda do vosso Filho, vos manifestastes em nova luz. Assim como ele quis participar da nossa humanidade, nascendo da Virgem, dai-nos participar de sua vida&#8230;<\/p>\n","protected":false},"author":2,"featured_media":19667,"comment_status":"open","ping_status":"open","sticky":false,"template":"","format":"standard","meta":[],"categories":[1],"tags":[],"_links":{"self":[{"href":"https:\/\/www.salvatorianas.org.br\/blog\/wp-json\/wp\/v2\/posts\/19666"}],"collection":[{"href":"https:\/\/www.salvatorianas.org.br\/blog\/wp-json\/wp\/v2\/posts"}],"about":[{"href":"https:\/\/www.salvatorianas.org.br\/blog\/wp-json\/wp\/v2\/types\/post"}],"author":[{"embeddable":true,"href":"https:\/\/www.salvatorianas.org.br\/blog\/wp-json\/wp\/v2\/users\/2"}],"replies":[{"embeddable":true,"href":"https:\/\/www.salvatorianas.org.br\/blog\/wp-json\/wp\/v2\/comments?post=19666"}],"version-history":[{"count":1,"href":"https:\/\/www.salvatorianas.org.br\/blog\/wp-json\/wp\/v2\/posts\/19666\/revisions"}],"predecessor-version":[{"id":19668,"href":"https:\/\/www.salvatorianas.org.br\/blog\/wp-json\/wp\/v2\/posts\/19666\/revisions\/19668"}],"wp:featuredmedia":[{"embeddable":true,"href":"https:\/\/www.salvatorianas.org.br\/blog\/wp-json\/wp\/v2\/media\/19667"}],"wp:attachment":[{"href":"https:\/\/www.salvatorianas.org.br\/blog\/wp-json\/wp\/v2\/media?parent=19666"}],"wp:term":[{"taxonomy":"category","embeddable":true,"href":"https:\/\/www.salvatorianas.org.br\/blog\/wp-json\/wp\/v2\/categories?post=19666"},{"taxonomy":"post_tag","embeddable":true,"href":"https:\/\/www.salvatorianas.org.br\/blog\/wp-json\/wp\/v2\/tags?post=19666"}],"curies":[{"name":"wp","href":"https:\/\/api.w.org\/{rel}","templated":true}]}}