{"id":19663,"date":"2023-01-06T01:00:00","date_gmt":"2023-01-06T01:00:00","guid":{"rendered":"https:\/\/www.salvatorianas.org.br\/blog\/?p=19663"},"modified":"2023-01-05T10:25:41","modified_gmt":"2023-01-05T10:25:41","slug":"tempo-do-natal-antes-da-epifania-sexta-feira","status":"publish","type":"post","link":"https:\/\/www.salvatorianas.org.br\/blog\/tempo-do-natal-antes-da-epifania-sexta-feira\/","title":{"rendered":"Tempo do Natal antes da Epifania | Sexta-feira"},"content":{"rendered":"\n<h3 class=\"wp-block-heading\">Ora\u00e7\u00e3o do dia<\/h3>\n\n\n\n<p>\u00d3 Deus, sede a luz dos vossos fi\u00e9is e abrasai seus cora\u00e7\u00f5es com o esplendor da vossa gl\u00f3ria, para reconhecerem sempre o Salvador e a ele aderirem totalmente. Por Nosso Senhor Jesus Cristo, Vosso Filho, na unidade do Esp\u00edrito Santo.<\/p>\n\n\n\n<h3 class=\"wp-block-heading\">Leitura &#8211;&nbsp;1 Jo\u00e3o 5,5-13<\/h3>\n\n\n\n<p>Leitura da primeira carta de s\u00e3o Jo\u00e3o.<\/p>\n\n\n\n<p>5 5 Irm\u00e3os, quem \u00e9 o vencedor do mundo sen\u00e3o aquele que cr\u00ea que Jesus \u00e9 o Filho de Deus?<\/p>\n\n\n\n<p>6 Ei-lo, Jesus Cristo, aquele que veio pela \u00e1gua e pelo sangue; n\u00e3o s\u00f3 pela \u00e1gua, mas pela \u00e1gua e pelo sangue. E o Esp\u00edrito \u00e9 quem d\u00e1 testemunho dele, porque o Esp\u00edrito \u00e9 a verdade.<\/p>\n\n\n\n<p>7 S\u00e3o, assim, tr\u00eas os que d\u00e3o testemunho:<\/p>\n\n\n\n<p>8 o Esp\u00edrito, a \u00e1gua e o sangue; estes tr\u00eas d\u00e3o o mesmo testemunho.<\/p>\n\n\n\n<p>9 Aceitamos o testemunho dos homens. Ora, maior \u00e9 o testemunho de Deus, porque se trata do pr\u00f3prio testemunho de Deus, aquele que ele deu do seu pr\u00f3prio Filho.<\/p>\n\n\n\n<p>10 Aquele que cr\u00ea no Filho de Deus tem em si o testemunho de Deus. Aquele que n\u00e3o cr\u00ea em Deus, o faz mentiroso, porque n\u00e3o cr\u00ea no testemunho que Deus deu a respeito de seu Filho.<\/p>\n\n\n\n<p>11 E o testemunho \u00e9 este: Deus nos deu a vida eterna, e esta vida est\u00e1 em seu Filho.<\/p>\n\n\n\n<p>12 Quem possui o Filho possui a vida; quem n\u00e3o tem o Filho de Deus n\u00e3o tem a vida.<\/p>\n\n\n\n<p>13 Isto vos escrevi para que saibais que tendes a vida eterna, v\u00f3s que credes no nome do Filho de Deus.<\/p>\n\n\n\n<p>Palavra do Senhor.<\/p>\n\n\n\n<h3 class=\"wp-block-heading\">Salmo Responsorial &#8211;&nbsp;147\/148<\/h3>\n\n\n\n<p><strong>Glorifica o Senhor, Jerusal\u00e9m!<\/strong><\/p>\n\n\n\n<p>Glorifica o Senhor, Jerusal\u00e9m!<\/p>\n\n\n\n<p>\u00d3 Si\u00e3o, canta louvores ao teu Deus!<\/p>\n\n\n\n<p>Pois refor\u00e7ou com seguran\u00e7a as tuas portas<\/p>\n\n\n\n<p>e os teus filhos em teu seio aben\u00e7oou.<\/p>\n\n\n\n<p>A paz em teus limites garantiu<\/p>\n\n\n\n<p>e te d\u00e1 como alimento a flor do trigo.<\/p>\n\n\n\n<p>Ele envia suas ordens para a terra,<\/p>\n\n\n\n<p>e a palavra que ele diz corre veloz.<\/p>\n\n\n\n<p>Anuncia a Jac\u00f3 sua palavra,<\/p>\n\n\n\n<p>seus preceitos, suas leis a Israel.<\/p>\n\n\n\n<p>Nenhum povo recebeu tanto carinho,<\/p>\n\n\n\n<p>nenhum outro revelou os seus preceitos.<\/p>\n\n\n\n<h3 class=\"wp-block-heading\">Leitura &#8211;<\/h3>\n\n\n\n<h3 class=\"wp-block-heading\">Evangelho &#8211;&nbsp;Marcos 1,7-11<\/h3>\n\n\n\n<p>Aleluia, aleluia, aleluia.<\/p>\n\n\n\n<p>Abriram-se os c\u00e9us, e fez-se ouvir a voz do Pai: Eis meu Filho muito amado, escutai-o, todos v\u00f3s! (Mc 9,7).<\/p>\n\n\n\n<p>Proclama\u00e7\u00e3o do Evangelho de Jesus Cristo segundo Lucas.<\/p>\n\n\n\n<p>1 7 Ele p\u00f4s-se a proclamar: &#8220;Depois de mim vem outro mais poderoso do que eu, ante o qual n\u00e3o sou digno de me prostrar para desatar-lhe a correia do cal\u00e7ado.<\/p>\n\n\n\n<p>8 Eu vos batizei com \u00e1gua; ele, por\u00e9m, vos batizar\u00e1 no Esp\u00edrito Santo.&#8221;<\/p>\n\n\n\n<p>9 Ora, naqueles dias veio Jesus de Nazar\u00e9, da Galileia, e foi batizado por Jo\u00e3o no Jord\u00e3o.<\/p>\n\n\n\n<p>10 No momento em que Jesus sa\u00eda da \u00e1gua, Jo\u00e3o viu os c\u00e9us abertos e descer o Esp\u00edrito em forma de pomba sobre ele.<\/p>\n\n\n\n<p>11 E ouviu-se dos c\u00e9us uma voz: &#8220;Tu \u00e9s o meu Filho muito amado; em ti ponho minha afei\u00e7\u00e3o.&#8221;<\/p>\n\n\n\n<p>Palavra da Salva\u00e7\u00e3o.<\/p>\n\n\n\n<h3 class=\"wp-block-heading\">Coment\u00e1rio ao Evangelho<\/h3>\n\n\n\n<p>O FILHO AMADO<\/p>\n\n\n\n<p>A cena do batismo revela o tra\u00e7o fundamental da identidade de Jesus: sua condi\u00e7\u00e3o de Filho amado de Deus. Outro elemento importante desta identidade \u00e9 oferecido pelo quadro trinit\u00e1rio no qual a revela\u00e7\u00e3o \u00e9 feita. Do c\u00e9u, o Pai se dirige ao Filho, e o Esp\u00edrito Santo desce sobre ele, em forma de pomba. A origem divina de Jesus fica, assim, perfeitamente evidenciada. Ele prov\u00e9m do seio da Trindade, em cujo nome exercer\u00e1 sua miss\u00e3o.<\/p>\n\n\n\n<p>Daqui decorrem dois eixos da a\u00e7\u00e3o hist\u00f3rica de Jesus. Ela se desenrolar\u00e1 na mais absoluta fidelidade a Deus, refletindo-se nela o agir divino em favor da humanidade. Da fidelidade decorrer\u00e1 a liberdade. Jesus n\u00e3o suportar\u00e1 que criatura alguma, nem mesmo as tradi\u00e7\u00f5es religiosas se imponham em sua vida, de forma absoluta. Ele jamais suportou a tirania da Lei e dos costumes do povo quando, contrastavam com o projeto do Reino de Deus.<\/p>\n\n\n\n<p>A pessoa e a a\u00e7\u00e3o de Jesus, sendo baseadas na fidelidade e na liberdade, suscitar\u00e3o constantes conflitos. Apesar disto, como Filho amado, ele n\u00e3o abrir\u00e1 m\u00e3o do projeto tra\u00e7ado pelo Pai.<\/p>\n","protected":false},"excerpt":{"rendered":"<p>Ora\u00e7\u00e3o do dia \u00d3 Deus, sede a luz dos vossos fi\u00e9is e abrasai seus cora\u00e7\u00f5es com o esplendor da vossa gl\u00f3ria, para reconhecerem sempre o Salvador e a ele aderirem totalmente. Por Nosso&#8230;<\/p>\n","protected":false},"author":2,"featured_media":19664,"comment_status":"open","ping_status":"open","sticky":false,"template":"","format":"standard","meta":[],"categories":[7],"tags":[],"_links":{"self":[{"href":"https:\/\/www.salvatorianas.org.br\/blog\/wp-json\/wp\/v2\/posts\/19663"}],"collection":[{"href":"https:\/\/www.salvatorianas.org.br\/blog\/wp-json\/wp\/v2\/posts"}],"about":[{"href":"https:\/\/www.salvatorianas.org.br\/blog\/wp-json\/wp\/v2\/types\/post"}],"author":[{"embeddable":true,"href":"https:\/\/www.salvatorianas.org.br\/blog\/wp-json\/wp\/v2\/users\/2"}],"replies":[{"embeddable":true,"href":"https:\/\/www.salvatorianas.org.br\/blog\/wp-json\/wp\/v2\/comments?post=19663"}],"version-history":[{"count":1,"href":"https:\/\/www.salvatorianas.org.br\/blog\/wp-json\/wp\/v2\/posts\/19663\/revisions"}],"predecessor-version":[{"id":19665,"href":"https:\/\/www.salvatorianas.org.br\/blog\/wp-json\/wp\/v2\/posts\/19663\/revisions\/19665"}],"wp:featuredmedia":[{"embeddable":true,"href":"https:\/\/www.salvatorianas.org.br\/blog\/wp-json\/wp\/v2\/media\/19664"}],"wp:attachment":[{"href":"https:\/\/www.salvatorianas.org.br\/blog\/wp-json\/wp\/v2\/media?parent=19663"}],"wp:term":[{"taxonomy":"category","embeddable":true,"href":"https:\/\/www.salvatorianas.org.br\/blog\/wp-json\/wp\/v2\/categories?post=19663"},{"taxonomy":"post_tag","embeddable":true,"href":"https:\/\/www.salvatorianas.org.br\/blog\/wp-json\/wp\/v2\/tags?post=19663"}],"curies":[{"name":"wp","href":"https:\/\/api.w.org\/{rel}","templated":true}]}}