{"id":19655,"date":"2023-01-05T10:14:41","date_gmt":"2023-01-05T10:14:41","guid":{"rendered":"https:\/\/www.salvatorianas.org.br\/blog\/?p=19655"},"modified":"2023-01-05T10:14:42","modified_gmt":"2023-01-05T10:14:42","slug":"tempo-do-natal-antes-da-epifania-quinta-feira","status":"publish","type":"post","link":"https:\/\/www.salvatorianas.org.br\/blog\/tempo-do-natal-antes-da-epifania-quinta-feira\/","title":{"rendered":"Tempo do Natal antes da Epifania | Quinta-feira"},"content":{"rendered":"\n<h3 class=\"wp-block-heading\">Ora\u00e7\u00e3o do dia<\/h3>\n\n\n\n<p>\u00d3 Deus, pelo nascimento do vosso Filho, a aurora do vosso dia eterno despontou sobre todas as na\u00e7\u00f5es. Concedei ao vosso povo conhecer a fulgurante gl\u00f3ria do seu redentor e por ele chegar \u00e0 luz que n\u00e3o se extingue. Por Nosso Senhor Jesus Cristo, Vosso Filho, na unidade do Esp\u00edrito Santo.<\/p>\n\n\n\n<h3 class=\"wp-block-heading\">Leitura &#8211;&nbsp;1 Jo\u00e3o 3,11-21<\/h3>\n\n\n\n<p>Leitura da primeira carta de s\u00e3o Jo\u00e3o.<\/p>\n\n\n\n<p>3 11 Pois esta \u00e9 a mensagem que tendes ouvido desde o princ\u00edpio: que nos amemos uns aos outros.<\/p>\n\n\n\n<p>12 N\u00e3o fa\u00e7amos como Caim, que era do Maligno e matou seu irm\u00e3o. E por que o matou? Porque as suas obras eram m\u00e1s, e as do seu irm\u00e3o, justas.<\/p>\n\n\n\n<p>13 N\u00e3o vos admireis, irm\u00e3os, se o mundo vos odeia.<\/p>\n\n\n\n<p>14 N\u00f3s sabemos que fomos trasladados da morte para a vida, porque amamos nossos irm\u00e3os. Quem n\u00e3o ama permanece na morte.<\/p>\n\n\n\n<p>15 Quem odeia seu irm\u00e3o \u00e9 assassino. E sabeis que a vida eterna n\u00e3o permanece em nenhum assassino.<\/p>\n\n\n\n<p>16 Nisto temos conhecido o amor: (Jesus) deu sua vida por n\u00f3s. Tamb\u00e9m n\u00f3s outros devemos dar a nossa vida pelos nossos irm\u00e3os.<\/p>\n\n\n\n<p>17 Quem possuir bens deste mundo e vir o seu irm\u00e3o sofrer necessidade, mas lhe fechar o seu cora\u00e7\u00e3o, como pode estar nele o amor de Deus?<\/p>\n\n\n\n<p>18 Meus filhinhos, n\u00e3o amemos com palavras nem com a l\u00edngua, mas por atos e em verdade.<\/p>\n\n\n\n<p>19 Nisto \u00e9 que conheceremos se somos da verdade, e tranquilizaremos a nossa consci\u00eancia diante de Deus,<\/p>\n\n\n\n<p>20 caso nossa consci\u00eancia nos censure, pois Deus \u00e9 maior do que nossa consci\u00eancia e conhece todas as coisas.<\/p>\n\n\n\n<p>21 Car\u00edssimos, se a nossa consci\u00eancia nada nos censura, temos confian\u00e7a diante de Deus.<\/p>\n\n\n\n<p>Palavra do Senhor.<\/p>\n\n\n\n<h3 class=\"wp-block-heading\">Salmo Responsorial &#8211;&nbsp;99\/100<\/h3>\n\n\n\n<p><strong>Aclamai o Senhor, \u00f3 terra inteira!<\/strong><\/p>\n\n\n\n<p>Aclamai o Senhor, \u00f3 terra inteira,<\/p>\n\n\n\n<p>servi ao Senhor com alegria,<\/p>\n\n\n\n<p>ide a ele cantando jubilosos!<\/p>\n\n\n\n<p>Sabei que o Senhor, s\u00f3 ele, \u00e9 Deus,<\/p>\n\n\n\n<p>ele mesmo nos fez, e somos seus,<\/p>\n\n\n\n<p>n\u00f3s somos seu povo e seu rebanho.<\/p>\n\n\n\n<p>Entrai por suas portas dando gra\u00e7as<\/p>\n\n\n\n<p>e em seus \u00e1trios com hinos de louvor;<\/p>\n\n\n\n<p>dai-lhe gra\u00e7as, seu nome bendizei!<\/p>\n\n\n\n<p>Sim, \u00e9 bom o Senhor e nosso Deus,<\/p>\n\n\n\n<p>sua bondade perdura para sempre,<\/p>\n\n\n\n<p>seu amor \u00e9 fiel eternamente!<\/p>\n\n\n\n<h3 class=\"wp-block-heading\">Leitura &#8211;<\/h3>\n\n\n\n<h3 class=\"wp-block-heading\">Evangelho &#8211;&nbsp;Jo\u00e3o 1,43-51<\/h3>\n\n\n\n<p>Aleluia, aleluia, aleluia.<\/p>\n\n\n\n<p>Um dia sagrado brilhou para n\u00f3s: na\u00e7\u00f5es, vinde todas adorar o Senhor, pois hoje desceu grande luz sobre a terra.<\/p>\n\n\n\n<p>Proclama\u00e7\u00e3o do Evangelho de Jesus Cristo segundo Marcos.<\/p>\n\n\n\n<p>1 43 No dia seguinte, tinha Jesus a inten\u00e7\u00e3o de dirigir-se \u00e0 Galileia. Encontra Filipe e diz-lhe: \u201cSegue-me\u201d.<\/p>\n\n\n\n<p>44 (Filipe era natural de Betsaida, cidade de Andr\u00e9 e Pedro.)<\/p>\n\n\n\n<p>45 Filipe encontra Natanael e diz-lhe: \u201cAchamos aquele de quem Mois\u00e9s escreveu na lei e que os profetas anunciaram: \u00e9 Jesus de Nazar\u00e9, filho de Jos\u00e9\u201d.<\/p>\n\n\n\n<p>46 Respondeu-lhe Natanael: \u201cPode, porventura, vir coisa boa de Nazar\u00e9?\u201d Filipe retrucou: \u201cVem e v\u00ea\u201d.<\/p>\n\n\n\n<p>47 Jesus v\u00ea Natanael, que lhe vem ao encontro, e diz: \u201cEis um verdadeiro israelita, no qual n\u00e3o h\u00e1 falsidade\u201d.<\/p>\n\n\n\n<p>48 Natanael pergunta-lhe: \u201cDonde me conheces?\u201d Respondeu Jesus: \u201cAntes que Filipe te chamasse, eu te vi quando estavas debaixo da figueira\u201d.<\/p>\n\n\n\n<p>49 Falou-lhe Natanael: \u201cMestre, tu \u00e9s o Filho de Deus, tu \u00e9s o rei de Israel\u201d.<\/p>\n\n\n\n<p>50 Jesus replicou-lhe: \u201cPorque eu te disse que te vi debaixo da figueira, cr\u00eas! Ver\u00e1s coisas maiores do que esta\u201d.<\/p>\n\n\n\n<p>51 E ajuntou: \u201cEm verdade, em verdade vos digo: vereis o c\u00e9u aberto e os anjos de Deus subindo e descendo sobre o Filho do Homem\u201d.<\/p>\n\n\n\n<p>Palavra da Salva\u00e7\u00e3o.<\/p>\n\n\n\n<h3 class=\"wp-block-heading\">Coment\u00e1rio ao Evangelho<\/h3>\n\n\n\n<p>O MESSIAS IDENTIFICADO<\/p>\n\n\n\n<p>Ao poucos, os primeiros disc\u00edpulos foram identificando Jesus, ao se darem conta de quem se tratava. Filipe exprimiu sua f\u00e9 messi\u00e2nica ao defini-lo como Jesus de Nazar\u00e9, filho de Jos\u00e9, \u201caquele de quem Mois\u00e9s escreveu na Lei e tamb\u00e9m os profetas\u201d. Reconhecia-o como o personagem central de toda a hist\u00f3ria da salva\u00e7\u00e3o, para o qual apontava cada p\u00e1gina das Escrituras.<\/p>\n\n\n\n<p>O judeu fiel que aceitava como verdadeiras as Escrituras for\u00e7osamente deveria acolher o Messias. Seria injustific\u00e1vel a rejei\u00e7\u00e3o dele por parte de quem pretendia ser fiel \u00e0s tradi\u00e7\u00f5es mosaicas. Por isso, a incredulidade das lideran\u00e7as religiosas da \u00e9poca foi fortemente denunciada por Jesus.<\/p>\n\n\n\n<p>Natanael, ap\u00f3s o di\u00e1logo enigm\u00e1tico com o Mestre, fez sua profiss\u00e3o de f\u00e9 messi\u00e2nica, identificando-o como \u201cFilho de Deus e Rei de Israel\u201d. Evidencia-se, assim, um dos tra\u00e7os mais caracter\u00edsticos da identidade de Jesus: sua condi\u00e7\u00e3o de Filho. De fato, ele se proclamava enviado do Pai, com a tarefa de salvar a humanidade. Revelava ao povo o que havia aprendido junto do Pai. Buscava, em tudo, fazer a vontade divina e levar a cumprimento seu projeto de salva\u00e7\u00e3o. Tinha consci\u00eancia de estar a caminho da casa do Pai, onde prepararia um lugar para todos os que, pela f\u00e9, haveriam de acolh\u00ea-lo.<\/p>\n\n\n\n<p>Assim, os primeiros disc\u00edpulos foram aprofundando a descoberta da identidade de Jesus: Messias, centro e o objetivo da hist\u00f3ria da salva\u00e7\u00e3o, e Filho de Deus.<\/p>\n","protected":false},"excerpt":{"rendered":"<p>Ora\u00e7\u00e3o do dia \u00d3 Deus, pelo nascimento do vosso Filho, a aurora do vosso dia eterno despontou sobre todas as na\u00e7\u00f5es. Concedei ao vosso povo conhecer a fulgurante gl\u00f3ria do seu redentor e&#8230;<\/p>\n","protected":false},"author":2,"featured_media":19656,"comment_status":"open","ping_status":"open","sticky":false,"template":"","format":"standard","meta":[],"categories":[7],"tags":[],"_links":{"self":[{"href":"https:\/\/www.salvatorianas.org.br\/blog\/wp-json\/wp\/v2\/posts\/19655"}],"collection":[{"href":"https:\/\/www.salvatorianas.org.br\/blog\/wp-json\/wp\/v2\/posts"}],"about":[{"href":"https:\/\/www.salvatorianas.org.br\/blog\/wp-json\/wp\/v2\/types\/post"}],"author":[{"embeddable":true,"href":"https:\/\/www.salvatorianas.org.br\/blog\/wp-json\/wp\/v2\/users\/2"}],"replies":[{"embeddable":true,"href":"https:\/\/www.salvatorianas.org.br\/blog\/wp-json\/wp\/v2\/comments?post=19655"}],"version-history":[{"count":1,"href":"https:\/\/www.salvatorianas.org.br\/blog\/wp-json\/wp\/v2\/posts\/19655\/revisions"}],"predecessor-version":[{"id":19657,"href":"https:\/\/www.salvatorianas.org.br\/blog\/wp-json\/wp\/v2\/posts\/19655\/revisions\/19657"}],"wp:featuredmedia":[{"embeddable":true,"href":"https:\/\/www.salvatorianas.org.br\/blog\/wp-json\/wp\/v2\/media\/19656"}],"wp:attachment":[{"href":"https:\/\/www.salvatorianas.org.br\/blog\/wp-json\/wp\/v2\/media?parent=19655"}],"wp:term":[{"taxonomy":"category","embeddable":true,"href":"https:\/\/www.salvatorianas.org.br\/blog\/wp-json\/wp\/v2\/categories?post=19655"},{"taxonomy":"post_tag","embeddable":true,"href":"https:\/\/www.salvatorianas.org.br\/blog\/wp-json\/wp\/v2\/tags?post=19655"}],"curies":[{"name":"wp","href":"https:\/\/api.w.org\/{rel}","templated":true}]}}