{"id":19650,"date":"2023-01-04T01:00:00","date_gmt":"2023-01-04T01:00:00","guid":{"rendered":"https:\/\/www.salvatorianas.org.br\/blog\/?p=19650"},"modified":"2023-01-02T21:44:30","modified_gmt":"2023-01-02T21:44:30","slug":"tempo-do-natal-antes-da-epifania-quarta-feira","status":"publish","type":"post","link":"https:\/\/www.salvatorianas.org.br\/blog\/tempo-do-natal-antes-da-epifania-quarta-feira\/","title":{"rendered":"Tempo do Natal antes da Epifania | Quarta-feira"},"content":{"rendered":"\n<p>Evangelho &#8211;\u00a0Jo\u00e3o 1,35-42<\/p>\n\n\n\n<h3 class=\"wp-block-heading\">Ora\u00e7\u00e3o do dia<\/h3>\n\n\n\n<p>Deus eterno e todo-poderoso, n\u00f3s vos pedimos que o Salvador, qual nova luz dos c\u00e9us para a reden\u00e7\u00e3o do mundo, se levante cada dia para renovar os nossos cora\u00e7\u00f5es. Por Nosso Senhor Jesus Cristo, Vosso Filho, na unidade do Esp\u00edrito Santo.<\/p>\n\n\n\n<h3 class=\"wp-block-heading\">Leitura &#8211;&nbsp;1 Jo\u00e3o 3,7-10<\/h3>\n\n\n\n<p>Leitura da primeira carta de Jo\u00e3o.<\/p>\n\n\n\n<p>3 7 Filhinhos, ningu\u00e9m vos seduza: aquele que pratica a justi\u00e7a \u00e9 justo, como tamb\u00e9m (Jesus) \u00e9 justo.<\/p>\n\n\n\n<p>8 Aquele que peca \u00e9 do dem\u00f4nio, porque o dem\u00f4nio peca desde o princ\u00edpio. Eis por que o Filho de Deus se manifestou: para destruir as obras do dem\u00f4nio.<\/p>\n\n\n\n<p>9 Todo o que \u00e9 nascido de Deus n\u00e3o peca, porque o germe divino reside nele; e n\u00e3o pode pecar, porque nasceu de Deus.<\/p>\n\n\n\n<p>10 \u00c9 nisto que se conhece quais s\u00e3o os filhos de Deus e quais os do dem\u00f4nio: todo o que n\u00e3o pratica a justi\u00e7a n\u00e3o \u00e9 de Deus, como tamb\u00e9m aquele que n\u00e3o ama o seu irm\u00e3o.<\/p>\n\n\n\n<p>Palavra do Senhor.<\/p>\n\n\n\n<h3 class=\"wp-block-heading\">Salmo Responsorial &#8211;&nbsp;97\/98<\/h3>\n\n\n\n<p><strong>Os confins do universo contemplaram<\/strong><\/p>\n\n\n\n<p><strong>a salva\u00e7\u00e3o do nosso Deus.<\/strong><\/p>\n\n\n\n<p>Cantai ao Senhor Deus um canto novo,<\/p>\n\n\n\n<p>porque ele fez prod\u00edgios!<\/p>\n\n\n\n<p>Sua m\u00e3o e o seu bra\u00e7o forte e santo<\/p>\n\n\n\n<p>alcan\u00e7aram-lhe a vit\u00f3ria.<\/p>\n\n\n\n<p>Aplauda o mar com todo ser que nele vive,<\/p>\n\n\n\n<p>o mundo inteiro e toda gente!<\/p>\n\n\n\n<p>As montanhas e os rios batam palmas<\/p>\n\n\n\n<p>e exultem de alegria.<\/p>\n\n\n\n<p>Na presen\u00e7a do Senhor, pois ele vem,<\/p>\n\n\n\n<p>vem julgar a terra inteira.<\/p>\n\n\n\n<p>Julgar\u00e1 o universo com justi\u00e7a<\/p>\n\n\n\n<p>e as na\u00e7\u00f5es com equidade.<\/p>\n\n\n\n<h3 class=\"wp-block-heading\">Leitura &#8211;<\/h3>\n\n\n\n<h3 class=\"wp-block-heading\">Evangelho &#8211;&nbsp;Jo\u00e3o 1,35-42<\/h3>\n\n\n\n<p>Aleluia, aleluia, aleluia.<\/p>\n\n\n\n<p>Depois de ter falado, no passado, aos nossos pais, pelos profetas, muitas vezes, em nossos dias Deus falou-nos por seu Filho (Hb 1,1s).<\/p>\n\n\n\n<p>Proclama\u00e7\u00e3o do Evangelho de Jesus Cristo segundo Jo\u00e3o.<\/p>\n\n\n\n<p>1 35 No dia seguinte, estava l\u00e1 Jo\u00e3o outra vez com dois dos seus disc\u00edpulos.<\/p>\n\n\n\n<p>36 E, avistando Jesus que ia passando, disse: \u201cEis o Cordeiro de Deus\u201d.<\/p>\n\n\n\n<p>37 Os dois disc\u00edpulos ouviram-no falar e seguiram Jesus.<\/p>\n\n\n\n<p>38 Voltando-se Jesus e vendo que o seguiam, perguntou-lhes: \u201cQue procurais?\u201d Disseram-lhe: \u201cRabi (que quer dizer Mestre), onde moras?\u201d<\/p>\n\n\n\n<p>39 \u201cVinde e vede\u201d, respondeu-lhes ele. Foram aonde ele morava e ficaram com ele aquele dia. Era cerca da hora d\u00e9cima.<\/p>\n\n\n\n<p>40 Andr\u00e9, irm\u00e3o de Sim\u00e3o Pedro, era um dos dois que tinham ouvido Jo\u00e3o e que o tinham seguido.<\/p>\n\n\n\n<p>41 Foi ele ent\u00e3o logo \u00e0 procura de seu irm\u00e3o e disse-lhe: \u201cAchamos o Messias\u201d (que quer dizer o Cristo).<\/p>\n\n\n\n<p>42 Levou-o a Jesus, e Jesus, fixando nele o olhar, disse: \u201cTu \u00e9s Sim\u00e3o, filho de Jo\u00e3o; ser\u00e1s chamado Cefas\u201d (que quer dizer pedra).<\/p>\n\n\n\n<p>Palavra da Salva\u00e7\u00e3o.<\/p>\n\n\n\n<h3 class=\"wp-block-heading\">Coment\u00e1rio ao Evangelho<\/h3>\n\n\n\n<p>O ENCONTRO COM O MESSIAS<\/p>\n\n\n\n<p>O encontro de Jesus com seus primeiros disc\u00edpulos \u00e9 apresentado sob uma luz messi\u00e2nica.<\/p>\n\n\n\n<p>Dois disc\u00edpulos de Jo\u00e3o Batista, um dos quais era Andr\u00e9, seguiram o novo Mestre, assim que foram informados tratar-se do \u201cCordeiro de Deus\u201d. Encontrando-se com Sim\u00e3o Pedro, Andr\u00e9, seu irm\u00e3o, anuncia-lhe ter encontrado o Messias.<\/p>\n\n\n\n<p>O desejo de conhecer Jesus fez com que os dois primeiros disc\u00edpulos o seguissem e ficassem com ele um dia inteiro. Foram movidos por um interesse que ia muito al\u00e9m de constatar as condi\u00e7\u00f5es de vida do novo Mestre. Eles queriam averiguar em que sentido ele era o \u201cCordeiro de Deus\u201d.<\/p>\n\n\n\n<p>O di\u00e1logo com Jesus serviu para esclarecer sua condi\u00e7\u00e3o de enviado, com a tarefa precisa de reconciliar a humanidade pecadora com o Pai, eliminando o pecado que impede o ser humano de ter acesso a Deus.<\/p>\n\n\n\n<p>A liberta\u00e7\u00e3o do passado continuava a se efetivar no presente, por meio do minist\u00e9rio de Jesus. Sua condi\u00e7\u00e3o de \u201cCordeiro\u201d era claro ind\u00edcio de que a salva\u00e7\u00e3o comportaria sacrif\u00edcio e morte. Se quisessem tornar-se disc\u00edpulos seus, Andr\u00e9 e Jo\u00e3o deveriam considerar, desde j\u00e1, este aspecto do discipulado.<\/p>\n\n\n\n<p>Convivendo com o Mestre, entenderam tratar-se do Messias. Por isso \u00e9 que Andr\u00e9, plenamente convicto, foi at\u00e9 seu irm\u00e3o Sim\u00e3o para dar-lhe a not\u00edcia: \u2018N\u00f3s encontramos o Messias\u201d. Movido por esta certeza, Sim\u00e3o n\u00e3o hesitou em deixar o antigo mestre \u2013 Jo\u00e3o Batista \u2013 e come\u00e7ar um discipulado totalmente novo.<\/p>\n","protected":false},"excerpt":{"rendered":"<p>Evangelho &#8211;\u00a0Jo\u00e3o 1,35-42 Ora\u00e7\u00e3o do dia Deus eterno e todo-poderoso, n\u00f3s vos pedimos que o Salvador, qual nova luz dos c\u00e9us para a reden\u00e7\u00e3o do mundo, se levante cada dia para renovar os&#8230;<\/p>\n","protected":false},"author":2,"featured_media":19651,"comment_status":"open","ping_status":"open","sticky":false,"template":"","format":"standard","meta":[],"categories":[7],"tags":[],"_links":{"self":[{"href":"https:\/\/www.salvatorianas.org.br\/blog\/wp-json\/wp\/v2\/posts\/19650"}],"collection":[{"href":"https:\/\/www.salvatorianas.org.br\/blog\/wp-json\/wp\/v2\/posts"}],"about":[{"href":"https:\/\/www.salvatorianas.org.br\/blog\/wp-json\/wp\/v2\/types\/post"}],"author":[{"embeddable":true,"href":"https:\/\/www.salvatorianas.org.br\/blog\/wp-json\/wp\/v2\/users\/2"}],"replies":[{"embeddable":true,"href":"https:\/\/www.salvatorianas.org.br\/blog\/wp-json\/wp\/v2\/comments?post=19650"}],"version-history":[{"count":1,"href":"https:\/\/www.salvatorianas.org.br\/blog\/wp-json\/wp\/v2\/posts\/19650\/revisions"}],"predecessor-version":[{"id":19652,"href":"https:\/\/www.salvatorianas.org.br\/blog\/wp-json\/wp\/v2\/posts\/19650\/revisions\/19652"}],"wp:featuredmedia":[{"embeddable":true,"href":"https:\/\/www.salvatorianas.org.br\/blog\/wp-json\/wp\/v2\/media\/19651"}],"wp:attachment":[{"href":"https:\/\/www.salvatorianas.org.br\/blog\/wp-json\/wp\/v2\/media?parent=19650"}],"wp:term":[{"taxonomy":"category","embeddable":true,"href":"https:\/\/www.salvatorianas.org.br\/blog\/wp-json\/wp\/v2\/categories?post=19650"},{"taxonomy":"post_tag","embeddable":true,"href":"https:\/\/www.salvatorianas.org.br\/blog\/wp-json\/wp\/v2\/tags?post=19650"}],"curies":[{"name":"wp","href":"https:\/\/api.w.org\/{rel}","templated":true}]}}