{"id":19647,"date":"2023-01-03T01:00:00","date_gmt":"2023-01-03T01:00:00","guid":{"rendered":"https:\/\/www.salvatorianas.org.br\/blog\/?p=19647"},"modified":"2023-01-02T21:42:34","modified_gmt":"2023-01-02T21:42:34","slug":"tempo-do-natal-antes-da-epifania-terca-feira","status":"publish","type":"post","link":"https:\/\/www.salvatorianas.org.br\/blog\/tempo-do-natal-antes-da-epifania-terca-feira\/","title":{"rendered":"Tempo do Natal antes da Epifania | Ter\u00e7a-feira"},"content":{"rendered":"\n<p>Evangelho &#8211;\u00a0Jo\u00e3o 1,29-34<\/p>\n\n\n\n<h3 class=\"wp-block-heading\">Ora\u00e7\u00e3o do dia<\/h3>\n\n\n\n<p>\u00d3 Deus, quisestes que a humanidade do vosso Filho, nascendo da virgem Maria, n\u00e3o fosse submetida \u00e0 humilha\u00e7\u00e3o do homem deca\u00eddo. Concedei que, participando desta nova cria\u00e7\u00e3o, sejamos libertados da antiga culpa. Por Nosso Senhor Jesus Cristo, Vosso Filho, na unidade do Esp\u00edrito Santo.<\/p>\n\n\n\n<h3 class=\"wp-block-heading\">Leitura &#8211;&nbsp;1 Jo\u00e3o 2,29-3,6<\/h3>\n\n\n\n<p>Leitura da primeira carta de s\u00e3o Jo\u00e3o.<\/p>\n\n\n\n<p>2 29 Se sabeis que ele \u00e9 justo, sabei tamb\u00e9m que todo aquele que pratica a justi\u00e7a \u00e9 nascido dele.<\/p>\n\n\n\n<p>3 1 Considerai com que amor nos amou o Pai, para que sejamos chamados filhos de Deus. E n\u00f3s o somos de fato. Por isso, o mundo n\u00e3o nos conhece, porque n\u00e3o o conheceu.<\/p>\n\n\n\n<p>2 Car\u00edssimos, desde agora somos filhos de Deus, mas n\u00e3o se manifestou ainda o que havemos de ser. Sabemos que, quando isto se manifestar, seremos semelhantes a Deus, porquanto o veremos como ele \u00e9.<\/p>\n\n\n\n<p>3 E todo aquele que nele tem esta esperan\u00e7a torna-se puro, como ele \u00e9 puro.<\/p>\n\n\n\n<p>4 Todo aquele que peca transgride a lei, porque o pecado \u00e9 transgress\u00e3o da lei.<\/p>\n\n\n\n<p>5 Sabeis que (Jesus) apareceu para tirar os pecados, e que nele n\u00e3o h\u00e1 pecado.<\/p>\n\n\n\n<p>6 Todo aquele que permanece nele n\u00e3o peca; e todo o que peca n\u00e3o o viu, nem o conheceu.<\/p>\n\n\n\n<p>Palavra do Senhor.<\/p>\n\n\n\n<h3 class=\"wp-block-heading\">Salmo Responsorial &#8211;&nbsp;97\/98<\/h3>\n\n\n\n<p><strong>Os confins do universo contemplaram<\/strong><\/p>\n\n\n\n<p><strong>a salva\u00e7\u00e3o do nosso Deus.<\/strong><\/p>\n\n\n\n<p>Cantai ao Senhor Deus um canto novo,<\/p>\n\n\n\n<p>porque ele fez prod\u00edgios!<\/p>\n\n\n\n<p>Sua m\u00e3o e o seu bra\u00e7o forte e santo<\/p>\n\n\n\n<p>alcan\u00e7aram-lhe a vit\u00f3ria.<\/p>\n\n\n\n<p>Os confins do universo contemplaram<\/p>\n\n\n\n<p>a salva\u00e7\u00e3o do nosso Deus.<\/p>\n\n\n\n<p>Aclamai o Senhor Deus, \u00f3 terra inteira,<\/p>\n\n\n\n<p>alegrai-vos e exultai!<\/p>\n\n\n\n<p>Cantai salmos ao Senhor ao som da harpa<\/p>\n\n\n\n<p>e da c\u00edtara suave!<\/p>\n\n\n\n<p>Aclamai, com os clarins e as trombetas,<\/p>\n\n\n\n<p>ao Senhor, o nosso rei!<\/p>\n\n\n\n<h3 class=\"wp-block-heading\">Leitura &#8211;<\/h3>\n\n\n\n<h3 class=\"wp-block-heading\">Evangelho &#8211;&nbsp;Jo\u00e3o 1,29-34<\/h3>\n\n\n\n<p>Aleluia, aleluia, aleluia.<\/p>\n\n\n\n<p>A Palavra se fez carne, entre n\u00f3s ela habitou; e todos os que a acolheram, de Deus filhos se tornaram (Jo 1,14.12).<\/p>\n\n\n\n<p>Proclama\u00e7\u00e3o do Evangelho de Jesus Cristo segundo Jo\u00e3o.<\/p>\n\n\n\n<p>1 29 No dia seguinte, Jo\u00e3o viu Jesus que vinha a ele e disse: \u201cEis o Cordeiro de Deus, que tira o pecado do mundo.<\/p>\n\n\n\n<p>30 \u00c9 este de quem eu disse: \u2018Depois de mim vir\u00e1 um homem, que me \u00e9 superior, porque existe antes de mim\u2019.<\/p>\n\n\n\n<p>31 Eu n\u00e3o o conhecia, mas, se vim batizar em \u00e1gua, \u00e9 para que ele se torne conhecido em Israel.<\/p>\n\n\n\n<p>32 (Jo\u00e3o havia declarado: Vi o Esp\u00edrito descer do c\u00e9u em forma de uma pomba e repousar sobre ele.)<\/p>\n\n\n\n<p>33 Eu n\u00e3o o conhecia, mas aquele que me mandou batizar em \u00e1gua disse-me: Sobre quem vires descer e repousar o Esp\u00edrito, este \u00e9 quem batiza no Esp\u00edrito Santo.<\/p>\n\n\n\n<p>34 Eu o vi e dou testemunho de que ele \u00e9 o Filho de Deus\u201d.<\/p>\n\n\n\n<p>Palavra da Salva\u00e7\u00e3o.<\/p>\n\n\n\n<h3 class=\"wp-block-heading\">Coment\u00e1rio ao Evangelho<\/h3>\n\n\n\n<p>O MESSIAS RECONHECIDO<\/p>\n\n\n\n<p>A atividade fren\u00e9tica do Batista, \u00e0s margens do Jord\u00e3o, n\u00e3o o fez perder a consci\u00eancia de sua miss\u00e3o. No afluxo de penitentes \u00e0 procura do batismo, ele se deu conta da presen\u00e7a do Messias Jesus. Por isso, advertiu a multid\u00e3o para a presen\u00e7a do Cordeiro de Deus, enviado para abolir o pecado do mundo.<\/p>\n\n\n\n<p>A situa\u00e7\u00e3o do batismo de Jesus estava carregada de evoca\u00e7\u00f5es. Sua exclama\u00e7\u00e3o lembrava o cordeiro pascal. As \u00e1guas do Jord\u00e3o recordavam o mar Vermelho. A elimina\u00e7\u00e3o do pecado do mundo aproximava Jesus de Mois\u00e9s, condutor do povo de Israel para a terra prometida. Tudo isso servia para alertar a multid\u00e3o acerca da presen\u00e7a do Messias.<\/p>\n\n\n\n<p>Jo\u00e3o s\u00f3 reconheceu Jesus, porque movido pelo Pai, uma vez que j\u00e1 tinha declarado, por duas vezes, n\u00e3o ter um conhecimento pr\u00e9vio do Messias. Para n\u00e3o se enganar na identifica\u00e7\u00e3o do Messias, Jo\u00e3o colocou-se numa atitude de cont\u00ednuo discernimento. Teria sido desastroso um falso reconhecimento e a consequente atribui\u00e7\u00e3o do t\u00edtulo de Cordeiro de Deus \u00e0 pessoa indevida. Jo\u00e3o, ao contr\u00e1rio, n\u00e3o titubeou quando viu Jesus diante de si. Seu testemunho foi firme, pois estava certo de n\u00e3o ter sido induzido ao erro. Diante dele, estava, realmente, o Filho de Deus. Foi o Pai quem lhe revelara a identidade do Filho, e o movera a reconhec\u00ea-lo publicamente.<\/p>\n","protected":false},"excerpt":{"rendered":"<p>Evangelho &#8211;\u00a0Jo\u00e3o 1,29-34 Ora\u00e7\u00e3o do dia \u00d3 Deus, quisestes que a humanidade do vosso Filho, nascendo da virgem Maria, n\u00e3o fosse submetida \u00e0 humilha\u00e7\u00e3o do homem deca\u00eddo. Concedei que, participando desta nova cria\u00e7\u00e3o,&#8230;<\/p>\n","protected":false},"author":2,"featured_media":19648,"comment_status":"open","ping_status":"open","sticky":false,"template":"","format":"standard","meta":[],"categories":[7],"tags":[],"_links":{"self":[{"href":"https:\/\/www.salvatorianas.org.br\/blog\/wp-json\/wp\/v2\/posts\/19647"}],"collection":[{"href":"https:\/\/www.salvatorianas.org.br\/blog\/wp-json\/wp\/v2\/posts"}],"about":[{"href":"https:\/\/www.salvatorianas.org.br\/blog\/wp-json\/wp\/v2\/types\/post"}],"author":[{"embeddable":true,"href":"https:\/\/www.salvatorianas.org.br\/blog\/wp-json\/wp\/v2\/users\/2"}],"replies":[{"embeddable":true,"href":"https:\/\/www.salvatorianas.org.br\/blog\/wp-json\/wp\/v2\/comments?post=19647"}],"version-history":[{"count":1,"href":"https:\/\/www.salvatorianas.org.br\/blog\/wp-json\/wp\/v2\/posts\/19647\/revisions"}],"predecessor-version":[{"id":19649,"href":"https:\/\/www.salvatorianas.org.br\/blog\/wp-json\/wp\/v2\/posts\/19647\/revisions\/19649"}],"wp:featuredmedia":[{"embeddable":true,"href":"https:\/\/www.salvatorianas.org.br\/blog\/wp-json\/wp\/v2\/media\/19648"}],"wp:attachment":[{"href":"https:\/\/www.salvatorianas.org.br\/blog\/wp-json\/wp\/v2\/media?parent=19647"}],"wp:term":[{"taxonomy":"category","embeddable":true,"href":"https:\/\/www.salvatorianas.org.br\/blog\/wp-json\/wp\/v2\/categories?post=19647"},{"taxonomy":"post_tag","embeddable":true,"href":"https:\/\/www.salvatorianas.org.br\/blog\/wp-json\/wp\/v2\/tags?post=19647"}],"curies":[{"name":"wp","href":"https:\/\/api.w.org\/{rel}","templated":true}]}}