{"id":19644,"date":"2023-01-02T01:00:00","date_gmt":"2023-01-02T01:00:00","guid":{"rendered":"https:\/\/www.salvatorianas.org.br\/blog\/?p=19644"},"modified":"2022-12-30T13:40:30","modified_gmt":"2022-12-30T13:40:30","slug":"santos-basilio-magno-e-gregorio-nazianzeno-bispos-e-doutores-memoria","status":"publish","type":"post","link":"https:\/\/www.salvatorianas.org.br\/blog\/santos-basilio-magno-e-gregorio-nazianzeno-bispos-e-doutores-memoria\/","title":{"rendered":"Santos Bas\u00edlio Magno e Greg\u00f3rio Nazianzeno, bispos e doutores &#8211; Mem\u00f3ria"},"content":{"rendered":"\n<h3 class=\"wp-block-heading\">Ora\u00e7\u00e3o do dia<\/h3>\n\n\n\n<p>\u00d3 Deus, que iluminastes a vossa Igreja com o exemplo e a doutrina de s\u00e3o Bas\u00edlio e s\u00e3o Greg\u00f3rio Nazianzeno, fazei-nos buscar humildemente a vossa verdade e segui-la com amor em nossa vida. Por Nosso Senhor Jesus Cristo, Vosso Filho, na unidade do Esp\u00edrito Santo.<\/p>\n\n\n\n<h3 class=\"wp-block-heading\">Leitura &#8211;&nbsp;1 Jo\u00e3o 2,22-28<\/h3>\n\n\n\n<p>Leitura da primeira carta de s\u00e3o Jo\u00e3o.<\/p>\n\n\n\n<p>2 22 Irm\u00e3os, quem \u00e9 mentiroso sen\u00e3o aquele que nega que Jesus \u00e9 o Cristo? Esse \u00e9 o Anticristo, que nega o Pai e o Filho.<\/p>\n\n\n\n<p>23 Todo aquele que nega o Filho n\u00e3o tem o Pai. Todo aquele que proclama o Filho tem tamb\u00e9m o Pai.<\/p>\n\n\n\n<p>24 Que permane\u00e7a em v\u00f3s o que tendes ouvido desde o princ\u00edpio. Se permanecer em v\u00f3s o que ouvistes desde o princ\u00edpio, permanecereis tamb\u00e9m v\u00f3s no Filho e no Pai.<\/p>\n\n\n\n<p>25 Eis a promessa que ele nos fez: a vida eterna.<\/p>\n\n\n\n<p>26 Era isto o que eu vos tinha a escrever a respeito dos que vos seduzem.<\/p>\n\n\n\n<p>27 Quanto a v\u00f3s, a un\u00e7\u00e3o que dele recebestes permanece em v\u00f3s. E n\u00e3o tendes necessidade de que algu\u00e9m vos ensine; mas, como a sua un\u00e7\u00e3o vos ensina todas as coisas, assim \u00e9 ela verdadeira e n\u00e3o mentira. Permanecei nele, como ela vos ensinou.<\/p>\n\n\n\n<p>28 E agora, filhinhos, permanecei nele, para que, quando aparecer, tenhamos confian\u00e7a e n\u00e3o sejamos confundidos por ele, na sua vinda.<\/p>\n\n\n\n<p>Palavra do Senhor.<\/p>\n\n\n\n<h3 class=\"wp-block-heading\">Salmo Responsorial &#8211;&nbsp;97\/98<\/h3>\n\n\n\n<p><strong>Os confins do universo contemplaram<\/strong><\/p>\n\n\n\n<p><strong>A salva\u00e7\u00e3o do nosso Deus.<\/strong><\/p>\n\n\n\n<p>Cantai ao Senhor Deus um canto novo,<\/p>\n\n\n\n<p>Porque ele fez prod\u00edgios!<\/p>\n\n\n\n<p>Sua m\u00e3o e o seu bra\u00e7o forte e santo<\/p>\n\n\n\n<p>alcan\u00e7aram-lhe a vit\u00f3ria.<\/p>\n\n\n\n<p>O Senhor fez conhecer a salva\u00e7\u00e3o<\/p>\n\n\n\n<p>e, \u00e0s na\u00e7\u00f5es, sua justi\u00e7a;<\/p>\n\n\n\n<p>recordou o seu amor sempre fiel<\/p>\n\n\n\n<p>pela casa de Israel.<\/p>\n\n\n\n<p>Os confins do universo contemplaram<\/p>\n\n\n\n<p>a salva\u00e7\u00e3o do nosso Deus.<\/p>\n\n\n\n<p>Aclamai o Senhor Deus, \u00f3 terra inteira,<\/p>\n\n\n\n<p>alegrai-vos e exultai!<\/p>\n\n\n\n<h3 class=\"wp-block-heading\">Leitura &#8211;<\/h3>\n\n\n\n<h3 class=\"wp-block-heading\">Evangelho &#8211;&nbsp;Jo\u00e3o 1,19-28<\/h3>\n\n\n\n<p>Aleluia, aleluia, aleluia.<\/p>\n\n\n\n<p>Depois de ter falado, no passado, aos nossos pais pelos profetas muitas vezes, em nossos dias Deus falou-nos por seu Filho (Hb 1,1s).<\/p>\n\n\n\n<p>Proclama\u00e7\u00e3o do Evangelho de Jesus Cristo segundo Jo\u00e3o.<\/p>\n\n\n\n<p>1 19 Este foi o testemunho de Jo\u00e3o, quando os judeus lhe enviaram de Jerusal\u00e9m sacerdotes e levitas para perguntar-lhe: \u201cQuem \u00e9s tu?\u201d<\/p>\n\n\n\n<p>20 Ele fez esta declara\u00e7\u00e3o que confirmou sem hesitar: \u201cEu n\u00e3o sou o Cristo\u201d.<\/p>\n\n\n\n<p>21 \u201cPois, ent\u00e3o, quem \u00e9s?\u201d, perguntaram-lhe eles. \u201c\u00c9s tu Elias?\u201d Disse ele: \u201cN\u00e3o o sou\u201d. \u201c\u00c9s tu o profeta?\u201d Ele respondeu: \u201cN\u00e3o\u201d.<\/p>\n\n\n\n<p>22 Perguntaram-lhe de novo: \u201cDize-nos, afinal, quem \u00e9s, para que possamos dar uma resposta aos que nos enviaram. Que dizes de ti mesmo?\u201d<\/p>\n\n\n\n<p>23 Ele respondeu: \u201cEu sou a voz que clama no deserto: \u2018Endireitai o caminho do Senhor, como o disse o profeta Isa\u00edas\u2019\u201d.<\/p>\n\n\n\n<p>24 Alguns dos emiss\u00e1rios eram fariseus.<\/p>\n\n\n\n<p>25 Continuaram a perguntar-lhe: \u201cComo, pois, batizas, se tu n\u00e3o \u00e9s o Cristo, nem Elias, nem o profeta?\u201d<\/p>\n\n\n\n<p>26 Jo\u00e3o respondeu: \u201cEu batizo com \u00e1gua, mas no meio de v\u00f3s est\u00e1 quem v\u00f3s n\u00e3o conheceis.<\/p>\n\n\n\n<p>27 Esse \u00e9 quem vem depois de mim; e eu n\u00e3o sou digno de lhe desatar a correia do cal\u00e7ado\u201d.<\/p>\n\n\n\n<p>28 Este di\u00e1logo se passou em Bet\u00e2nia, al\u00e9m do Jord\u00e3o, onde Jo\u00e3o estava batizando.<\/p>\n\n\n\n<p>Palavra da Salva\u00e7\u00e3o.<\/p>\n\n\n\n<h3 class=\"wp-block-heading\">Coment\u00e1rio ao Evangelho<\/h3>\n\n\n\n<p>UMA DEFINI\u00c7\u00c3O DE IDENTIDADE<\/p>\n\n\n\n<p>Jo\u00e3o Batista teve sua parcela de colabora\u00e7\u00e3o no projeto de Deus, com uma tarefa aparentemente simples: anunciar a chegada do Messias e predispor o povo para acolh\u00ea-lo. Contudo, defrontou-se com s\u00e9rias dificuldades. A maior delas tocava sua identidade de Precursor. Sua figura asc\u00e9tica levava as pessoas a tom\u00e1-lo por Messias. Ele, por\u00e9m, se esfor\u00e7ava para explicar n\u00e3o ser o Cristo, nem pretender s\u00ea-lo, reconhecendo-se apenas como uma voz clamando para que as pessoas se preparassem para a vinda do Messias.<\/p>\n\n\n\n<p>Jo\u00e3o definia sua identidade confrontando-se com o Messias, que ele nem conhecia. Tinha consci\u00eancia da superioridade daquele que viria depois dele. Por isso, na sua humildade, reconhecia n\u00e3o ser digno nem mesmo de curvar-se para desatar-lhe as correias das sand\u00e1lias. Essa consci\u00eancia mantinha-o livre da tenta\u00e7\u00e3o de usurpar uma posi\u00e7\u00e3o que n\u00e3o lhe pertencia.<\/p>\n\n\n\n<p>O realismo de Jo\u00e3o n\u00e3o o impedia de realizar seu minist\u00e9rio com simplicidade. Ele n\u00e3o era um concorrente do Messias. N\u00e3o agia por iniciativa pr\u00f3pria; apenas fazia o que lhe fora pedido por Deus. Seu compromisso com ele impedia-o de extrapolar os limites do seu minist\u00e9rio. Sua figura s\u00f3 tinha import\u00e2ncia por causa do Messias que estava para vir.<\/p>\n\n\n\n<p>Foi a humildade de Jo\u00e3o que fez dele um grande homem, pois a verdadeira grandeza consiste em reconhecer a pr\u00f3pria indignidade diante do Pai e colocar-se a servi\u00e7o dele.<\/p>\n","protected":false},"excerpt":{"rendered":"<p>Ora\u00e7\u00e3o do dia \u00d3 Deus, que iluminastes a vossa Igreja com o exemplo e a doutrina de s\u00e3o Bas\u00edlio e s\u00e3o Greg\u00f3rio Nazianzeno, fazei-nos buscar humildemente a vossa verdade e segui-la com amor&#8230;<\/p>\n","protected":false},"author":2,"featured_media":19645,"comment_status":"open","ping_status":"open","sticky":false,"template":"","format":"standard","meta":[],"categories":[7],"tags":[],"_links":{"self":[{"href":"https:\/\/www.salvatorianas.org.br\/blog\/wp-json\/wp\/v2\/posts\/19644"}],"collection":[{"href":"https:\/\/www.salvatorianas.org.br\/blog\/wp-json\/wp\/v2\/posts"}],"about":[{"href":"https:\/\/www.salvatorianas.org.br\/blog\/wp-json\/wp\/v2\/types\/post"}],"author":[{"embeddable":true,"href":"https:\/\/www.salvatorianas.org.br\/blog\/wp-json\/wp\/v2\/users\/2"}],"replies":[{"embeddable":true,"href":"https:\/\/www.salvatorianas.org.br\/blog\/wp-json\/wp\/v2\/comments?post=19644"}],"version-history":[{"count":1,"href":"https:\/\/www.salvatorianas.org.br\/blog\/wp-json\/wp\/v2\/posts\/19644\/revisions"}],"predecessor-version":[{"id":19646,"href":"https:\/\/www.salvatorianas.org.br\/blog\/wp-json\/wp\/v2\/posts\/19644\/revisions\/19646"}],"wp:featuredmedia":[{"embeddable":true,"href":"https:\/\/www.salvatorianas.org.br\/blog\/wp-json\/wp\/v2\/media\/19645"}],"wp:attachment":[{"href":"https:\/\/www.salvatorianas.org.br\/blog\/wp-json\/wp\/v2\/media?parent=19644"}],"wp:term":[{"taxonomy":"category","embeddable":true,"href":"https:\/\/www.salvatorianas.org.br\/blog\/wp-json\/wp\/v2\/categories?post=19644"},{"taxonomy":"post_tag","embeddable":true,"href":"https:\/\/www.salvatorianas.org.br\/blog\/wp-json\/wp\/v2\/tags?post=19644"}],"curies":[{"name":"wp","href":"https:\/\/api.w.org\/{rel}","templated":true}]}}