{"id":19641,"date":"2023-01-01T01:39:00","date_gmt":"2023-01-01T01:39:00","guid":{"rendered":"https:\/\/www.salvatorianas.org.br\/blog\/?p=19641"},"modified":"2022-12-30T12:42:36","modified_gmt":"2022-12-30T12:42:36","slug":"santa-maria-mae-de-deus-solenidade-domingo","status":"publish","type":"post","link":"https:\/\/www.salvatorianas.org.br\/blog\/santa-maria-mae-de-deus-solenidade-domingo\/","title":{"rendered":"Santa Maria, M\u00e3e de Deus &#8211; Solenidade | Domingo"},"content":{"rendered":"\n<h3 class=\"wp-block-heading\">Ora\u00e7\u00e3o do dia<\/h3>\n\n\n\n<p>\u00d3 Deus, que pela virgindade fecunda de Maria destes \u00e0 humanidade a salva\u00e7\u00e3o eterna, dai-nos contar sempre com a sua intercess\u00e3o, pois ela nos trouxe o autor da vida. Por Nosso Senhor Jesus Cristo, Vosso Filho, na unidade do Esp\u00edrito Santo.<\/p>\n\n\n\n<h3 class=\"wp-block-heading\">Leitura &#8211;&nbsp;N\u00fameros 6,22-27<\/h3>\n\n\n\n<p>Leitura do livro dos N\u00fameros.<\/p>\n\n\n\n<p>6 22 O Senhor disse a Mois\u00e9s:<\/p>\n\n\n\n<p>23 \u201cDize a Aar\u00e3o e seus filhos o seguinte: eis como aben\u00e7oares os filhos de Israel:<\/p>\n\n\n\n<p>24 O Senhor te aben\u00e7oe e te guarde!<\/p>\n\n\n\n<p>25 O Senhor te mostre a sua face e conceda-te sua gra\u00e7a!<\/p>\n\n\n\n<p>26 O Senhor volva o seu rosto para ti e te d\u00ea a paz!<\/p>\n\n\n\n<p>27 E assim invocar\u00e3o o meu nome sobre os filhos de Israel e eu os aben\u00e7oarei\u201d.<\/p>\n\n\n\n<p>Palavra do Senhor.<\/p>\n\n\n\n<h3 class=\"wp-block-heading\">Salmo Responsorial &#8211;&nbsp;66\/67<\/h3>\n\n\n\n<p>Que Deus nos d\u00ea a sua gra\u00e7a e sua b\u00ean\u00e7\u00e3o.<\/p>\n\n\n\n<p>Que Deus nos d\u00ea a sua gra\u00e7a e sua b\u00ean\u00e7\u00e3o,<\/p>\n\n\n\n<p>e sua face resplande\u00e7a sobre n\u00f3s!<\/p>\n\n\n\n<p>Que na terra se conhe\u00e7a o seu caminho<\/p>\n\n\n\n<p>e a sua salva\u00e7\u00e3o por entre os povos.<\/p>\n\n\n\n<p>Exulte de alegria a terra inteira,<\/p>\n\n\n\n<p>pois julgais o universo com justi\u00e7a;<\/p>\n\n\n\n<p>os povos governais com retid\u00e3o<\/p>\n\n\n\n<p>e guiais, em toda a terra, as na\u00e7\u00f5es.<\/p>\n\n\n\n<p>Que as na\u00e7\u00f5es vos glorifiquem, \u00f3 Senhor,<\/p>\n\n\n\n<p>que todas as na\u00e7\u00f5es vos glorifiquem!<\/p>\n\n\n\n<p>Que o Senhor e nosso Deus nos aben\u00e7oe,<\/p>\n\n\n\n<p>e o respeitem os confins de toda a terra!<\/p>\n\n\n\n<h3 class=\"wp-block-heading\">Leitura &#8211;&nbsp;G\u00e1latas 4,4-7<\/h3>\n\n\n\n<p>Leitura da carta de s\u00e3o Paulo aos G\u00e1latas.<\/p>\n\n\n\n<p>4 4 Irm\u00e3os, quando veio a plenitude dos tempos, Deus enviou seu Filho, que nasceu de uma mulher e nasceu submetido a uma lei,<\/p>\n\n\n\n<p>5 a fim de remir os que estavam sob a lei, para que receb\u00eassemos a sua ado\u00e7\u00e3o.<\/p>\n\n\n\n<p>6 A prova de que sois filhos \u00e9 que Deus enviou aos vossos cora\u00e7\u00f5es o Esp\u00edrito de seu Filho, que clama: Aba, Pai!<\/p>\n\n\n\n<p>7 Portanto j\u00e1 n\u00e3o \u00e9s escravo, mas filho. E, se \u00e9s filho, ent\u00e3o tamb\u00e9m herdeiro por Deus.<\/p>\n\n\n\n<p>Palavra do Senhor.<\/p>\n\n\n\n<h3 class=\"wp-block-heading\">Evangelho &#8211;&nbsp;Lucas 2,16-21<\/h3>\n\n\n\n<p>Aleluia, aleluia, aleluia.<\/p>\n\n\n\n<p>De muitos modos, Deus outrora nos falou pelos profetas;<\/p>\n\n\n\n<p>nestes tempos derradeiros, nos falou pelo seu Filho (Hb 1,1s).<\/p>\n\n\n\n<p>Proclama\u00e7\u00e3o do Evangelho de Jesus Cristo segundo Lucas.<\/p>\n\n\n\n<p>2 16 Os pastores foram com grande pressa e acharam Maria e Jos\u00e9, e o menino deitado na manjedoura. 17 Vendo-o, contaram o que se lhes havia dito a respeito deste menino.<\/p>\n\n\n\n<p>18 Todos os que os ouviam admiravam-se das coisas que lhes contavam os pastores.<\/p>\n\n\n\n<p>19 Maria conservava todas estas palavras, meditando-as no seu cora\u00e7\u00e3o.<\/p>\n\n\n\n<p>20 Voltaram os pastores, glorificando e louvando a Deus por tudo o que tinham ouvido e visto, e que estava de acordo com o que lhes fora dito.<\/p>\n\n\n\n<p>21 Completados que foram os oito dias para ser circuncidado o menino, foi-lhe posto o nome de Jesus, como lhe tinha chamado o anjo, antes de ser concebido no seio materno.<\/p>\n\n\n\n<p>Palavra da Salva\u00e7\u00e3o.<\/p>\n\n\n\n<h3 class=\"wp-block-heading\">Coment\u00e1rio ao Evangelho<\/h3>\n\n\n\n<p>GUARDAVA TUDO NO CORA\u00c7\u00c3O<\/p>\n\n\n\n<p>Os fatos ocorridos em torno do nascimento de Jesus exigiram de Maria muita aten\u00e7\u00e3o. A acolhida do projeto divino \u2013 \u201cFa\u00e7a-se em mim segundo a tua palavra\u201d \u2013 de modo algum proporcionou-lhe um conhecimento preciso e exaustivo do que estava para acontecer. O \u201csim\u201d de disponibilidade exigiu dela jogar-se toda nas m\u00e3os de Deus e adaptar-se aos cont\u00ednuos imprevistos preparados pelo mist\u00e9rio divino.<\/p>\n\n\n\n<p>As palavras dos pastores a respeito de Jesus pegaram-na de surpresa. Eles falavam das coisas maravilhosas comunicadas pelos anjos: o rec\u00e9m-nascido era o Salvador da humanidade, o Messias Senhor, motivo de grande alegria para todo o povo.<\/p>\n\n\n\n<p>Maria \u201cobservava tudo, guardando no cora\u00e7\u00e3o o que ouvia\u201d. Ela registrava na mem\u00f3ria os fatos presenciados, buscando seu sentido profundo, para al\u00e9m das apar\u00eancias. Com a ajuda do Esp\u00edrito, esfor\u00e7ava-se para interpretar tudo quanto dizia respeito a seu filho, cuja miss\u00e3o salv\u00edfica come\u00e7ava a se esbo\u00e7ar, desde o seu nascimento.<\/p>\n\n\n\n<p>Portanto, a f\u00e9 da M\u00e3e de Deus foi pouco a pouco se consolidando. Embora \u201ccheia de gra\u00e7a\u201d, n\u00e3o deixou de se esfor\u00e7ar para captar cada pequeno sinal do des\u00edgnio de Deus para si e para seu filho. N\u00e3o foi agraciada com conhecimentos excepcionais que lhe proporcionassem tranquilidade em rela\u00e7\u00e3o ao mist\u00e9rio que a envolvia. A sua foi uma exigente vida de f\u00e9.<\/p>\n\n\n\n<h2 class=\"wp-block-heading\"><\/h2>\n","protected":false},"excerpt":{"rendered":"<p>Ora\u00e7\u00e3o do dia \u00d3 Deus, que pela virgindade fecunda de Maria destes \u00e0 humanidade a salva\u00e7\u00e3o eterna, dai-nos contar sempre com a sua intercess\u00e3o, pois ela nos trouxe o autor da vida. Por&#8230;<\/p>\n","protected":false},"author":2,"featured_media":19642,"comment_status":"open","ping_status":"open","sticky":false,"template":"","format":"standard","meta":[],"categories":[7],"tags":[],"_links":{"self":[{"href":"https:\/\/www.salvatorianas.org.br\/blog\/wp-json\/wp\/v2\/posts\/19641"}],"collection":[{"href":"https:\/\/www.salvatorianas.org.br\/blog\/wp-json\/wp\/v2\/posts"}],"about":[{"href":"https:\/\/www.salvatorianas.org.br\/blog\/wp-json\/wp\/v2\/types\/post"}],"author":[{"embeddable":true,"href":"https:\/\/www.salvatorianas.org.br\/blog\/wp-json\/wp\/v2\/users\/2"}],"replies":[{"embeddable":true,"href":"https:\/\/www.salvatorianas.org.br\/blog\/wp-json\/wp\/v2\/comments?post=19641"}],"version-history":[{"count":1,"href":"https:\/\/www.salvatorianas.org.br\/blog\/wp-json\/wp\/v2\/posts\/19641\/revisions"}],"predecessor-version":[{"id":19643,"href":"https:\/\/www.salvatorianas.org.br\/blog\/wp-json\/wp\/v2\/posts\/19641\/revisions\/19643"}],"wp:featuredmedia":[{"embeddable":true,"href":"https:\/\/www.salvatorianas.org.br\/blog\/wp-json\/wp\/v2\/media\/19642"}],"wp:attachment":[{"href":"https:\/\/www.salvatorianas.org.br\/blog\/wp-json\/wp\/v2\/media?parent=19641"}],"wp:term":[{"taxonomy":"category","embeddable":true,"href":"https:\/\/www.salvatorianas.org.br\/blog\/wp-json\/wp\/v2\/categories?post=19641"},{"taxonomy":"post_tag","embeddable":true,"href":"https:\/\/www.salvatorianas.org.br\/blog\/wp-json\/wp\/v2\/tags?post=19641"}],"curies":[{"name":"wp","href":"https:\/\/api.w.org\/{rel}","templated":true}]}}