{"id":19637,"date":"2022-12-31T01:29:00","date_gmt":"2022-12-31T01:29:00","guid":{"rendered":"https:\/\/www.salvatorianas.org.br\/blog\/?p=19637"},"modified":"2022-12-30T12:38:58","modified_gmt":"2022-12-30T12:38:58","slug":"7-dia-na-oitava-do-natal-sabado","status":"publish","type":"post","link":"https:\/\/www.salvatorianas.org.br\/blog\/7-dia-na-oitava-do-natal-sabado\/","title":{"rendered":"7\u00b0 Dia na Oitava do Natal | S\u00e1bado"},"content":{"rendered":"\n<h3 class=\"wp-block-heading\">Ora\u00e7\u00e3o do dia<\/h3>\n\n\n\n<p>Deus eterno e todo-poderoso, que estabelecestes o princ\u00edpio e a plenitude de toda a religi\u00e3o na encarna\u00e7\u00e3o do vosso Filho, concedei que sejamos contados entre os disc\u00edpulos daquele que \u00e9 toda a salva\u00e7\u00e3o da humanidade. Por Nosso Senhor Jesus Cristo, Vosso Filho, na unidade do Esp\u00edrito Santo.<\/p>\n\n\n\n<h3 class=\"wp-block-heading\">Leitura &#8211;&nbsp;1 Jo\u00e3o 2,18-21<\/h3>\n\n\n\n<p>Leitura da primeira carta de s\u00e3o Jo\u00e3o.<\/p>\n\n\n\n<p>2 18 Filhinhos, esta \u00e9 a \u00faltima hora. V\u00f3s ouvistes dizer que o Anticristo vem. Eis que j\u00e1 h\u00e1 muitos anticristos, por isto conhecemos que \u00e9 a \u00faltima hora.<\/p>\n\n\n\n<p>19 Eles sa\u00edram dentre n\u00f3s, mas n\u00e3o eram dos nossos. Se tivessem sido dos nossos, ficariam certamente conosco. Mas isto se d\u00e1 para que se conhe\u00e7a que nem todos s\u00e3o dos nossos.<\/p>\n\n\n\n<p>20 V\u00f3s, por\u00e9m, tendes a un\u00e7\u00e3o do Santo e sabeis todas as coisas.<\/p>\n\n\n\n<p>21 N\u00e3o vos escrevi como se ignor\u00e1sseis a verdade, mas porque a conheceis, e porque nenhuma mentira vem da verdade.<\/p>\n\n\n\n<p>Palavra do Senhor.<\/p>\n\n\n\n<h3 class=\"wp-block-heading\">Salmo Responsorial &#8211;&nbsp;95\/96<\/h3>\n\n\n\n<p><strong>O c\u00e9u se rejubile e exulte a terra!<\/strong><\/p>\n\n\n\n<p>Cantai ao Senhor Deus um canto novo,<\/p>\n\n\n\n<p>cantai ao Senhor Deus, \u00f3 terra inteira!<\/p>\n\n\n\n<p>Cantai e bendizei seu santo nome!<\/p>\n\n\n\n<p>Dia ap\u00f3s dia anunciai sua salva\u00e7\u00e3o.<\/p>\n\n\n\n<p>O c\u00e9u se rejubile e exulte a terra,<\/p>\n\n\n\n<p>aplauda o mar com o que vive em suas \u00e1guas;<\/p>\n\n\n\n<p>os campos com seus frutos rejubilem<\/p>\n\n\n\n<p>e exultem as florestas e as matas.<\/p>\n\n\n\n<p>Na presen\u00e7a do Senhor, pois ele vem,<\/p>\n\n\n\n<p>porque vem para julgar a terra inteira.<\/p>\n\n\n\n<p>Governar\u00e1 o mundo todo com justi\u00e7a,<\/p>\n\n\n\n<p>e os povos julgar\u00e1 com lealdade.<\/p>\n\n\n\n<h3 class=\"wp-block-heading\">Leitura &#8211;<\/h3>\n\n\n\n<h3 class=\"wp-block-heading\">Evangelho &#8211;&nbsp;Jo\u00e3o 1,1-18<\/h3>\n\n\n\n<p>Aleluia, aleluia, aleluia.<\/p>\n\n\n\n<p>A palavra se fez carne, entre n\u00f3s ela habitou; e todos os que a acolheram, de Deus filhos se tornaram (Jo 1,14.12).<\/p>\n\n\n\n<p>Proclama\u00e7\u00e3o do Evangelho de Jesus Cristo segundo Jo\u00e3o.<\/p>\n\n\n\n<p>1 1 No princ\u00edpio era o Verbo, e o Verbo estava junto de Deus e o Verbo era Deus.<\/p>\n\n\n\n<p>2 Ele estava no princ\u00edpio junto de Deus.<\/p>\n\n\n\n<p>3 Tudo foi feito por ele, e sem ele nada foi feito.<\/p>\n\n\n\n<p>4 Nele havia a vida, e a vida era a luz dos homens.<\/p>\n\n\n\n<p>5 A luz resplandece nas trevas, e as trevas n\u00e3o a compreenderam.<\/p>\n\n\n\n<p>6 Houve um homem, enviado por Deus, que se chamava Jo\u00e3o.<\/p>\n\n\n\n<p>7 Este veio como testemunha, para dar testemunho da luz, a fim de que todos cressem por meio dele.<\/p>\n\n\n\n<p>8 N\u00e3o era ele a luz, mas veio para dar testemunho da luz.<\/p>\n\n\n\n<p>9 era a verdadeira luz que, vindo ao mundo, ilumina todo homem.<\/p>\n\n\n\n<p>10 Estava no mundo e o mundo foi feito por ele, e o mundo n\u00e3o o reconheceu.<\/p>\n\n\n\n<p>11 Veio para o que era seu, mas os seus n\u00e3o o receberam.<\/p>\n\n\n\n<p>12 Mas a todos aqueles que o receberam, aos que creem no seu nome, deu-lhes o poder de se tornarem filhos de Deus,<\/p>\n\n\n\n<p>13 os quais n\u00e3o nasceram do sangue, nem da vontade da carne, nem da vontade do homem, mas sim de Deus.<\/p>\n\n\n\n<p>14 E o Verbo se fez carne e habitou entre n\u00f3s, e vimos sua gl\u00f3ria, a gl\u00f3ria que o Filho \u00fanico recebe do seu Pai, cheio de gra\u00e7a e de verdade.<\/p>\n\n\n\n<p>15 Jo\u00e3o d\u00e1 testemunho dele, e exclama: \u201cEis aquele de quem eu disse: \u2018O que vem depois de mim \u00e9 maior do que eu, porque existia antes de mim\u2019\u201d.<\/p>\n\n\n\n<p>16 Todos n\u00f3s recebemos da sua plenitude gra\u00e7a sobre gra\u00e7a.<\/p>\n\n\n\n<p>17 Pois a lei foi dada por Mois\u00e9s, a gra\u00e7a e a verdade vieram por Jesus Cristo.<\/p>\n\n\n\n<p>18 Ningu\u00e9m jamais viu Deus. O Filho \u00fanico, que est\u00e1 no seio do Pai, foi quem o revelou.<\/p>\n\n\n\n<p>Palavra da Salva\u00e7\u00e3o.<\/p>\n\n\n\n<h3 class=\"wp-block-heading\">Coment\u00e1rio ao Evangelho<\/h3>\n\n\n\n<p>A TENDA DIVINA ARMADA ENTRE N\u00d3S<\/p>\n\n\n\n<p>S\u00f3 uma reflex\u00e3o atenta sobre o nascimento de Jesus permitiu ao evangelista compreender, em profundidade, o que se passou na humildade de Bel\u00e9m. A\u00ed, o Filho de Deus armou sua tenda entre n\u00f3s, na qualidade de enviado para nos falar de Deus e nos levar a conhec\u00ea-lo. Ele veio para nos transmitir tudo quanto aprendeu do Pai.<\/p>\n\n\n\n<p>Sua condi\u00e7\u00e3o divina foi descrita num linguajar elevado. Ele era a Palavra de Deus, estava em Deus e gozava da condi\u00e7\u00e3o divina. Toda a Cria\u00e7\u00e3o traz a sua marca, por ser obra sua. Nenhum ser existe independente de seu querer, pois nele estava a fonte da vida. Foi ele que arrancou o ser humano das trevas do erro, sendo uma luz brilhando nas trevas. Desde ent\u00e3o, toda pessoa pode beneficiar-se desta luz, oferecida abundantemente.<\/p>\n\n\n\n<p>Fazendo-se carne, em Jesus de Nazar\u00e9, a Palavra divina tornou-se vis\u00edvel. E assim, toda a humanidade passou a ter acesso a Deus, de maneira nova, por meio do Filho \u00fanico, \u201ccheio de gra\u00e7a e verdade\u201d. S\u00f3 ele pode nos falar do Pai.<\/p>\n\n\n\n<p>Todas estas credenciais n\u00e3o foram suficientes para que os seus acolhessem Jesus. Antes, movidos pelas paix\u00f5es humanas \u2013 \u201ca vontade da carne\u201d \u2013, muitos o rejeitaram recusando-se a partilhar da plenitude que lhes tinha sido oferecida.<\/p>\n\n\n\n<p>Contudo, a insensatez humana n\u00e3o foi suficientemente forte para anular o projeto do Pai. A tenda do Verbo encarnado continua armada entre n\u00f3s. Aproximemo-nos dela!<\/p>\n","protected":false},"excerpt":{"rendered":"<p>Ora\u00e7\u00e3o do dia Deus eterno e todo-poderoso, que estabelecestes o princ\u00edpio e a plenitude de toda a religi\u00e3o na encarna\u00e7\u00e3o do vosso Filho, concedei que sejamos contados entre os disc\u00edpulos daquele que \u00e9&#8230;<\/p>\n","protected":false},"author":2,"featured_media":19638,"comment_status":"open","ping_status":"open","sticky":false,"template":"","format":"standard","meta":[],"categories":[1],"tags":[],"_links":{"self":[{"href":"https:\/\/www.salvatorianas.org.br\/blog\/wp-json\/wp\/v2\/posts\/19637"}],"collection":[{"href":"https:\/\/www.salvatorianas.org.br\/blog\/wp-json\/wp\/v2\/posts"}],"about":[{"href":"https:\/\/www.salvatorianas.org.br\/blog\/wp-json\/wp\/v2\/types\/post"}],"author":[{"embeddable":true,"href":"https:\/\/www.salvatorianas.org.br\/blog\/wp-json\/wp\/v2\/users\/2"}],"replies":[{"embeddable":true,"href":"https:\/\/www.salvatorianas.org.br\/blog\/wp-json\/wp\/v2\/comments?post=19637"}],"version-history":[{"count":1,"href":"https:\/\/www.salvatorianas.org.br\/blog\/wp-json\/wp\/v2\/posts\/19637\/revisions"}],"predecessor-version":[{"id":19639,"href":"https:\/\/www.salvatorianas.org.br\/blog\/wp-json\/wp\/v2\/posts\/19637\/revisions\/19639"}],"wp:featuredmedia":[{"embeddable":true,"href":"https:\/\/www.salvatorianas.org.br\/blog\/wp-json\/wp\/v2\/media\/19638"}],"wp:attachment":[{"href":"https:\/\/www.salvatorianas.org.br\/blog\/wp-json\/wp\/v2\/media?parent=19637"}],"wp:term":[{"taxonomy":"category","embeddable":true,"href":"https:\/\/www.salvatorianas.org.br\/blog\/wp-json\/wp\/v2\/categories?post=19637"},{"taxonomy":"post_tag","embeddable":true,"href":"https:\/\/www.salvatorianas.org.br\/blog\/wp-json\/wp\/v2\/tags?post=19637"}],"curies":[{"name":"wp","href":"https:\/\/api.w.org\/{rel}","templated":true}]}}