{"id":19634,"date":"2022-12-30T12:29:31","date_gmt":"2022-12-30T12:29:31","guid":{"rendered":"https:\/\/www.salvatorianas.org.br\/blog\/?p=19634"},"modified":"2022-12-30T12:29:32","modified_gmt":"2022-12-30T12:29:32","slug":"sagrada-familia-jesus-maria-e-jose-festa-sexta-feira","status":"publish","type":"post","link":"https:\/\/www.salvatorianas.org.br\/blog\/sagrada-familia-jesus-maria-e-jose-festa-sexta-feira\/","title":{"rendered":"Sagrada Fam\u00edlia: Jesus, Maria e Jos\u00e9 &#8211; Festa | Sexta-feira"},"content":{"rendered":"\n<h3 class=\"wp-block-heading\">Ora\u00e7\u00e3o do dia<\/h3>\n\n\n\n<p>\u00d3 Deus de bondade, que nos destes a Sagrada Fam\u00edlia como exemplo, concedei-nos imitar em nossos lares as suas virtudes para que, unidos pelos la\u00e7os do amor, possamos chegar um dia \u00e0s alegrias da vossa casa. Por Nosso Senhor Jesus Cristo, Vosso Filho, na unidade do Esp\u00edrito Santo.<\/p>\n\n\n\n<h3 class=\"wp-block-heading\">Leitura &#8211;&nbsp;Eclesi\u00e1stico 3,3-7.14-17<\/h3>\n\n\n\n<p>Leitura do livro do Eclesi\u00e1stico.<\/p>\n\n\n\n<p>3 3 Pois Deus quis honrar os pais pelos filhos, e cuidadosamente fortaleceu a autoridade da m\u00e3e sobre eles.<\/p>\n\n\n\n<p>4 Aquele que ama a Deus o roga pelos seus pecados, acautela-se para n\u00e3o comet\u00ea-los no porvir. Ele \u00e9 ouvido em sua prece cotidiana.<\/p>\n\n\n\n<p>5 Quem honra sua m\u00e3e \u00e9 semelhante \u00e0quele que acumula um tesouro.<\/p>\n\n\n\n<p>6 Quem honra seu pai achar\u00e1 alegria em seus filhos, ser\u00e1 ouvido no dia da ora\u00e7\u00e3o.<\/p>\n\n\n\n<p>7 Quem honra seu pai gozar\u00e1 de vida longa; quem lhe obedece dar\u00e1 consolo \u00e0 sua m\u00e3e.<\/p>\n\n\n\n<p>14 Meu filho, ajuda a velhice de teu pai, n\u00e3o o desgostes durante a sua vida.<\/p>\n\n\n\n<p>15 Se seu esp\u00edrito desfalecer, s\u00ea indulgente, n\u00e3o o desprezes porque te sentes forte, pois tua caridade para com teu pai n\u00e3o ser\u00e1 esquecida,<\/p>\n\n\n\n<p>16 e, por teres suportado os defeitos de tua m\u00e3e, ser-te-\u00e1 dada uma recompensa;<\/p>\n\n\n\n<p>17 tua casa tornar-se-\u00e1 pr\u00f3spera na justi\u00e7a. Lembrar-se-\u00e3o de ti no dia da afli\u00e7\u00e3o, e teus pecados dissolver-se-\u00e3o como o gelo ao sol forte.<\/p>\n\n\n\n<p>Palavra do Senhor.<\/p>\n\n\n\n<h3 class=\"wp-block-heading\">Salmo Responsorial &#8211;&nbsp;127\/128<\/h3>\n\n\n\n<p><strong>Felizes os que temem o Senhor<\/strong><\/p>\n\n\n\n<p><strong>e trilham seus caminhos!<\/strong><\/p>\n\n\n\n<p>Felizes \u00e9s tu se temes o Senhor<\/p>\n\n\n\n<p>e trilhas seus caminhos!<\/p>\n\n\n\n<p>Do trabalho de tuas m\u00e3os h\u00e1s de viver,<\/p>\n\n\n\n<p>ser\u00e1s feliz, tudo ir\u00e1 bem!<\/p>\n\n\n\n<p>A tua esposa \u00e9 uma videira bem fecunda<\/p>\n\n\n\n<p>no cora\u00e7\u00e3o da tua casa;<\/p>\n\n\n\n<p>os teus filhos s\u00e3o rebentos de oliveira<\/p>\n\n\n\n<p>ao redor de tua mesa.<\/p>\n\n\n\n<p>Ser\u00e1 assim aben\u00e7oado todo homem<\/p>\n\n\n\n<p>que teme o Senhor.<\/p>\n\n\n\n<p>O Senhor te aben\u00e7oe de Si\u00e3o<\/p>\n\n\n\n<p>cada dia de tua vida.<\/p>\n\n\n\n<h3 class=\"wp-block-heading\">Leitura &#8211;<\/h3>\n\n\n\n<h3 class=\"wp-block-heading\">Evangelho &#8211;&nbsp;Mateus 2,13-15.19-23<\/h3>\n\n\n\n<p>Aleluia, aleluia, aleluia.<\/p>\n\n\n\n<p>Que a paz de Cristo reine em vossos cora\u00e7\u00f5es e ricamente habite em v\u00f3s sua palavra! (Cl 3,15s).<\/p>\n\n\n\n<p>Proclama\u00e7\u00e3o do Evangelho de Jesus Cristo segundo Mateus.<\/p>\n\n\n\n<p>2 13 Depois que os magos partiram, um anjo do Senhor apareceu em sonhos a Jos\u00e9 e disse: &#8220;Levanta-te, toma o menino e sua m\u00e3e e foge para o Egito; fica l\u00e1 at\u00e9 que eu te avise, porque Herodes vai procurar o menino para o matar&#8221;.<\/p>\n\n\n\n<p>14 Jos\u00e9 levantou-se durante a noite, tomou o menino e sua m\u00e3e e partiu para o Egito.<\/p>\n\n\n\n<p>15 Ali permaneceu at\u00e9 a morte de Herodes para que se cumprisse o que o Senhor dissera pelo profeta: &#8220;Eu chamei do Egito meu filho&#8221;.<\/p>\n\n\n\n<p>19 Com a morte de Herodes, o anjo do Senhor apareceu em sonhos a Jos\u00e9, no Egito, e disse:<\/p>\n\n\n\n<p>20 &#8220;Levanta-te, toma o menino e sua m\u00e3e e retorna \u00e0 terra de Israel, porque morreram os que atentavam contra a vida do menino&#8221;.<\/p>\n\n\n\n<p>21 Jos\u00e9 levantou-se, tomou o menino e sua m\u00e3e e foi para a terra de Israel.<\/p>\n\n\n\n<p>22 Ao ouvir, por\u00e9m, que Arquelau reinava na Jud\u00e9ia, em lugar de seu pai Herodes, n\u00e3o ousou ir para l\u00e1. Avisado divinamente em sonhos, retirou-se para a prov\u00edncia da Galileia<\/p>\n\n\n\n<p>23 e veio habitar na cidade de Nazar\u00e9 para que se cumprisse o que foi dito pelos profetas: &#8220;Ser\u00e1 chamado Nazareno&#8221;.<\/p>\n\n\n\n<p>Palavra da Salva\u00e7\u00e3o.<\/p>\n\n\n\n<h3 class=\"wp-block-heading\">Coment\u00e1rio ao Evangelho<\/h3>\n\n\n\n<p>COMENT\u00c1RIO AO EVANGELHO<\/p>\n\n\n\n<p>UMA FAM\u00cdLIA PROVADA<\/p>\n\n\n\n<p>A Sagrada Fam\u00edlia de Nazar\u00e9, apesar de sua rela\u00e7\u00e3o privilegiada com Deus, em nada foi poupada dos infort\u00fanios pr\u00f3prios dos seres humanos. Seria enganoso imagin\u00e1-la gozando de regalias inacess\u00edveis a qualquer pessoa comum. Talvez, exatamente porque t\u00e3o intimamente ligada a Deus, tenha sido posta \u00e0 prova, de maneira t\u00e3o dura.<\/p>\n\n\n\n<p>J\u00e1 os fatos inerentes ao nascimento de Jesus comportaram motivos de afli\u00e7\u00e3o. \u00c9 f\u00e1cil de imaginar quanta ang\u00fastia acarretaram a concep\u00e7\u00e3o misteriosa de Maria, a obriga\u00e7\u00e3o de se deslocar para Bel\u00e9m, quando o tempo de dar \u00e0 luz estava se aproximando, a falta de lugar adequado para o parto e as condi\u00e7\u00f5es prec\u00e1rias em que o menino Jesus nasceu.<\/p>\n\n\n\n<p>A fuga apressada para o Egito, para escapar da f\u00faria homicida de Herodes, foi mais um sofrimento imposto \u00e0 Sagrada Fam\u00edlia. \u00c0 perspectiva de morte somava-se a de ver-se obrigada a fugir para o estrangeiro, de maneira imprevista, como tamb\u00e9m, a de ter de voltar para Israel, a fim de n\u00e3o cair nas garras de Arquelau, sucessor de Herodes, devendo escolher, como lugar de moradia, a humilde e sem import\u00e2ncia Nazar\u00e9.<\/p>\n\n\n\n<p>A Sagrada Fam\u00edlia jamais esteve isenta de tribula\u00e7\u00f5es. Mas nem por isso desviou-se do caminho da f\u00e9 e obedi\u00eancia a Deus. Sua fidelidade foi continuamente posta \u00e0 prova. E, na prova\u00e7\u00e3o, foi se consolidando. Desta forma, tornou-se modelo de fam\u00edlia crist\u00e3 que, experimenta as dificuldades da vida, sem se desviar dos caminhos de Deus.<\/p>\n","protected":false},"excerpt":{"rendered":"<p>Ora\u00e7\u00e3o do dia \u00d3 Deus de bondade, que nos destes a Sagrada Fam\u00edlia como exemplo, concedei-nos imitar em nossos lares as suas virtudes para que, unidos pelos la\u00e7os do amor, possamos chegar um&#8230;<\/p>\n","protected":false},"author":2,"featured_media":19635,"comment_status":"open","ping_status":"open","sticky":false,"template":"","format":"standard","meta":[],"categories":[7],"tags":[],"_links":{"self":[{"href":"https:\/\/www.salvatorianas.org.br\/blog\/wp-json\/wp\/v2\/posts\/19634"}],"collection":[{"href":"https:\/\/www.salvatorianas.org.br\/blog\/wp-json\/wp\/v2\/posts"}],"about":[{"href":"https:\/\/www.salvatorianas.org.br\/blog\/wp-json\/wp\/v2\/types\/post"}],"author":[{"embeddable":true,"href":"https:\/\/www.salvatorianas.org.br\/blog\/wp-json\/wp\/v2\/users\/2"}],"replies":[{"embeddable":true,"href":"https:\/\/www.salvatorianas.org.br\/blog\/wp-json\/wp\/v2\/comments?post=19634"}],"version-history":[{"count":1,"href":"https:\/\/www.salvatorianas.org.br\/blog\/wp-json\/wp\/v2\/posts\/19634\/revisions"}],"predecessor-version":[{"id":19636,"href":"https:\/\/www.salvatorianas.org.br\/blog\/wp-json\/wp\/v2\/posts\/19634\/revisions\/19636"}],"wp:featuredmedia":[{"embeddable":true,"href":"https:\/\/www.salvatorianas.org.br\/blog\/wp-json\/wp\/v2\/media\/19635"}],"wp:attachment":[{"href":"https:\/\/www.salvatorianas.org.br\/blog\/wp-json\/wp\/v2\/media?parent=19634"}],"wp:term":[{"taxonomy":"category","embeddable":true,"href":"https:\/\/www.salvatorianas.org.br\/blog\/wp-json\/wp\/v2\/categories?post=19634"},{"taxonomy":"post_tag","embeddable":true,"href":"https:\/\/www.salvatorianas.org.br\/blog\/wp-json\/wp\/v2\/tags?post=19634"}],"curies":[{"name":"wp","href":"https:\/\/api.w.org\/{rel}","templated":true}]}}