{"id":19630,"date":"2022-12-30T12:26:02","date_gmt":"2022-12-30T12:26:02","guid":{"rendered":"https:\/\/www.salvatorianas.org.br\/blog\/?p=19630"},"modified":"2022-12-30T12:26:19","modified_gmt":"2022-12-30T12:26:19","slug":"5-dia-na-oitava-de-natal-quinta-feira","status":"publish","type":"post","link":"https:\/\/www.salvatorianas.org.br\/blog\/5-dia-na-oitava-de-natal-quinta-feira\/","title":{"rendered":"5\u00b0 Dia na Oitava de Natal | Quinta-feira"},"content":{"rendered":"\n<h3 class=\"wp-block-heading\">Ora\u00e7\u00e3o do dia<\/h3>\n\n\n\n<p>\u00d3 Deus invis\u00edvel e todo-poderoso, que dissipastes as trevas do mundo com a vinda da vossa luz, volvei para n\u00f3s o vosso olhar, a fim de que proclamemos dignamente a maravilhosa natividade do vosso Filho unig\u00eanito.<\/p>\n\n\n\n<h3 class=\"wp-block-heading\">Leitura &#8211;&nbsp;1 Jo\u00e3o 2,3-11<\/h3>\n\n\n\n<p>Leitura da primeira carta de s\u00e3o Jo\u00e3o.<\/p>\n\n\n\n<p>2 3 Eis como sabemos que o conhecemos: se guardamos os seus mandamentos.<\/p>\n\n\n\n<p>4 Aquele que diz conhec\u00ea-lo e n\u00e3o guarda os seus mandamentos \u00e9 mentiroso e a verdade n\u00e3o est\u00e1 nele.<\/p>\n\n\n\n<p>5 Aquele, por\u00e9m, que guarda a sua palavra, nele o amor de Deus \u00e9 verdadeiramente perfeito. \u00c9 assim que conhecemos se estamos nele:<\/p>\n\n\n\n<p>6 aquele que afirma permanecer nele deve tamb\u00e9m viver como ele viveu.<\/p>\n\n\n\n<p>7 Car\u00edssimos, n\u00e3o vos escrevo nenhum mandamento novo, mas sim o mandamento antigo, que recebestes desde o princ\u00edpio. Este mandamento antigo \u00e9 a palavra que acabais de ouvir.<\/p>\n\n\n\n<p>8 Todavia, eu vos escrevo agora um mandamento novo &#8211; verdadeiramente novo, nele como em v\u00f3s, porque as trevas passam e j\u00e1 resplandece a verdadeira luz.<\/p>\n\n\n\n<p>9 Aquele que diz estar na luz, e odeia seu irm\u00e3o, jaz ainda nas trevas.<\/p>\n\n\n\n<p>10 Quem ama seu irm\u00e3o permanece na luz e n\u00e3o se exp\u00f5e a trope\u00e7ar.<\/p>\n\n\n\n<p>11 Mas quem odeia seu irm\u00e3o est\u00e1 nas trevas e anda nas trevas, sem saber para onde dirige os passos; as trevas cegaram seus olhos.<\/p>\n\n\n\n<p>Palavra do Senhor.<\/p>\n\n\n\n<h3 class=\"wp-block-heading\">Salmo Responsorial &#8211;&nbsp;95\/96<\/h3>\n\n\n\n<p><strong>O c\u00e9u se rejubile e exulte a terra!<\/strong><\/p>\n\n\n\n<p>Cantai ao Senhor Deus um canto novo,<\/p>\n\n\n\n<p>cantai ao Senhor Deus, \u00f3 terra inteira!<\/p>\n\n\n\n<p>Cantai e bendizei seu santo nome!<\/p>\n\n\n\n<p>Dia ap\u00f3s dia anunciai sua salva\u00e7\u00e3o,<\/p>\n\n\n\n<p>manifestai a sua gl\u00f3ria entre as na\u00e7\u00f5es<\/p>\n\n\n\n<p>e, entre os povos do universo, seus prod\u00edgios!<\/p>\n\n\n\n<p>Foi o Senhor e nosso Deus quem fez os c\u00e9us:<\/p>\n\n\n\n<p>diante dele v\u00e3o a gl\u00f3ria e a majestade,<\/p>\n\n\n\n<p>e o seu templo, que beleza e esplendor!<\/p>\n\n\n\n<h3 class=\"wp-block-heading\">Leitura &#8211;<\/h3>\n\n\n\n<h3 class=\"wp-block-heading\">Evangelho &#8211;&nbsp;Lucas 2,22-35<\/h3>\n\n\n\n<p>Aleluia, aleluia, aleluia.<\/p>\n\n\n\n<p>Sois a luz que brilhar\u00e1 para os gentios e para a gl\u00f3ria de Israel, o vosso povo (Lc 2,32).<\/p>\n\n\n\n<p>Proclama\u00e7\u00e3o do Evangelho de Jesus Cristo segundo Lucas.<\/p>\n\n\n\n<p>2 22 Conclu\u00eddos os dias da sua purifica\u00e7\u00e3o segundo a Lei de Mois\u00e9s, levaram-no a Jerusal\u00e9m para o apresentar ao Senhor,<\/p>\n\n\n\n<p>23 conforme o que est\u00e1 escrito na lei do Senhor: \u201cTodo primog\u00eanito do sexo masculino ser\u00e1 consagrado ao Senhor\u201d;<\/p>\n\n\n\n<p>24 e para oferecerem o sacrif\u00edcio prescrito pela lei do Senhor, um par de rolas ou dois pombinhos.<\/p>\n\n\n\n<p>25 Ora, havia em Jerusal\u00e9m um homem chamado Sime\u00e3o. Este homem, justo e piedoso, esperava a consola\u00e7\u00e3o de Israel, e o Esp\u00edrito Santo estava nele.<\/p>\n\n\n\n<p>26 Fora-lhe revelado pelo Esp\u00edrito Santo que n\u00e3o morreria sem primeiro ver o Cristo do Senhor.<\/p>\n\n\n\n<p>27 Impelido pelo Esp\u00edrito Santo, foi ao templo. E tendo os pais apresentado o menino Jesus, para cumprirem a respeito dele os preceitos da lei,<\/p>\n\n\n\n<p>28 tomou-o em seus bra\u00e7os e louvou a Deus nestes termos:<\/p>\n\n\n\n<p>29 \u201cAgora, Senhor, deixai o vosso servo ir em paz, segundo a vossa palavra.<\/p>\n\n\n\n<p>30 Porque os meus olhos viram a vossa salva\u00e7\u00e3o<\/p>\n\n\n\n<p>31 que preparastes diante de todos os povos,<\/p>\n\n\n\n<p>32 como luz para iluminar as na\u00e7\u00f5es, e para a gl\u00f3ria de vosso povo de Israel\u201d.<\/p>\n\n\n\n<p>33 Seu pai e sua m\u00e3e estavam admirados das coisas que dele se diziam.<\/p>\n\n\n\n<p>34 Sime\u00e3o aben\u00e7oou-os e disse a Maria, sua m\u00e3e: \u201cEis que este menino est\u00e1 destinado a ser uma causa de queda e de soerguimento para muitos homens em Israel, e a ser um sinal que provocar\u00e1 contradi\u00e7\u00f5es,<\/p>\n\n\n\n<p>35 a fim de serem revelados os pensamentos de muitos cora\u00e7\u00f5es. E uma espada transpassar\u00e1 a tua alma\u201d.<\/p>\n\n\n\n<p>Palavra da Salva\u00e7\u00e3o.<\/p>\n\n\n\n<h3 class=\"wp-block-heading\">Coment\u00e1rio ao Evangelho<\/h3>\n\n\n\n<p>PALAVRAS PROF\u00c9TICAS<\/p>\n\n\n\n<p>A cerim\u00f4nia de apresenta\u00e7\u00e3o do menino Jesus no templo e o cumprimento dos preceitos religiosos, referentes aos primog\u00eanitos, trouxe surpresas para a fam\u00edlia de Nazar\u00e9. As palavras do velho Sime\u00e3o, nome que significa \u201cDeus ouviu\u201d, tinham sabor prof\u00e9tico e serviram para que Maria e Jos\u00e9 desde logo tomassem consci\u00eancia da real identidade e miss\u00e3o de seu filho Jesus.<\/p>\n\n\n\n<p>Como o profeta do passado, Jesus estava destinado a ser \u201cluz para iluminar todos os povos\u201d. Seu testemunho de vida e sua prega\u00e7\u00e3o haveriam de dissipar as trevas do erro e oferecer um acesso seguro para o Pai. Ningu\u00e9m mais precisaria vagar em busca de Deus, correndo o risco de cair nas armadilhas da idolatria e das falsas religiosidades.<\/p>\n\n\n\n<p>Entretanto, o menino Jesus haveria de ser um \u201csinal de contradi\u00e7\u00e3o\u201d e \u201ccausa de queda e de eleva\u00e7\u00e3o de muitos em Israel\u201d. Pondo \u00e0s claras as maquina\u00e7\u00f5es perversas dos inimigos de Deus, provocaria rea\u00e7\u00f5es violentas por parte das for\u00e7as do anti-Reino. Ao \u201cdesvendar os pensamentos de muitos cora\u00e7\u00f5es\u201d n\u00e3o permitiria que o mal assumisse apar\u00eancia de bem, a injusti\u00e7a se acobertasse com a capa da justi\u00e7a, nem que a mentira passasse por verdade.<\/p>\n\n\n\n<p>Sendo assim, ao mesmo tempo em que seria motivo de crescimento e descoberta do verdadeiro rosto de Deus para uns, levaria outros a se revelarem muito mais malignos do que \u00e0 primeira vista pareciam. Nisto consistiria o \u201csinal de contradi\u00e7\u00e3o\u201d.<\/p>\n","protected":false},"excerpt":{"rendered":"<p>Ora\u00e7\u00e3o do dia \u00d3 Deus invis\u00edvel e todo-poderoso, que dissipastes as trevas do mundo com a vinda da vossa luz, volvei para n\u00f3s o vosso olhar, a fim de que proclamemos dignamente a&#8230;<\/p>\n","protected":false},"author":2,"featured_media":19631,"comment_status":"open","ping_status":"open","sticky":false,"template":"","format":"standard","meta":[],"categories":[7],"tags":[],"_links":{"self":[{"href":"https:\/\/www.salvatorianas.org.br\/blog\/wp-json\/wp\/v2\/posts\/19630"}],"collection":[{"href":"https:\/\/www.salvatorianas.org.br\/blog\/wp-json\/wp\/v2\/posts"}],"about":[{"href":"https:\/\/www.salvatorianas.org.br\/blog\/wp-json\/wp\/v2\/types\/post"}],"author":[{"embeddable":true,"href":"https:\/\/www.salvatorianas.org.br\/blog\/wp-json\/wp\/v2\/users\/2"}],"replies":[{"embeddable":true,"href":"https:\/\/www.salvatorianas.org.br\/blog\/wp-json\/wp\/v2\/comments?post=19630"}],"version-history":[{"count":1,"href":"https:\/\/www.salvatorianas.org.br\/blog\/wp-json\/wp\/v2\/posts\/19630\/revisions"}],"predecessor-version":[{"id":19632,"href":"https:\/\/www.salvatorianas.org.br\/blog\/wp-json\/wp\/v2\/posts\/19630\/revisions\/19632"}],"wp:featuredmedia":[{"embeddable":true,"href":"https:\/\/www.salvatorianas.org.br\/blog\/wp-json\/wp\/v2\/media\/19631"}],"wp:attachment":[{"href":"https:\/\/www.salvatorianas.org.br\/blog\/wp-json\/wp\/v2\/media?parent=19630"}],"wp:term":[{"taxonomy":"category","embeddable":true,"href":"https:\/\/www.salvatorianas.org.br\/blog\/wp-json\/wp\/v2\/categories?post=19630"},{"taxonomy":"post_tag","embeddable":true,"href":"https:\/\/www.salvatorianas.org.br\/blog\/wp-json\/wp\/v2\/tags?post=19630"}],"curies":[{"name":"wp","href":"https:\/\/api.w.org\/{rel}","templated":true}]}}