{"id":1963,"date":"2015-07-31T00:00:00","date_gmt":"2015-07-31T00:00:00","guid":{"rendered":"https:\/\/www.salvatorianas.org.br\/blog\/hospitais-filantropicos-de-sc-participam-de-manifestacao-por-mais-recursos-em-brasilia\/"},"modified":"2015-07-31T00:00:00","modified_gmt":"2015-07-31T00:00:00","slug":"hospitais-filantropicos-de-sc-participam-de-manifestacao-por-mais-recursos-em-brasilia","status":"publish","type":"post","link":"https:\/\/www.salvatorianas.org.br\/blog\/hospitais-filantropicos-de-sc-participam-de-manifestacao-por-mais-recursos-em-brasilia\/","title":{"rendered":"Hospitais filantr\u00f3picos de SC participam de manifesta\u00e7\u00e3o por mais recursos em Bras\u00edlia"},"content":{"rendered":"<p>[imagem1]<\/p>\n<p style=\"text-align: justify;\">Mais de dois mil representantes de hospitais filantr&oacute;picos de todo pa&iacute;s ir&atilde;o participar do Ato P&uacute;blico na Esplanada dos Minist&eacute;rios, no pr&oacute;ximo dia 04 de agosto em Bras&iacute;lia. A mobiliza&ccedil;&atilde;o faz parte da terceira etapa do movimento: Acesso &agrave; Sa&uacute;de &#8211; Meu Direito &eacute; um Dever do Governo, promovido por entidades ligadas ao setor. Os hospitais privados e filantr&oacute;picos que atendem SUS em Santa Catarina, s&atilde;o respons&aacute;veis pelo atendimento de 70% da popula&ccedil;&atilde;o. Apesar da import&acirc;ncia da rede, as institui&ccedil;&otilde;es convivem diariamente com a falta de recursos e com a escalada do endividamento. No estado, a d&iacute;vida dos hospitais ultrapassa os 200 milh&otilde;es de reais. Ao longo dos &uacute;ltimos anos mais de 14 hospitais fecharam as portas. A defasagem da Tabela do SUS, al&eacute;m dos atrasos dos repasses de recursos por parte dos governos est&atilde;o entre os principais motivos apontados para a crise do setor. No pa&iacute;s, os filantr&oacute;picos s&atilde;o respons&aacute;veis por mais de 240 milh&otilde;es de atendimentos ambulatoriais do SUS por ano e em mais de 1.000 cidades a unidade filantr&oacute;pica &eacute; a &uacute;nica alternativa de atendimento p&uacute;blico para a popula&ccedil;&atilde;o, no final deste ano o montante da d&iacute;vida destes hospitais ser&aacute; superior a R$ 22 bilh&otilde;es.<\/p>\n<p style=\"text-align: justify;\">Ainda no dia 04 de agosto, haver&aacute; &agrave;s 17h reuni&atilde;o com a Frente Parlamentar de apoio &agrave;s Santas Casas e hospitais filantr&oacute;picos com o objetivo de apresentar o panorama do setor para os deputados federais e autoridades convidadas. Em Santa Catarina a primeira etapa da campanha aconteceu no dia 09 de junho, mobilizando os munic&iacute;pios, no dia 14 de julho, aconteceu a etapa estadual, com evento na Assembleia Legislativa, onde ficou definida a realiza&ccedil;&atilde;o de uma Audi&ecirc;ncia P&uacute;blica para debater o tema.<\/p>\n<p style=\"text-align: justify;\">A mobiliza&ccedil;&atilde;o em Santa Catarina &eacute; coordenada pela Federa&ccedil;&atilde;o dos Hospitais Filantr&oacute;picos de SC, Associa&ccedil;&atilde;o e Federa&ccedil;&atilde;o dos Hospitais de SC (FEHOSC-AHESC-FEHOESC). Durante o ato p&uacute;blico em Bras&iacute;lia, tamb&eacute;m est&atilde;o confirmadas as presen&ccedil;as dos presidentes das entidades hospitalares de SC.<\/p>\n<p style=\"text-align: justify;\"><strong>*O Hospital Salvatoriano Divino Salvador ser&aacute; representado pelo Diretor administrativo&nbsp;Flamarion Silva de Lucas.<\/strong><\/p>\n<p style=\"text-align: justify;\">Mais informa&ccedil;&otilde;es: https:\/\/www.facebook.com\/movimentoacessoasaude<\/p>\n<p style=\"text-align: justify;\">Dia: 04\/08\/2015<br \/>14h &ndash; Concentra&ccedil;&atilde;o em ato p&uacute;blico<br \/>Local: Alameda dos Estados, na Esplanada dos Minist&eacute;rios, Bras&iacute;lia &ndash; DF (Pr&oacute;ximo ao Minist&eacute;rio da Sa&uacute;de).<br \/>17h00 &ndash; Reuni&atilde;o da Frente Parlamentar de Apoio &agrave;s Santas Casas e Hospitais Filantr&oacute;picos e da Confedera&ccedil;&atilde;o das Santas Casas de Miseric&oacute;rdia, Hospitais e Entidades Filantr&oacute;picas (CMB) na C&acirc;mara dos Deputados<br \/>Local: Audit&oacute;rio do Plen&aacute;rio 1 &ndash; Anexo 2 &ndash; C&acirc;mara dos Deputados &ndash; Pal&aacute;cio do Congresso Nacional &ndash; Pra&ccedil;a dos Tr&ecirc;s Poderes &ndash; Bras&iacute;lia &ndash; DF<\/p>\n<p style=\"text-align: justify;\"><strong>Fonte:<\/strong>&nbsp;www.fehosc.com.br<\/p>\n","protected":false},"excerpt":{"rendered":"<p>[imagem1] Mais de dois mil representantes de hospitais filantr&oacute;picos de todo pa&iacute;s ir&atilde;o participar do Ato P&uacute;blico na Esplanada dos Minist&eacute;rios, no pr&oacute;ximo dia 04 de agosto em Bras&iacute;lia. A mobiliza&ccedil;&atilde;o faz parte&#8230;<\/p>\n","protected":false},"author":1,"featured_media":2099,"comment_status":"open","ping_status":"open","sticky":false,"template":"","format":"standard","meta":[],"categories":[1],"tags":[],"_links":{"self":[{"href":"https:\/\/www.salvatorianas.org.br\/blog\/wp-json\/wp\/v2\/posts\/1963"}],"collection":[{"href":"https:\/\/www.salvatorianas.org.br\/blog\/wp-json\/wp\/v2\/posts"}],"about":[{"href":"https:\/\/www.salvatorianas.org.br\/blog\/wp-json\/wp\/v2\/types\/post"}],"author":[{"embeddable":true,"href":"https:\/\/www.salvatorianas.org.br\/blog\/wp-json\/wp\/v2\/users\/1"}],"replies":[{"embeddable":true,"href":"https:\/\/www.salvatorianas.org.br\/blog\/wp-json\/wp\/v2\/comments?post=1963"}],"version-history":[{"count":0,"href":"https:\/\/www.salvatorianas.org.br\/blog\/wp-json\/wp\/v2\/posts\/1963\/revisions"}],"wp:featuredmedia":[{"embeddable":true,"href":"https:\/\/www.salvatorianas.org.br\/blog\/wp-json\/wp\/v2\/media\/2099"}],"wp:attachment":[{"href":"https:\/\/www.salvatorianas.org.br\/blog\/wp-json\/wp\/v2\/media?parent=1963"}],"wp:term":[{"taxonomy":"category","embeddable":true,"href":"https:\/\/www.salvatorianas.org.br\/blog\/wp-json\/wp\/v2\/categories?post=1963"},{"taxonomy":"post_tag","embeddable":true,"href":"https:\/\/www.salvatorianas.org.br\/blog\/wp-json\/wp\/v2\/tags?post=1963"}],"curies":[{"name":"wp","href":"https:\/\/api.w.org\/{rel}","templated":true}]}}