{"id":19626,"date":"2022-12-30T12:22:41","date_gmt":"2022-12-30T12:22:41","guid":{"rendered":"https:\/\/www.salvatorianas.org.br\/blog\/?p=19626"},"modified":"2022-12-30T12:22:42","modified_gmt":"2022-12-30T12:22:42","slug":"santos-inocentes-martires-festa-quarta-feira","status":"publish","type":"post","link":"https:\/\/www.salvatorianas.org.br\/blog\/santos-inocentes-martires-festa-quarta-feira\/","title":{"rendered":"Santos Inocentes, m\u00e1rtires &#8211; Festa | Quarta-feira"},"content":{"rendered":"\n<h3 class=\"wp-block-heading\">Ora\u00e7\u00e3o do dia<\/h3>\n\n\n\n<p>\u00d3 Deus, hoje os santos Inocentes proclamam vossa gl\u00f3ria n\u00e3o por palavras, mas pela pr\u00f3pria morte; dai-nos tamb\u00e9m testemunhar com a nossa vida o que os nossos l\u00e1bios professam. Por Nosso Senhor Jesus Cristo, Vosso Filho, na unidade do Esp\u00edrito Santo.<\/p>\n\n\n\n<h3 class=\"wp-block-heading\">Leitura &#8211;&nbsp;1 Jo\u00e3o 1,5-2,2<\/h3>\n\n\n\n<p>Leitura da primeira carta de s\u00e3o Jo\u00e3o.<\/p>\n\n\n\n<p>1 5 A nova que dele temos ouvido e vos anunciamos \u00e9 esta: Deus \u00e9 luz e nele n\u00e3o h\u00e1 treva alguma.<\/p>\n\n\n\n<p>6 Se dizemos ter comunh\u00e3o com ele, mas andamos nas trevas, mentimos e n\u00e3o seguimos a verdade.<\/p>\n\n\n\n<p>7 Se, por\u00e9m, andamos na luz como ele mesmo est\u00e1 na luz, temos comunh\u00e3o rec\u00edproca uns com os outros, e o sangue de Jesus Cristo, seu Filho, nos purifica de todo pecado.<\/p>\n\n\n\n<p>8 Se dizemos que n\u00e3o temos pecado, enganamo-nos a n\u00f3s mesmos, e a verdade n\u00e3o est\u00e1 em n\u00f3s.<\/p>\n\n\n\n<p>9 Se reconhecemos os nossos pecados, (Deus a\u00ed est\u00e1) fiel e justo para nos perdoar os pecados e para nos purificar de toda iniquidade.<\/p>\n\n\n\n<p>10 Se pensamos n\u00e3o ter pecado, n\u00f3s o declaramos mentiroso e a sua palavra n\u00e3o est\u00e1 em n\u00f3s.<\/p>\n\n\n\n<p>2 1 Filhinhos meus, isto vos escrevo para que n\u00e3o pequeis. Mas, se algu\u00e9m pecar, temos um intercessor junto ao Pai, Jesus Cristo, o Justo.<\/p>\n\n\n\n<p>2 Ele \u00e9 a expia\u00e7\u00e3o pelos nossos pecados, e n\u00e3o somente pelos nossos, mas tamb\u00e9m pelos de todo o mundo.<\/p>\n\n\n\n<p>Palavra do Senhor.<\/p>\n\n\n\n<h3 class=\"wp-block-heading\">Salmo Responsorial &#8211;&nbsp;123\/124<\/h3>\n\n\n\n<p><strong>Nossa alma, como um p\u00e1ssaro, escapou<\/strong><\/p>\n\n\n\n<p><strong>do la\u00e7o que lhe armara o ca\u00e7ador.<\/strong><\/p>\n\n\n\n<p>Se o Senhor n\u00e3o estivesse ao nosso lado<\/p>\n\n\n\n<p>enquanto os homens investiram contra n\u00f3s,<\/p>\n\n\n\n<p>com certeza nos teriam devorado<\/p>\n\n\n\n<p>no furor de sua ira contra n\u00f3s.<\/p>\n\n\n\n<p>Ent\u00e3o as \u00e1guas nos teriam submergido,<\/p>\n\n\n\n<p>a correnteza nos teria arrastado<\/p>\n\n\n\n<p>e, ent\u00e3o, por sobre n\u00f3s teriam passado<\/p>\n\n\n\n<p>essas \u00e1guas sempre mais impetuosas.<\/p>\n\n\n\n<p>O la\u00e7o arrebentou-se de repente,<\/p>\n\n\n\n<p>e assim n\u00f3s conseguimos libertar-nos.<\/p>\n\n\n\n<p>O nosso aux\u00edlio est\u00e1 no nome do Senhor,<\/p>\n\n\n\n<p>do Senhor que fez o c\u00e9u e fez a terra!<\/p>\n\n\n\n<h3 class=\"wp-block-heading\">Leitura &#8211;<\/h3>\n\n\n\n<h3 class=\"wp-block-heading\">Evangelho &#8211;&nbsp;Mateus 2,13-18<\/h3>\n\n\n\n<p>Aleluia, aleluia, aleluia.<\/p>\n\n\n\n<p>A v\u00f3s, \u00f3 Deus, louvamos, a v\u00f3s, Senhor, cantamos; vos louva o ex\u00e9rcito dos vossos santos m\u00e1rtires!<\/p>\n\n\n\n<p>Proclama\u00e7\u00e3o do Evangelho de Jesus Cristo segundo Lucas.<\/p>\n\n\n\n<p>2 13 Depois que os magos partiram, um anjo do Senhor apareceu em sonhos a Jos\u00e9 e disse: &#8220;Levanta-te, toma o menino e sua m\u00e3e e foge para o Egito; fica l\u00e1 at\u00e9 que eu te avise, porque Herodes vai procurar o menino para o matar&#8221;.<\/p>\n\n\n\n<p>14 Jos\u00e9 levantou-se durante a noite, tomou o menino e sua m\u00e3e e partiu para o Egito.<\/p>\n\n\n\n<p>15 Ali permaneceu at\u00e9 a morte de Herodes para que se cumprisse o que o Senhor dissera pelo profeta: &#8220;Eu chamei do Egito meu filho&#8221;.<\/p>\n\n\n\n<p>16 Vendo, ent\u00e3o, Herodes que tinha sido enganado pelos magos, ficou muito irado e mandou massacrar em Bel\u00e9m e nos seus arredores todos os meninos de dois anos para baixo, conforme o tempo exato que havia indagado dos magos.<\/p>\n\n\n\n<p>17 Cumpriu-se, ent\u00e3o, o que foi dito pelo profeta Jeremias:<\/p>\n\n\n\n<p>18 &#8220;Em Ram\u00e1 se ouviu uma voz, choro e grandes lamentos: \u00e9 Raquel a chorar seus filhos; n\u00e3o quer consola\u00e7\u00e3o, porque j\u00e1 n\u00e3o existem!&#8221;<\/p>\n\n\n\n<p>Palavra da Salva\u00e7\u00e3o.<\/p>\n\n\n\n<h3 class=\"wp-block-heading\">Coment\u00e1rio ao Evangelho<\/h3>\n\n\n\n<p>O MART\u00cdRIO DOS INOCENTES<\/p>\n\n\n\n<p>A presen\u00e7a de Jesus na hist\u00f3ria humana despertou a f\u00faria de quem estava firmemente alicer\u00e7ado num esquema de pecado, posto em xeque pela salva\u00e7\u00e3o oferecida \u00e0 humanidade. A prega\u00e7\u00e3o de Jesus desmascarava a injusti\u00e7a, punha a nu a perversidade dos opressores, revelava a fragilidade de sistemas fundados na opress\u00e3o e na viol\u00eancia.<\/p>\n\n\n\n<p>A matan\u00e7a dos inocentes de Bel\u00e9m foi uma esp\u00e9cie de antecipa\u00e7\u00e3o do futuro de Jesus e de seus disc\u00edpulos. Um fr\u00e1gil rec\u00e9m-nascido foi suficiente para abalar a seguran\u00e7a do prepotente e violento Herodes. Sua decis\u00e3o de eliminar as crian\u00e7as da regi\u00e3o onde nascera o Messias Jesus visava eliminar no seu nascedouro, tudo o que pudesse p\u00f4r em risco a seguran\u00e7a de seu reino. No cora\u00e7\u00e3o do rei sanguin\u00e1rio n\u00e3o havia lugar para o amor.<\/p>\n\n\n\n<p>Herodes, em \u00faltima an\u00e1lise, ousou desafiar o pr\u00f3prio Deus, de quem Jesus era Filho e recebera uma miss\u00e3o. Levantar-se contra o Messias correspondia a rebelar-se contra quem o enviou. Mas Deus n\u00e3o se deixou vencer por Herodes: salvou seu Filho pela a\u00e7\u00e3o previdente de Jos\u00e9, que se p\u00f4s em fuga para o Egito, com o menino e sua m\u00e3e.<\/p>\n\n\n\n<p>Na vida de Jesus e de seus disc\u00edpulos, a persegui\u00e7\u00e3o e a morte, por causa do Reino, seriam uma constante. Entretanto, como est\u00e3o a servi\u00e7o do Reino do Pai, podem contar com a vit\u00f3ria, uma vez que os prepotentes jamais prevalecer\u00e3o.<\/p>\n","protected":false},"excerpt":{"rendered":"<p>Ora\u00e7\u00e3o do dia \u00d3 Deus, hoje os santos Inocentes proclamam vossa gl\u00f3ria n\u00e3o por palavras, mas pela pr\u00f3pria morte; dai-nos tamb\u00e9m testemunhar com a nossa vida o que os nossos l\u00e1bios professam. Por&#8230;<\/p>\n","protected":false},"author":2,"featured_media":19627,"comment_status":"open","ping_status":"open","sticky":false,"template":"","format":"standard","meta":[],"categories":[7],"tags":[],"_links":{"self":[{"href":"https:\/\/www.salvatorianas.org.br\/blog\/wp-json\/wp\/v2\/posts\/19626"}],"collection":[{"href":"https:\/\/www.salvatorianas.org.br\/blog\/wp-json\/wp\/v2\/posts"}],"about":[{"href":"https:\/\/www.salvatorianas.org.br\/blog\/wp-json\/wp\/v2\/types\/post"}],"author":[{"embeddable":true,"href":"https:\/\/www.salvatorianas.org.br\/blog\/wp-json\/wp\/v2\/users\/2"}],"replies":[{"embeddable":true,"href":"https:\/\/www.salvatorianas.org.br\/blog\/wp-json\/wp\/v2\/comments?post=19626"}],"version-history":[{"count":1,"href":"https:\/\/www.salvatorianas.org.br\/blog\/wp-json\/wp\/v2\/posts\/19626\/revisions"}],"predecessor-version":[{"id":19628,"href":"https:\/\/www.salvatorianas.org.br\/blog\/wp-json\/wp\/v2\/posts\/19626\/revisions\/19628"}],"wp:featuredmedia":[{"embeddable":true,"href":"https:\/\/www.salvatorianas.org.br\/blog\/wp-json\/wp\/v2\/media\/19627"}],"wp:attachment":[{"href":"https:\/\/www.salvatorianas.org.br\/blog\/wp-json\/wp\/v2\/media?parent=19626"}],"wp:term":[{"taxonomy":"category","embeddable":true,"href":"https:\/\/www.salvatorianas.org.br\/blog\/wp-json\/wp\/v2\/categories?post=19626"},{"taxonomy":"post_tag","embeddable":true,"href":"https:\/\/www.salvatorianas.org.br\/blog\/wp-json\/wp\/v2\/tags?post=19626"}],"curies":[{"name":"wp","href":"https:\/\/api.w.org\/{rel}","templated":true}]}}