{"id":19621,"date":"2022-12-27T09:18:28","date_gmt":"2022-12-27T09:18:28","guid":{"rendered":"https:\/\/www.salvatorianas.org.br\/blog\/?p=19621"},"modified":"2022-12-27T09:18:29","modified_gmt":"2022-12-27T09:18:29","slug":"sao-joao-evangelista-festa-terca-feira","status":"publish","type":"post","link":"https:\/\/www.salvatorianas.org.br\/blog\/sao-joao-evangelista-festa-terca-feira\/","title":{"rendered":"S\u00e3o Jo\u00e3o Evangelista &#8211; Festa | Ter\u00e7a-feira"},"content":{"rendered":"\n<h3 class=\"wp-block-heading\">Ora\u00e7\u00e3o do dia<\/h3>\n\n\n\n<p>\u00d3 Deus, que pelo ap\u00f3stolo s\u00e3o Jo\u00e3o nos revelastes os mist\u00e9rios do vosso Filho, tornai-nos capazes de conhecer e amar o que ele nos ensinou de modo incompar\u00e1vel. Por Nosso Senhor Jesus Cristo, Vosso Filho, na unidade do Esp\u00edrito Santo.<\/p>\n\n\n\n<h3 class=\"wp-block-heading\">Leitura &#8211;&nbsp;1 Jo\u00e3o 1,1-4<\/h3>\n\n\n\n<p>Leitura da primeira carta de s\u00e3o Jo\u00e3o.<\/p>\n\n\n\n<p>1 1 O que era desde o princ\u00edpio, o que temos ouvido, o que temos visto com os nossos olhos, o que temos contemplado e as nossas m\u00e3os t\u00eam apalpado no tocante ao Verbo da vida &#8211;<\/p>\n\n\n\n<p>2 porque a vida se manifestou, e n\u00f3s a temos visto; damos testemunho e vos anunciamos a vida eterna, que estava no Pai e que se nos manifestou -,<\/p>\n\n\n\n<p>3 o que vimos e ouvimos n\u00f3s vos anunciamos, para que tamb\u00e9m v\u00f3s tenhais comunh\u00e3o conosco. Ora, a nossa comunh\u00e3o \u00e9 com o Pai e com o seu Filho Jesus Cristo.<\/p>\n\n\n\n<p>4 Escrevemo-vos estas coisas para que a vossa alegria seja completa.<\/p>\n\n\n\n<p>Palavra do Senhor.<\/p>\n\n\n\n<h3 class=\"wp-block-heading\">Salmo Responsorial &#8211;&nbsp;96\/97<\/h3>\n\n\n\n<p><strong>\u00d3 justos, alegrai-vos no Senhor!<\/strong><\/p>\n\n\n\n<p>Deus \u00e9 rei! Exulte a terra de alegria,<\/p>\n\n\n\n<p>e as ilhas numerosas rejubilem!<\/p>\n\n\n\n<p>Treva e nuvem o rodeiam no seu torno,<\/p>\n\n\n\n<p>que se apoia na justi\u00e7a e no direito.<\/p>\n\n\n\n<p>As montanhas se derretem como cera<\/p>\n\n\n\n<p>ante a face do Senhor de toda a terra;<\/p>\n\n\n\n<p>e assim proclama o c\u00e9u sua justi\u00e7a,<\/p>\n\n\n\n<p>todos os povos podem ver a sua gl\u00f3ria.<\/p>\n\n\n\n<p>Uma luz j\u00e1 se levanta para os justos,<\/p>\n\n\n\n<p>e a alegria, pra os retos cora\u00e7\u00f5es.<\/p>\n\n\n\n<p>Homens justos, alegrai-vos no Senhor,<\/p>\n\n\n\n<p>celebrai e bendizei seu santo nome!<\/p>\n\n\n\n<h3 class=\"wp-block-heading\">Leitura &#8211;<\/h3>\n\n\n\n<h3 class=\"wp-block-heading\">Evangelho &#8211;&nbsp;Jo\u00e3o 20,2-8<\/h3>\n\n\n\n<p>Aleluia, aleluia, aleluia.<\/p>\n\n\n\n<p>A v\u00f3s, \u00f3 Deus, louvamos, a v\u00f3s, Senhor, cantamos, vos louva o ex\u00e9rcito dos vossos santos m\u00e1rtires!<\/p>\n\n\n\n<p>Proclama\u00e7\u00e3o do Evangelho de Jesus Cristo segundo Jo\u00e3o.<\/p>\n\n\n\n<p>20 2 Correu e foi dizer a Sim\u00e3o Pedro e ao outro disc\u00edpulo a quem Jesus amava: &#8220;Tiraram o Senhor do sepulcro, e n\u00e3o sabemos onde o puseram!&#8221;<\/p>\n\n\n\n<p>3 Saiu ent\u00e3o Pedro com aquele outro disc\u00edpulo, e foram ao sepulcro.<\/p>\n\n\n\n<p>4 Corriam juntos, mas aquele outro disc\u00edpulo correu mais depressa do que Pedro e chegou primeiro ao sepulcro.<\/p>\n\n\n\n<p>5 Inclinou-se e viu ali os panos no ch\u00e3o, mas n\u00e3o entrou.<\/p>\n\n\n\n<p>6 Chegou Sim\u00e3o Pedro que o seguia, entrou no sepulcro e viu os panos postos no ch\u00e3o.<\/p>\n\n\n\n<p>7 Viu tamb\u00e9m o sud\u00e1rio que estivera sobre a cabe\u00e7a de Jesus. N\u00e3o estava, por\u00e9m, com os panos, mas enrolado num lugar \u00e0 parte.<\/p>\n\n\n\n<p>8 Ent\u00e3o entrou tamb\u00e9m o disc\u00edpulo que havia chegado primeiro ao sepulcro. Viu e creu.<\/p>\n\n\n\n<p>Palavra da Salva\u00e7\u00e3o.<\/p>\n\n\n\n<h3 class=\"wp-block-heading\">Coment\u00e1rio ao Evangelho<\/h3>\n\n\n\n<p>O DISC\u00cdPULO AMADO<\/p>\n\n\n\n<p>A acolhida de Jesus e sua mensagem deram \u00e0 comunidade de disc\u00edpulos aos quais foi confiada a tarefa de levar adiante a miss\u00e3o do Mestre: estender, a toda humanidade, os benef\u00edcios da salva\u00e7\u00e3o. A conviv\u00eancia com Jesus como tamb\u00e9m o testemunho de seu modo de ser e de agir predispunham os cora\u00e7\u00f5es dos disc\u00edpulos para o aprofundamento da ades\u00e3o a ele, explicitada no ato de f\u00e9.<\/p>\n\n\n\n<p>A profundidade do relacionamento com Jesus variava de disc\u00edpulo para disc\u00edpulo. Esta \u00e9 uma din\u00e2mica pr\u00f3pria da realidade humana. A figura do disc\u00edpulo amado evocava um tipo de relacionamento profundamente afetivo com o Senhor. Relacionamento de confian\u00e7a, de entrega da pr\u00f3pria vida nas m\u00e3os do Mestre, de comunh\u00e3o de sentimentos, de transpar\u00eancia m\u00fatua. N\u00e3o se tratava, por\u00e9m, de uma escolha arbitr\u00e1ria de Jesus, privilegiando, indiscriminadamente, certas pessoas e marginalizando outras. Antes, foi este disc\u00edpulo que se deixou amar por Jesus e soube corresponder ao amor que lhe fora oferecido. Todos os disc\u00edpulos poderiam ter feito o mesmo.<\/p>\n\n\n\n<p>Ser disc\u00edpulo amado, de certa forma depende do pr\u00f3prio disc\u00edpulo, uma vez que o Mestre quer fazer morada no mais \u00edntimo de cada um de seus seguidores. Deixar-se amar por Jesus comportava deixar-se plasmar e transformar por ele. Por isso, muitos se recusaram!<\/p>\n","protected":false},"excerpt":{"rendered":"<p>Ora\u00e7\u00e3o do dia \u00d3 Deus, que pelo ap\u00f3stolo s\u00e3o Jo\u00e3o nos revelastes os mist\u00e9rios do vosso Filho, tornai-nos capazes de conhecer e amar o que ele nos ensinou de modo incompar\u00e1vel. Por Nosso&#8230;<\/p>\n","protected":false},"author":2,"featured_media":19622,"comment_status":"open","ping_status":"open","sticky":false,"template":"","format":"standard","meta":[],"categories":[7],"tags":[],"_links":{"self":[{"href":"https:\/\/www.salvatorianas.org.br\/blog\/wp-json\/wp\/v2\/posts\/19621"}],"collection":[{"href":"https:\/\/www.salvatorianas.org.br\/blog\/wp-json\/wp\/v2\/posts"}],"about":[{"href":"https:\/\/www.salvatorianas.org.br\/blog\/wp-json\/wp\/v2\/types\/post"}],"author":[{"embeddable":true,"href":"https:\/\/www.salvatorianas.org.br\/blog\/wp-json\/wp\/v2\/users\/2"}],"replies":[{"embeddable":true,"href":"https:\/\/www.salvatorianas.org.br\/blog\/wp-json\/wp\/v2\/comments?post=19621"}],"version-history":[{"count":1,"href":"https:\/\/www.salvatorianas.org.br\/blog\/wp-json\/wp\/v2\/posts\/19621\/revisions"}],"predecessor-version":[{"id":19623,"href":"https:\/\/www.salvatorianas.org.br\/blog\/wp-json\/wp\/v2\/posts\/19621\/revisions\/19623"}],"wp:featuredmedia":[{"embeddable":true,"href":"https:\/\/www.salvatorianas.org.br\/blog\/wp-json\/wp\/v2\/media\/19622"}],"wp:attachment":[{"href":"https:\/\/www.salvatorianas.org.br\/blog\/wp-json\/wp\/v2\/media?parent=19621"}],"wp:term":[{"taxonomy":"category","embeddable":true,"href":"https:\/\/www.salvatorianas.org.br\/blog\/wp-json\/wp\/v2\/categories?post=19621"},{"taxonomy":"post_tag","embeddable":true,"href":"https:\/\/www.salvatorianas.org.br\/blog\/wp-json\/wp\/v2\/tags?post=19621"}],"curies":[{"name":"wp","href":"https:\/\/api.w.org\/{rel}","templated":true}]}}