{"id":19617,"date":"2022-12-26T11:39:33","date_gmt":"2022-12-26T11:39:33","guid":{"rendered":"https:\/\/www.salvatorianas.org.br\/blog\/?p=19617"},"modified":"2022-12-27T09:26:18","modified_gmt":"2022-12-27T09:26:18","slug":"santo-estevao-protomartir-festa-segunda-feira","status":"publish","type":"post","link":"https:\/\/www.salvatorianas.org.br\/blog\/santo-estevao-protomartir-festa-segunda-feira\/","title":{"rendered":"Santo Est\u00eav\u00e3o, protom\u00e1rtir &#8211; Festa | Segunda-feira"},"content":{"rendered":"\n<h3 class=\"wp-block-heading\">Ora\u00e7\u00e3o do dia<\/h3>\n\n\n\n<p>Ensinai-nos, \u00f3 Deus, a imitar o que celebramos, amando os nossos pr\u00f3prios inimigos, pois festejamos santo Est\u00eav\u00e3o, vosso primeiro m\u00e1rtir, que soube rezar por seus perseguidores. Por Nosso Senhor Jesus Cristo, Vosso Filho, na unidade do Esp\u00edrito Santo.<\/p>\n\n\n\n<h3 class=\"wp-block-heading\">Leitura &#8211;&nbsp;Atos 6,8-10;7,54-59<\/h3>\n\n\n\n<p>Leitura dos Atos dos Ap\u00f3stolos.<\/p>\n\n\n\n<p>Naqueles dias, 6 8 Est\u00eav\u00e3o, cheio de gra\u00e7a e fortaleza, fazia grandes milagres e prod\u00edgios entre o povo.<\/p>\n\n\n\n<p>9 Mas alguns da sinagoga, chamada dos Libertos, dos cirenenses, dos alexandrinos e dos que eram da Cil\u00edcia e da \u00c1sia, levantaram-se para disputar com ele.<\/p>\n\n\n\n<p>10 N\u00e3o podiam, por\u00e9m, resistir \u00e0 sabedoria e ao Esp\u00edrito que o inspirava.<\/p>\n\n\n\n<p>54 Ao ouvir tais palavras, esbravejaram de raiva e rangiam os dentes contra ele.<\/p>\n\n\n\n<p>55 Mas, cheio do Esp\u00edrito Santo, Est\u00eav\u00e3o fitou o c\u00e9u e viu a gl\u00f3ria de Deus e Jesus de p\u00e9 \u00e0 direita de Deus:<\/p>\n\n\n\n<p>56 \u201cEis que vejo, disse ele, os c\u00e9us abertos e o Filho do Homem, de p\u00e9, \u00e0 direita de Deus\u201d.<\/p>\n\n\n\n<p>57 Levantaram ent\u00e3o um grande clamor, taparam os ouvidos e todos juntos se atiraram furiosos contra ele.<\/p>\n\n\n\n<p>58 Lan\u00e7aram-no fora da cidade e come\u00e7aram a apedrej\u00e1-lo. As testemunhas depuseram os seus mantos aos p\u00e9s de um mo\u00e7o chamado Saulo.<\/p>\n\n\n\n<p>59 E apedrejavam Est\u00eav\u00e3o, que orava e dizia: \u201cSenhor Jesus, recebe o meu esp\u00edrito\u201d.<\/p>\n\n\n\n<p>Palavra do Senhor.<\/p>\n\n\n\n<h3 class=\"wp-block-heading\">Salmo Responsorial &#8211;&nbsp;30\/31<\/h3>\n\n\n\n<p><strong>Em vossas m\u00e3os, Senhor, entrego o meu esp\u00edrito.<\/strong><\/p>\n\n\n\n<p>Sede uma rocha protetora para mim,<\/p>\n\n\n\n<p>um abrigo bem seguro que me salve!<\/p>\n\n\n\n<p>Sim, sois v\u00f3s a minha rocha e fortaleza;<\/p>\n\n\n\n<p>por vossa honra, orientai-me e conduzi-me!<\/p>\n\n\n\n<p>Em vossas m\u00e3os, Senhor, entrego o meu esp\u00edrito,<\/p>\n\n\n\n<p>porque v\u00f3s me salvareis, \u00f3 Deus fiel!<\/p>\n\n\n\n<p>Vosso amor me faz saltar de alegria,<\/p>\n\n\n\n<p>pois olhastes para as minhas afli\u00e7\u00f5es.<\/p>\n\n\n\n<p>Eu entrego em vossas m\u00e3os o meu destino;<\/p>\n\n\n\n<p>libertai-me do inimigo e do opressor!<\/p>\n\n\n\n<p>Mostrai serena a vossa face ao vosso servo<\/p>\n\n\n\n<p>e salvai-me pela vossa compaix\u00e3o!<\/p>\n\n\n\n<h3 class=\"wp-block-heading\">Leitura &#8211;<\/h3>\n\n\n\n<h3 class=\"wp-block-heading\">Evangelho &#8211;&nbsp;Mateus 10,17-22<\/h3>\n\n\n\n<p>Aleluia, aleluia, aleluia.<\/p>\n\n\n\n<p>Bendito o que vem em nome do Senhor. Nosso Deus \u00e9 o Senhor, ele \u00e9 a nossa luz (Sl 117,26s).<\/p>\n\n\n\n<p>Proclama\u00e7\u00e3o do Evangelho de Jesus Cristo segundo Mateus.<\/p>\n\n\n\n<p>Naquele tempo, 10 17 Disse Jesus: \u201cCuidai-vos dos homens. Eles vos levar\u00e3o aos seus tribunais e a\u00e7oitar-vos-\u00e3o com varas nas suas sinagogas.<\/p>\n\n\n\n<p>18 Sereis por minha causa levados diante dos governadores e dos reis: servireis assim de testemunho para eles e para os pag\u00e3os.<\/p>\n\n\n\n<p>19 Quando fordes presos, n\u00e3o vos preocupeis nem pela maneira com que haveis de falar, nem pelo que haveis de dizer: naquele momento ser-vos-\u00e1 inspirado o que haveis de dizer.<\/p>\n\n\n\n<p>20 Porque n\u00e3o sereis v\u00f3s que falareis, mas \u00e9 o Esp\u00edrito de vosso Pai que falar\u00e1 em v\u00f3s.<\/p>\n\n\n\n<p>21 O irm\u00e3o entregar\u00e1 seu irm\u00e3o \u00e0 morte. O pai, seu filho. Os filhos levantar-se-\u00e3o contra seus pais e os matar\u00e3o.<\/p>\n\n\n\n<p>22 Sereis odiados de todos por causa de meu nome, mas aquele que perseverar at\u00e9 o fim ser\u00e1 salvo\u201d.<\/p>\n\n\n\n<p>Palavra da Salva\u00e7\u00e3o.<\/p>\n\n\n\n<h3 class=\"wp-block-heading\">Coment\u00e1rio ao Evangelho<\/h3>\n\n\n\n<p>SEREIS ODIADOS POR TODOS<\/p>\n\n\n\n<p>A encarna\u00e7\u00e3o de Jesus n\u00e3o baniu o pecado da hist\u00f3ria humana. Embora ela se tenha constitu\u00eddo na possibilidade concreta de supera\u00e7\u00e3o do pecado, muitos ainda haveriam de resistir, preferindo um projeto de vida cujo desfecho \u00e9 a condena\u00e7\u00e3o.<\/p>\n\n\n\n<p>Por outro lado, a quem optasse por ele, o Messias n\u00e3o apresentava uma vida de seguran\u00e7a e de comodidade. A resist\u00eancia que Jesus experimentou por parte de seus contempor\u00e2neos teve prosseguimento na experi\u00eancia dos disc\u00edpulos. A op\u00e7\u00e3o pelo caminho de Jesus exigia for\u00e7a e coragem diante das persegui\u00e7\u00f5es, dos flagelos, dos processos nos tribunais que os inimigos de Deus haveriam de impingir aos seguidores de seu Filho. Como Jesus, o disc\u00edpulo seria tamb\u00e9m a presen\u00e7a questionadora da salva\u00e7\u00e3o na hist\u00f3ria humana, embora muitos iriam persistir no caminho do pecado.<\/p>\n\n\n\n<p>A hist\u00f3ria da f\u00e9 crist\u00e3, por isso, estava fadada a ser uma hist\u00f3ria de mart\u00edrio e de testemunho da f\u00e9, pela entrega corajosa da pr\u00f3pria vida. Por conseguinte, o disc\u00edpulo deve considerar estas circunst\u00e2ncias como possibilidade de comprovar a profundidade de sua op\u00e7\u00e3o pelo Reino anunciado por Jesus.<\/p>\n","protected":false},"excerpt":{"rendered":"<p>Ora\u00e7\u00e3o do dia Ensinai-nos, \u00f3 Deus, a imitar o que celebramos, amando os nossos pr\u00f3prios inimigos, pois festejamos santo Est\u00eav\u00e3o, vosso primeiro m\u00e1rtir, que soube rezar por seus perseguidores. Por Nosso Senhor Jesus&#8230;<\/p>\n","protected":false},"author":2,"featured_media":19618,"comment_status":"open","ping_status":"open","sticky":false,"template":"","format":"standard","meta":[],"categories":[7],"tags":[],"_links":{"self":[{"href":"https:\/\/www.salvatorianas.org.br\/blog\/wp-json\/wp\/v2\/posts\/19617"}],"collection":[{"href":"https:\/\/www.salvatorianas.org.br\/blog\/wp-json\/wp\/v2\/posts"}],"about":[{"href":"https:\/\/www.salvatorianas.org.br\/blog\/wp-json\/wp\/v2\/types\/post"}],"author":[{"embeddable":true,"href":"https:\/\/www.salvatorianas.org.br\/blog\/wp-json\/wp\/v2\/users\/2"}],"replies":[{"embeddable":true,"href":"https:\/\/www.salvatorianas.org.br\/blog\/wp-json\/wp\/v2\/comments?post=19617"}],"version-history":[{"count":3,"href":"https:\/\/www.salvatorianas.org.br\/blog\/wp-json\/wp\/v2\/posts\/19617\/revisions"}],"predecessor-version":[{"id":19624,"href":"https:\/\/www.salvatorianas.org.br\/blog\/wp-json\/wp\/v2\/posts\/19617\/revisions\/19624"}],"wp:featuredmedia":[{"embeddable":true,"href":"https:\/\/www.salvatorianas.org.br\/blog\/wp-json\/wp\/v2\/media\/19618"}],"wp:attachment":[{"href":"https:\/\/www.salvatorianas.org.br\/blog\/wp-json\/wp\/v2\/media?parent=19617"}],"wp:term":[{"taxonomy":"category","embeddable":true,"href":"https:\/\/www.salvatorianas.org.br\/blog\/wp-json\/wp\/v2\/categories?post=19617"},{"taxonomy":"post_tag","embeddable":true,"href":"https:\/\/www.salvatorianas.org.br\/blog\/wp-json\/wp\/v2\/tags?post=19617"}],"curies":[{"name":"wp","href":"https:\/\/api.w.org\/{rel}","templated":true}]}}