{"id":19602,"date":"2022-12-24T01:00:00","date_gmt":"2022-12-24T01:00:00","guid":{"rendered":"https:\/\/www.salvatorianas.org.br\/blog\/?p=19602"},"modified":"2022-12-22T09:56:56","modified_gmt":"2022-12-22T09:56:56","slug":"4a-semana-do-advento-sabado","status":"publish","type":"post","link":"https:\/\/www.salvatorianas.org.br\/blog\/4a-semana-do-advento-sabado\/","title":{"rendered":"4\u00aa Semana do Advento | S\u00e1bado"},"content":{"rendered":"\n<h3 class=\"wp-block-heading\">Ora\u00e7\u00e3o do dia<\/h3>\n\n\n\n<p>Apressai-vos e n\u00e3o tardeis, Senhor Jesus, para que a vossa chegada renove as for\u00e7as do que confiam em vosso amor. V\u00f3s, que sois Deus com o Pai, na unidade do Esp\u00edrito Santo.<\/p>\n\n\n\n<h3 class=\"wp-block-heading\">Leitura &#8211;&nbsp;2 Samuel 7,1-5.8-12.14.16<\/h3>\n\n\n\n<p>Leitura do segundo livro de Samuel.<\/p>\n\n\n\n<p>2 1 Ora, tendo o rei Davi acabado de instalar-se em sua resid\u00eancia, e tendo-lhe o Senhor dado paz, livrando-o de todos os inimigos que o cercavam,<\/p>\n\n\n\n<p>2 disse ele ao profeta Nat\u00e3: &#8220;V\u00ea: eu moro num pal\u00e1cio de cedro, e a arca de Deus est\u00e1 alojada numa tenda!&#8221;<\/p>\n\n\n\n<p>3 Nat\u00e3 respondeu-lhe: &#8220;Pois bem: faze o que desejas fazer, porque o Senhor est\u00e1 contigo!&#8221;<\/p>\n\n\n\n<p>4 Mas a palavra do Senhor foi dirigida a Nat\u00e3 naquela mesma noite, e dizia:<\/p>\n\n\n\n<p>5 &#8220;Vai e dize ao meu servo Davi: eis o que diz o Senhor: \u2018N\u00e3o \u00e9s tu quem me edificar\u00e1 uma casa para eu habitar.<\/p>\n\n\n\n<p>8 Dir\u00e1s, pois, ao meu servo Davi: eis o que diz o Senhor dos ex\u00e9rcitos: eu te tirei das pastagens onde guardavas tuas ovelhas para fazer de ti o chefe de meu povo de Israel.<\/p>\n\n\n\n<p>9 Estive contigo em toda parte por onde andaste; exterminei diante de ti todos os teus inimigos, e fiz o teu nome compar\u00e1vel ao dos grandes da terra.<\/p>\n\n\n\n<p>10 Designei um lugar para o meu povo de Israel: plantei-o nele, e ali ele mora, sem ser inquietado, e os maus n\u00e3o o oprimir\u00e3o mais como outrora,<\/p>\n\n\n\n<p>11 no tempo em que eu estabelecia ju\u00edzes sobre o meu povo. Concedo-te uma vida tranquila, livrando-te de todos os teus inimigos. O Senhor anuncia-te que quer fazer-te uma casa.<\/p>\n\n\n\n<p>12 Quando chegar o fim de teus dias e repousares com os teus pais, ent\u00e3o suscitarei depois de ti a tua posteridade, aquele que sair\u00e1 de tuas entranhas, e firmarei o seu reino.<\/p>\n\n\n\n<p>14 Eu serei para ele um pai e ele ser\u00e1 para mim um filho. Se ele cometer alguma falta, castig\u00e1-lo-ei com vara de homens, e com a\u00e7oites de homens,<\/p>\n\n\n\n<p>16 Tua casa e teu reino est\u00e3o estabelecidos para sempre diante de mim, e o teu trono est\u00e1 firme para sempre\u2019&#8221;.<\/p>\n\n\n\n<p>Palavra do Senhor.<\/p>\n\n\n\n<h3 class=\"wp-block-heading\">Salmo Responsorial &#8211;&nbsp;88\/89<\/h3>\n\n\n\n<p><strong>\u00d3 Senhor, eu cantarei eternamente o vosso amor!<\/strong><\/p>\n\n\n\n<p>\u00d3 Senhor, eu cantarei eternamente o vosso amor,<\/p>\n\n\n\n<p>de gera\u00e7\u00e3o em gera\u00e7\u00e3o eu cantarei vossa verdade!<\/p>\n\n\n\n<p>Porque dissestes: \u201cO amor \u00e9 garantido para sempre!\u201d<\/p>\n\n\n\n<p>E a vossa lealdade \u00e9 t\u00e3o firme como os c\u00e9us.<\/p>\n\n\n\n<p>\u201cEu firmei uma alian\u00e7a com meu servo, meu eleito,<\/p>\n\n\n\n<p>e eu fiz um juramento a Davi, meu servidor.<\/p>\n\n\n\n<p>Para sempre, no teu trono, firmarei tua linhagem,<\/p>\n\n\n\n<p>de gera\u00e7\u00e3o em gera\u00e7\u00e3o garantirei o teu reinado!\u201d<\/p>\n\n\n\n<p>Ele, ent\u00e3o, me invocar\u00e1: \u201c\u00d3 Senhor, v\u00f3s sois meu Pai,<\/p>\n\n\n\n<p>sois meu Deus, sois meu rochedo onde encontro a salva\u00e7\u00e3o!\u201d<\/p>\n\n\n\n<p>Guardarei eternamente para ele a minha gra\u00e7a<\/p>\n\n\n\n<p>e com ele firmarei minha alian\u00e7a indissol\u00favel.<\/p>\n\n\n\n<h3 class=\"wp-block-heading\">Leitura &#8211;<\/h3>\n\n\n\n<h3 class=\"wp-block-heading\">Evangelho &#8211;&nbsp;Lucas 1,67-79<\/h3>\n\n\n\n<p>Aleluia, aleluia, aleluia.<\/p>\n\n\n\n<p>\u00d3 sol da manh\u00e3, \u00f3 sol de justi\u00e7a, da eterna luz esplendor: oh, vinde brilhar para o povo sentado na sombra da morte.<\/p>\n\n\n\n<p>Proclama\u00e7\u00e3o do Evangelho de Jesus Cristo segundo Lucas.<\/p>\n\n\n\n<p>Naquele tempo, 1 67 Zacarias, seu pai, ficou cheio do Esp\u00edrito Santo e profetizou, nestes termos:<\/p>\n\n\n\n<p>68 &#8220;Bendito seja o Senhor, Deus de Israel, porque visitou e resgatou o seu povo,<\/p>\n\n\n\n<p>69 e suscitou-nos um poderoso Salvador, na casa de Davi, seu servo<\/p>\n\n\n\n<p>70 (como havia anunciado, desde os primeiros tempos, mediante os seus santos profetas),<\/p>\n\n\n\n<p>71 para nos livrar dos nossos inimigos e das m\u00e3os de todos os que nos odeiam.<\/p>\n\n\n\n<p>72 Assim exerce a sua miseric\u00f3rdia com nossos pais, e se recorda de sua santa alian\u00e7a,<\/p>\n\n\n\n<p>73 segundo o juramento que fez a nosso pai Abra\u00e3o: de nos conceder que, sem temor,<\/p>\n\n\n\n<p>74 libertados de m\u00e3os inimigas, possamos servi-lo<\/p>\n\n\n\n<p>75 em santidade e justi\u00e7a, em sua presen\u00e7a, todos os dias da nossa vida.<\/p>\n\n\n\n<p>76 E tu, menino, ser\u00e1s chamado profeta do Alt\u00edssimo, porque preceder\u00e1s o Senhor e lhe preparar\u00e1s o caminho,<\/p>\n\n\n\n<p>77 para dar ao seu povo conhecer a salva\u00e7\u00e3o, pelo perd\u00e3o dos pecados.<\/p>\n\n\n\n<p>78 Gra\u00e7as \u00e0 ternura e miseric\u00f3rdia de nosso Deus, que nos vai trazer do alto a visita do Sol nascente,<\/p>\n\n\n\n<p>79 que h\u00e1 de iluminar os que jazem nas trevas e na sombra da morte e dirigir os nossos passos no caminho da paz&#8221;.<\/p>\n\n\n\n<p>Palavra da Salva\u00e7\u00e3o.<\/p>\n\n\n\n<h3 class=\"wp-block-heading\">Coment\u00e1rio ao Evangelho<\/h3>\n\n\n\n<p>LOUVOR E PROFECIA<\/p>\n\n\n\n<p>Zacarias soube reconhecer a salva\u00e7\u00e3o de Deus, cumprindo-se na hist\u00f3ria de Israel, por meio da liberta\u00e7\u00e3o trazida pelo poderoso Salvador, Jesus, suscitado no meio do povo. Finalmente, a t\u00e3o esperada visita de Deus se concretizava, e a liberta\u00e7\u00e3o, h\u00e1 s\u00e9culos acalentada, se fazia verdade. A seu filho rec\u00e9m-nascido competia a tarefa de preparar os caminhos da liberta\u00e7\u00e3o que estava pr\u00f3xima.<\/p>\n\n\n\n<p>Com Jesus, renascia a esperan\u00e7a no cora\u00e7\u00e3o do povo. Deus n\u00e3o se esquecera das antigas profecias. As promessas seriam realizadas e o povo, resgatado da escravid\u00e3o a que fora reduzido. Sem d\u00favida, a servid\u00e3o pior era a do pecado e do ego\u00edsmo. Fazia-se necess\u00e1rio uma remiss\u00e3o urgente. S\u00f3 assim seria poss\u00edvel servir a Deus, de maneira agrad\u00e1vel, na justi\u00e7a e na santidade.<\/p>\n\n\n\n<p>O Alt\u00edssimo, do qual Jo\u00e3o seria profeta, despontaria como luz para tirar a humanidade das trevas e das sombras da morte, a que o pecado a havia reduzido. Doravante, seria poss\u00edvel trilhar os caminhos da paz, deixando para tr\u00e1s a injusti\u00e7a e a iniquidade, fruto do pecado.<\/p>\n\n\n\n<p>O canto de Zacarias, saudando o nascimento de seu filho, era de louvor pelas promessas cumpridas, mas tamb\u00e9m profecia do que Deus iria realizar.<\/p>\n","protected":false},"excerpt":{"rendered":"<p>Ora\u00e7\u00e3o do dia Apressai-vos e n\u00e3o tardeis, Senhor Jesus, para que a vossa chegada renove as for\u00e7as do que confiam em vosso amor. V\u00f3s, que sois Deus com o Pai, na unidade do&#8230;<\/p>\n","protected":false},"author":2,"featured_media":19603,"comment_status":"open","ping_status":"open","sticky":false,"template":"","format":"standard","meta":[],"categories":[7],"tags":[],"_links":{"self":[{"href":"https:\/\/www.salvatorianas.org.br\/blog\/wp-json\/wp\/v2\/posts\/19602"}],"collection":[{"href":"https:\/\/www.salvatorianas.org.br\/blog\/wp-json\/wp\/v2\/posts"}],"about":[{"href":"https:\/\/www.salvatorianas.org.br\/blog\/wp-json\/wp\/v2\/types\/post"}],"author":[{"embeddable":true,"href":"https:\/\/www.salvatorianas.org.br\/blog\/wp-json\/wp\/v2\/users\/2"}],"replies":[{"embeddable":true,"href":"https:\/\/www.salvatorianas.org.br\/blog\/wp-json\/wp\/v2\/comments?post=19602"}],"version-history":[{"count":1,"href":"https:\/\/www.salvatorianas.org.br\/blog\/wp-json\/wp\/v2\/posts\/19602\/revisions"}],"predecessor-version":[{"id":19604,"href":"https:\/\/www.salvatorianas.org.br\/blog\/wp-json\/wp\/v2\/posts\/19602\/revisions\/19604"}],"wp:featuredmedia":[{"embeddable":true,"href":"https:\/\/www.salvatorianas.org.br\/blog\/wp-json\/wp\/v2\/media\/19603"}],"wp:attachment":[{"href":"https:\/\/www.salvatorianas.org.br\/blog\/wp-json\/wp\/v2\/media?parent=19602"}],"wp:term":[{"taxonomy":"category","embeddable":true,"href":"https:\/\/www.salvatorianas.org.br\/blog\/wp-json\/wp\/v2\/categories?post=19602"},{"taxonomy":"post_tag","embeddable":true,"href":"https:\/\/www.salvatorianas.org.br\/blog\/wp-json\/wp\/v2\/tags?post=19602"}],"curies":[{"name":"wp","href":"https:\/\/api.w.org\/{rel}","templated":true}]}}