{"id":19582,"date":"2022-12-23T01:00:00","date_gmt":"2022-12-23T01:00:00","guid":{"rendered":"https:\/\/www.salvatorianas.org.br\/blog\/?p=19582"},"modified":"2022-12-22T08:33:21","modified_gmt":"2022-12-22T08:33:21","slug":"4a-semana-do-advento-sexta-feira","status":"publish","type":"post","link":"https:\/\/www.salvatorianas.org.br\/blog\/4a-semana-do-advento-sexta-feira\/","title":{"rendered":"4\u00aa Semana do Advento | Sexta-feira"},"content":{"rendered":"\n<h3 class=\"wp-block-heading\">Ora\u00e7\u00e3o do dia<\/h3>\n\n\n\n<p>Deus eterno e todo-poderoso, ao aproximar-nos do Natal do vosso filho, concedei-nos obter a miseric\u00f3rdia do Verbo, que se encarnou no seio da Virgem e quis viver entre n\u00f3s. Por Nosso Senhor Jesus Cristo, Vosso Filho, na unidade do Esp\u00edrito Santo.<\/p>\n\n\n\n<h3 class=\"wp-block-heading\">Leitura &#8211;&nbsp;Malaquias 3,1-4.23-24<\/h3>\n\n\n\n<p>Leitura da profecia de Malaquias.<\/p>\n\n\n\n<p>Assim fala o Senhor Deus: 3 1 &#8220;Vou mandar o meu mensageiro para preparar o meu caminho. E imediatamente vir\u00e1 ao seu templo o Senhor que buscais, o anjo da alian\u00e7a que desejais. Ei-lo que vem &#8211; diz o Senhor dos ex\u00e9rcitos.<\/p>\n\n\n\n<p>2 Quem estar\u00e1 seguro no dia de sua vinda? Quem poder\u00e1 resistir quando ele aparecer? Porque ele \u00e9 como o fogo do fundidor, como a lix\u00edvia dos lavadeiros.<\/p>\n\n\n\n<p>3 Sentar-se-\u00e1 para fundir e purificar a prata; purificar\u00e1 os filhos de Levi e os refinar\u00e1, como se refinam o ouro e a prata; ent\u00e3o eles ser\u00e3o para o Senhor aqueles que apresentar\u00e3o as ofertas como conv\u00eam.<\/p>\n\n\n\n<p>4 E a obla\u00e7\u00e3o de Jud\u00e1 e de Jerusal\u00e9m ser\u00e1 agrad\u00e1vel ao Senhor, como nos dias antigos, como nos anos de outrora.<\/p>\n\n\n\n<p>23 Vou mandar-vos o profeta Elias, antes que venha o grande e tem\u00edvel dia do Senhor,<\/p>\n\n\n\n<p>24 e ele converter\u00e1 o cora\u00e7\u00e3o dos pais para os filhos, e o cora\u00e7\u00e3o dos filhos para os pais, de sorte que n\u00e3o ferirei mais de interdito a terra&#8221;.<\/p>\n\n\n\n<p>Palavra do Senhor.<\/p>\n\n\n\n<h3 class=\"wp-block-heading\">Salmo Responsorial &#8211;&nbsp;24\/25<\/h3>\n\n\n\n<p><strong>Levantai vossa cabe\u00e7a e olhai,<\/strong><\/p>\n\n\n\n<p><strong>pois a vossa reden\u00e7\u00e3o se aproxima!<\/strong><\/p>\n\n\n\n<p>Mostrai-me, \u00f3 Senhor, vossos caminhos<\/p>\n\n\n\n<p>e fazei-me conhecer a vossa estrada!<\/p>\n\n\n\n<p>Vossa verdade me oriente e me conduza,<\/p>\n\n\n\n<p>porque sois o Deus da minha salva\u00e7\u00e3o!<\/p>\n\n\n\n<p>O Senhor \u00e9 piedade e retid\u00e3o<\/p>\n\n\n\n<p>e reconduz ao bom caminho os pecadores.<\/p>\n\n\n\n<p>Ele dirige os humildes na justi\u00e7a,<\/p>\n\n\n\n<p>e aos pobres ele ensina o seu caminho.<\/p>\n\n\n\n<p>Verdade e amor s\u00e3o os caminhos do Senhor<\/p>\n\n\n\n<p>para quem guarda sua alian\u00e7a e seus preceitos.<\/p>\n\n\n\n<p>O Senhor se torna \u00edntimo aos que o temem<\/p>\n\n\n\n<p>e lhes d\u00e1 a conhecer sua alian\u00e7a.<\/p>\n\n\n\n<h3 class=\"wp-block-heading\">Leitura &#8211;<\/h3>\n\n\n\n<h3 class=\"wp-block-heading\">Evangelho &#8211;&nbsp;Lucas 1,57-66<\/h3>\n\n\n\n<p>Aleluia, aleluia, aleluia.<\/p>\n\n\n\n<p>\u00d3 rei e Senhor das na\u00e7\u00f5es e pedra angular da Igreja, vinde salvar a mulher e o homem, que, um dia, formastes do barro.<\/p>\n\n\n\n<p>Proclama\u00e7\u00e3o do Evangelho de Jesus Cristo segundo Lucas.<\/p>\n\n\n\n<p>1 57 Completando-se para Isabel o tempo de dar \u00e0 luz, teve um filho.<\/p>\n\n\n\n<p>58 Os seus vizinhos e parentes souberam que o Senhor lhe manifestara a sua miseric\u00f3rdia, e congratulavam-se com ela.<\/p>\n\n\n\n<p>59 No oitavo dia, foram circuncidar o menino e o queriam chamar pelo nome de seu pai, Zacarias.<\/p>\n\n\n\n<p>60 Mas sua m\u00e3e interveio: &#8220;N\u00e3o, disse ela, ele se chamar\u00e1 Jo\u00e3o&#8221;.<\/p>\n\n\n\n<p>61 Replicaram-lhe: &#8220;N\u00e3o h\u00e1 ningu\u00e9m na tua fam\u00edlia que se chame por este nome&#8221;.<\/p>\n\n\n\n<p>62 E perguntavam por acenos ao seu pai como queria que se chamasse.<\/p>\n\n\n\n<p>63 Ele, pedindo uma tabuinha, escreveu nela as palavras: &#8220;Jo\u00e3o \u00e9 o seu nome&#8221;. Todos ficaram pasmados.<\/p>\n\n\n\n<p>64 E logo se lhe abriu a boca e soltou-se-lhe a l\u00edngua e ele falou, bendizendo a Deus.<\/p>\n\n\n\n<p>65 O temor apoderou-se de todos os seus vizinhos; o fato divulgou-se por todas as montanhas da Jud\u00e9ia.<\/p>\n\n\n\n<p>66 Todos os que o ouviam conservavam-no no cora\u00e7\u00e3o, dizendo: &#8220;Que ser\u00e1 este menino?&#8221; Porque a m\u00e3o do Senhor estava com ele.<\/p>\n\n\n\n<p>Palavra da Salva\u00e7\u00e3o.<\/p>\n\n\n\n<h3 class=\"wp-block-heading\">Coment\u00e1rio ao Evangelho<\/h3>\n\n\n\n<p>O FILHO DA EST\u00c9RIL<\/p>\n\n\n\n<p>O nascimento de Jo\u00e3o Batista foi motivo de regozijo para os vizinhos e parentes de Zacarias e Isabel. Todos reconheciam neste acontecimento a manifesta\u00e7\u00e3o da grande miseric\u00f3rdia de Deus, interpretando-o \u00e0 luz de fatos do passado. Estes revelaram que aos filhos das est\u00e9reis estavam reservadas importantes miss\u00f5es em favor do povo.<\/p>\n\n\n\n<p>\u00c9 de notar que as tr\u00eas grandes matriarcas do povo tenham sido est\u00e9reis. Assim, a esposa de Abra\u00e3o \u2013 Sara \u2013 deu \u00e0 luz j\u00e1 na velhice, a ponto de temer que ca\u00e7oassem dela. A esposa de Isaac \u2013 Rebeca \u2013 tamb\u00e9m concebeu, apesar de ser est\u00e9ril. Sua gravidez foi resultado da s\u00faplica dirigida a Deus por seu marido. Igualmente a esposa de Jac\u00f3 \u2013 Raquel \u2013 s\u00f3 foi capaz de gerar por especial interven\u00e7\u00e3o divina. Outros personagens importantes da hist\u00f3ria de Israel tamb\u00e9m nasceram de m\u00e3es consideradas est\u00e9reis. Tal \u00e9 o caso de Samuel, nascido de Ana.<\/p>\n\n\n\n<p>O nascimento do Batista colocava-se no sulco de uma pl\u00eaiade de personagens ilustres. Da\u00ed o temor que se apoderou do povo, o interesse com que narravam o fato, e as interroga\u00e7\u00f5es que se faziam a respeito do destino do menino. Sendo evidente que a \u201cm\u00e3o do Senhor estava com ele\u201d, tinham certeza de que se tratava de algu\u00e9m ao qual Deus confiaria tarefas importantes. Desde o seu nascimento, o Batista foi considerado homem de Deus, na mais perfeita conson\u00e2ncia com o caminho que haveria de trilhar.<\/p>\n\n\n\n<p><\/p>\n","protected":false},"excerpt":{"rendered":"<p>Ora\u00e7\u00e3o do dia Deus eterno e todo-poderoso, ao aproximar-nos do Natal do vosso filho, concedei-nos obter a miseric\u00f3rdia do Verbo, que se encarnou no seio da Virgem e quis viver entre n\u00f3s. Por&#8230;<\/p>\n","protected":false},"author":2,"featured_media":19583,"comment_status":"open","ping_status":"open","sticky":false,"template":"","format":"standard","meta":[],"categories":[7],"tags":[],"_links":{"self":[{"href":"https:\/\/www.salvatorianas.org.br\/blog\/wp-json\/wp\/v2\/posts\/19582"}],"collection":[{"href":"https:\/\/www.salvatorianas.org.br\/blog\/wp-json\/wp\/v2\/posts"}],"about":[{"href":"https:\/\/www.salvatorianas.org.br\/blog\/wp-json\/wp\/v2\/types\/post"}],"author":[{"embeddable":true,"href":"https:\/\/www.salvatorianas.org.br\/blog\/wp-json\/wp\/v2\/users\/2"}],"replies":[{"embeddable":true,"href":"https:\/\/www.salvatorianas.org.br\/blog\/wp-json\/wp\/v2\/comments?post=19582"}],"version-history":[{"count":1,"href":"https:\/\/www.salvatorianas.org.br\/blog\/wp-json\/wp\/v2\/posts\/19582\/revisions"}],"predecessor-version":[{"id":19584,"href":"https:\/\/www.salvatorianas.org.br\/blog\/wp-json\/wp\/v2\/posts\/19582\/revisions\/19584"}],"wp:featuredmedia":[{"embeddable":true,"href":"https:\/\/www.salvatorianas.org.br\/blog\/wp-json\/wp\/v2\/media\/19583"}],"wp:attachment":[{"href":"https:\/\/www.salvatorianas.org.br\/blog\/wp-json\/wp\/v2\/media?parent=19582"}],"wp:term":[{"taxonomy":"category","embeddable":true,"href":"https:\/\/www.salvatorianas.org.br\/blog\/wp-json\/wp\/v2\/categories?post=19582"},{"taxonomy":"post_tag","embeddable":true,"href":"https:\/\/www.salvatorianas.org.br\/blog\/wp-json\/wp\/v2\/tags?post=19582"}],"curies":[{"name":"wp","href":"https:\/\/api.w.org\/{rel}","templated":true}]}}