{"id":19573,"date":"2022-12-22T08:20:56","date_gmt":"2022-12-22T08:20:56","guid":{"rendered":"https:\/\/www.salvatorianas.org.br\/blog\/?p=19573"},"modified":"2022-12-22T08:20:57","modified_gmt":"2022-12-22T08:20:57","slug":"4a-semana-do-advento-quinta-feira","status":"publish","type":"post","link":"https:\/\/www.salvatorianas.org.br\/blog\/4a-semana-do-advento-quinta-feira\/","title":{"rendered":"4\u00aa Semana do Advento | Quinta-feira"},"content":{"rendered":"\n<h3 class=\"wp-block-heading\">Ora\u00e7\u00e3o do dia<\/h3>\n\n\n\n<p>Deus de miseric\u00f3rdia, vendo o ser humano entregue \u00e0 morte, quisestes salv\u00e1-lo pela vinda do vosso Filho; fazei que, ao proclamar humildemente o mist\u00e9rio da encarna\u00e7\u00e3o, entremos em comunh\u00e3o com o Redentor. Por Nosso Senhor Jesus Cristo, Vosso Filho, na unidade do Esp\u00edrito Santo.<\/p>\n\n\n\n<h3 class=\"wp-block-heading\">Leitura &#8211;&nbsp;1 Samuel 1,24-28<\/h3>\n\n\n\n<p>Leitura do primeiro livro de Samuel.<\/p>\n\n\n\n<p>Naqueles dias, 1 24 ap\u00f3s t\u00ea-lo desmamado, Ana tomou-o consigo, e levando tamb\u00e9m tr\u00eas touros, um ef\u00e1 de farinha e um odre de vinho, conduziu-o \u00e0 casa do Senhor em Silo. O menino era ainda muito crian\u00e7a.<\/p>\n\n\n\n<p>25 Imolaram o touro e conduziram o menino a Heli.<\/p>\n\n\n\n<p>26 Ana disse-lhe: &#8220;Ouve, meu Senhor, por tua vida, eu sou aquela mulher que esteve aqui em tua presen\u00e7a orando ao Senhor.<\/p>\n\n\n\n<p>27 Eis aqui o menino por quem orei; o Senhor ouviu o meu pedido.<\/p>\n\n\n\n<p>28 Portanto, eu tamb\u00e9m o dou ao Senhor: ele ser\u00e1 consagrado ao Senhor para todos os dias de sua vida&#8221;. E prostraram-se naquele lugar diante do Senhor.<\/p>\n\n\n\n<p>Palavra do Senhor.<\/p>\n\n\n\n<h3 class=\"wp-block-heading\">Salmo Responsorial &#8211;&nbsp;1 Samuel 2<\/h3>\n\n\n\n<p><strong>Meu cora\u00e7\u00e3o exultou no meu Senhor salvador.<\/strong><\/p>\n\n\n\n<p>Exulta no Senhor meu cora\u00e7\u00e3o,<\/p>\n\n\n\n<p>e se eleva a minha fronte no meu Deus.<\/p>\n\n\n\n<p>Minha boca desafia os meus rivais<\/p>\n\n\n\n<p>porque me alegro com a vossa salva\u00e7\u00e3o.<\/p>\n\n\n\n<p>O arco dos fortes foi dobrado, foi quebrado,<\/p>\n\n\n\n<p>mas os pobres e os famintos se fartaram.<\/p>\n\n\n\n<p>Muitas vezes deu \u00e0 luz a que era est\u00e9ril,<\/p>\n\n\n\n<p>mas a m\u00e3e de muitos filhos definhou.<\/p>\n\n\n\n<p>\u00c9 o Senhor quem d\u00e1 a morte e d\u00e1 a vida,<\/p>\n\n\n\n<p>faz descer \u00e0 sepultura e faz voltar;<\/p>\n\n\n\n<p>\u00e9 o Senhor quem faz o pobre e faz o rico,<\/p>\n\n\n\n<p>\u00e9 o Senhor quem nos humilha e nos exalta.<\/p>\n\n\n\n<p>O Senhor ergue do p\u00f3 o homem fraco,<\/p>\n\n\n\n<p>e do lixo ele retira o indigente,<\/p>\n\n\n\n<p>para faz\u00ea-los assentar-se com os nobres<\/p>\n\n\n\n<p>num lugar de muita honra e distin\u00e7\u00e3o.<\/p>\n\n\n\n<h3 class=\"wp-block-heading\">Leitura &#8211;<\/h3>\n\n\n\n<h3 class=\"wp-block-heading\">Evangelho &#8211;&nbsp;Lucas 1,46-56<\/h3>\n\n\n\n<p>Aleluia, aleluia, aleluia.<\/p>\n\n\n\n<p>\u00d3 rei e Senhor das na\u00e7\u00f5es e pedra angular da Igreja, vinde salvar a mulher e o homem, que, um dia, formastes do barro.<\/p>\n\n\n\n<p>Proclama\u00e7\u00e3o do Evangelho de Jesus Cristo segundo Lucas.<\/p>\n\n\n\n<p>Naqueles dias, 1 46 Maria disse: &#8220;Minha alma glorifica ao Senhor,<\/p>\n\n\n\n<p>47 meu esp\u00edrito exulta de alegria em Deus, meu Salvador,<\/p>\n\n\n\n<p>48 porque olhou para sua pobre serva. Por isto, desde agora, me proclamar\u00e3o bem-aventurada todas as gera\u00e7\u00f5es,<\/p>\n\n\n\n<p>49 porque realizou em mim maravilhas aquele que \u00e9 poderoso e cujo nome \u00e9 Santo.<\/p>\n\n\n\n<p>50 Sua miseric\u00f3rdia se estende, de gera\u00e7\u00e3o em gera\u00e7\u00e3o, sobre os que o temem.<\/p>\n\n\n\n<p>51 Manifestou o poder do seu bra\u00e7o: desconcertou os cora\u00e7\u00f5es dos soberbos.<\/p>\n\n\n\n<p>52 Derrubou do trono os poderosos e exaltou os humildes.<\/p>\n\n\n\n<p>53 Saciou de bens os indigentes e despediu de m\u00e3os vazias os ricos.<\/p>\n\n\n\n<p>54 Acolheu a Israel, seu servo, lembrado da sua miseric\u00f3rdia,<\/p>\n\n\n\n<p>55 conforme prometera a nossos pais, em favor de Abra\u00e3o e sua posteridade, para sempre&#8221;.<\/p>\n\n\n\n<p>56 Maria ficou com Isabel cerca de tr\u00eas meses. Depois voltou para casa.<\/p>\n\n\n\n<p>Palavra da Salva\u00e7\u00e3o.<\/p>\n\n\n\n<h3 class=\"wp-block-heading\">Coment\u00e1rio ao Evangelho<\/h3>\n\n\n\n<p>A ESPIRITUALIDADE DE MARIA<\/p>\n\n\n\n<p>O louvor brotado dos l\u00e1bios de Maria respondendo \u00e0 exulta\u00e7\u00e3o de sua prima Isabel, revela o centro de sua espiritualidade, sintonizada com a f\u00e9 do povo de Israel. A piedade refletida no Magnificat \u00e9 a de uma judia fiel \u00e0 mais pura tradi\u00e7\u00e3o religiosa de seu povo.<\/p>\n\n\n\n<p>Reconhecendo-se humilde servidora, ela comunga com os pobres de todos os tempos, cuja confian\u00e7a estava depositada integralmente em Deus. Ela partilha, tamb\u00e9m, da bem-aventuran\u00e7a da pobreza proclamada por Jesus, na condi\u00e7\u00e3o de serva de Jav\u00e9.<\/p>\n\n\n\n<p>Sua espiritualidade estava em conson\u00e2ncia com a dos antigos profetas, em luta intransigente pela causa da justi\u00e7a e pela transforma\u00e7\u00e3o das rela\u00e7\u00f5es interpessoais. Maria acreditava em Deus que n\u00e3o pactua com a injusti\u00e7a, e est\u00e1 sempre pronto a arrancar de seus tronos, erguidos \u00e0s custas do suor alheio, os ricos prepotentes. Pelo contr\u00e1rio, coloca-se ao lado dos pobres, tomando as dores dos perseguidos e injusti\u00e7ados, e reerguendo-os de sua humilha\u00e7\u00e3o.<\/p>\n\n\n\n<p>Sobretudo, Maria sabia-se toda entregue ao Deus-miseric\u00f3rdia, sempre pronto a realizar grandes coisas em favor de seus fi\u00e9is, de acordo com as suas promessas. Embora se sucedam as gera\u00e7\u00f5es, o amor de Deus permanece inalterado. T\u00eam ainda plena vig\u00eancia as promessas feitas aos patriarcas, pois sua palavra divina \u00e9 imut\u00e1vel para sempre.<\/p>\n\n\n\n<p>Tudo isto era motivo de alegria para a m\u00e3e do Filho de Deus.<\/p>\n","protected":false},"excerpt":{"rendered":"<p>Ora\u00e7\u00e3o do dia Deus de miseric\u00f3rdia, vendo o ser humano entregue \u00e0 morte, quisestes salv\u00e1-lo pela vinda do vosso Filho; fazei que, ao proclamar humildemente o mist\u00e9rio da encarna\u00e7\u00e3o, entremos em comunh\u00e3o com&#8230;<\/p>\n","protected":false},"author":2,"featured_media":19576,"comment_status":"open","ping_status":"open","sticky":false,"template":"","format":"standard","meta":[],"categories":[7],"tags":[],"_links":{"self":[{"href":"https:\/\/www.salvatorianas.org.br\/blog\/wp-json\/wp\/v2\/posts\/19573"}],"collection":[{"href":"https:\/\/www.salvatorianas.org.br\/blog\/wp-json\/wp\/v2\/posts"}],"about":[{"href":"https:\/\/www.salvatorianas.org.br\/blog\/wp-json\/wp\/v2\/types\/post"}],"author":[{"embeddable":true,"href":"https:\/\/www.salvatorianas.org.br\/blog\/wp-json\/wp\/v2\/users\/2"}],"replies":[{"embeddable":true,"href":"https:\/\/www.salvatorianas.org.br\/blog\/wp-json\/wp\/v2\/comments?post=19573"}],"version-history":[{"count":2,"href":"https:\/\/www.salvatorianas.org.br\/blog\/wp-json\/wp\/v2\/posts\/19573\/revisions"}],"predecessor-version":[{"id":19577,"href":"https:\/\/www.salvatorianas.org.br\/blog\/wp-json\/wp\/v2\/posts\/19573\/revisions\/19577"}],"wp:featuredmedia":[{"embeddable":true,"href":"https:\/\/www.salvatorianas.org.br\/blog\/wp-json\/wp\/v2\/media\/19576"}],"wp:attachment":[{"href":"https:\/\/www.salvatorianas.org.br\/blog\/wp-json\/wp\/v2\/media?parent=19573"}],"wp:term":[{"taxonomy":"category","embeddable":true,"href":"https:\/\/www.salvatorianas.org.br\/blog\/wp-json\/wp\/v2\/categories?post=19573"},{"taxonomy":"post_tag","embeddable":true,"href":"https:\/\/www.salvatorianas.org.br\/blog\/wp-json\/wp\/v2\/tags?post=19573"}],"curies":[{"name":"wp","href":"https:\/\/api.w.org\/{rel}","templated":true}]}}