{"id":19570,"date":"2022-12-21T09:47:09","date_gmt":"2022-12-21T09:47:09","guid":{"rendered":"https:\/\/www.salvatorianas.org.br\/blog\/?p=19570"},"modified":"2022-12-21T09:47:09","modified_gmt":"2022-12-21T09:47:09","slug":"4a-semana-do-advento-quarta-feira","status":"publish","type":"post","link":"https:\/\/www.salvatorianas.org.br\/blog\/4a-semana-do-advento-quarta-feira\/","title":{"rendered":"4\u00aa Semana do Advento | Quarta-feira"},"content":{"rendered":"\n<h3 class=\"wp-block-heading\">Ora\u00e7\u00e3o do dia<\/h3>\n\n\n\n<p>Ouvi com bondade, \u00f3 Deus, as preces do vosso povo, para que, alegrando-nos hoje com a vinda do vosso Filho em nossa carne, alcancemos o pr\u00eamio da vida eterna, quando ele vier na sua gl\u00f3ria. Por nosso Senhor Jesus Cristo, Vosso Filho, na unidade do Esp\u00edrito Santo.<\/p>\n\n\n\n<h3 class=\"wp-block-heading\">Leitura &#8211;&nbsp;C\u00e2ntico 2,8-14<\/h3>\n\n\n\n<p>Leitura do C\u00e2ntico dos C\u00e2nticos<\/p>\n\n\n\n<p>2 8 Oh, esta \u00e9 a voz do meu amado! Ei-lo que a\u00ed vem, saltando sobre os montes, pulando sobre as colinas.<\/p>\n\n\n\n<p>9 Meu amado \u00e9 como a gazela e como um cervozinho. Ei-lo atr\u00e1s de nossa parede. Olho pela janela, espreito pelas grades.<\/p>\n\n\n\n<p>10 Meu bem-amado disse-me: &#8220;Levanta-te, minha amiga, vem, formosa minha.<\/p>\n\n\n\n<p>11 Eis que o inverno passou, cessaram e desapareceram as chuvas.<\/p>\n\n\n\n<p>12 Apareceram as flores na nossa terra, voltou o tempo das can\u00e7\u00f5es. Em nossas terras j\u00e1 se ouve a voz da rola.<\/p>\n\n\n\n<p>13 A figueira j\u00e1 come\u00e7a a dar os seus figos, e a vinha em flor exala o seu perfume; levanta-te, minha amada, formosa minha, e vem.<\/p>\n\n\n\n<p>14 Minha pomba, oculta nas fendas do rochedo, e nos abrigos das rochas escarpadas, mostra-me o teu rosto, faze-me ouvir a tua voz. Tua voz \u00e9 t\u00e3o doce, e delicado teu rosto!&#8221;<\/p>\n\n\n\n<p>Palavra do Senhor.<\/p>\n\n\n\n<h3 class=\"wp-block-heading\">Salmo Responsorial &#8211;&nbsp;32\/33<\/h3>\n\n\n\n<p><strong>\u00d3 justos, alegra-vos no Senhor!<\/strong><\/p>\n\n\n\n<p><strong>Cantai para o Senhor um canto novo!<\/strong><\/p>\n\n\n\n<p>Da\u00ed gra\u00e7as ao Senhor ao som da harpa,<\/p>\n\n\n\n<p>na lira de dez cordas celebrai-o!<\/p>\n\n\n\n<p>Cantai para o Senhor um canto novo,<\/p>\n\n\n\n<p>com arte sustentai a louva\u00e7\u00e3o!<\/p>\n\n\n\n<p>Mas os des\u00edgnios do Senhor s\u00e3o para sempre,<\/p>\n\n\n\n<p>e os pensamentos que ele traz no cora\u00e7\u00e3o,<\/p>\n\n\n\n<p>de gera\u00e7\u00e3o em gera\u00e7\u00e3o, v\u00e3o perdurar.<\/p>\n\n\n\n<p>Feliz o povo cujo Deus \u00e9 o Senhor<\/p>\n\n\n\n<p>e a na\u00e7\u00e3o que escolheu por sua heran\u00e7a!<\/p>\n\n\n\n<p>No Senhor n\u00f3s esperamos confiantes,<\/p>\n\n\n\n<p>porque ele \u00e9 nosso aux\u00edlio e prote\u00e7\u00e3o!<\/p>\n\n\n\n<p>Por isso o nosso cora\u00e7\u00e3o se alegra nele,<\/p>\n\n\n\n<p>seu santo nome \u00e9 nossa \u00fanica esperan\u00e7a.<\/p>\n\n\n\n<h3 class=\"wp-block-heading\">Leitura &#8211;<\/h3>\n\n\n\n<h3 class=\"wp-block-heading\">Evangelho &#8211;&nbsp;Lucas 1,39-45<\/h3>\n\n\n\n<p>Aleluia, aleluia, aleluia.<\/p>\n\n\n\n<p>\u00d3 Emanuel, sois nosso rei e orientador: vinde salvar-nos, \u00f3 Senhor e nosso Deus!<\/p>\n\n\n\n<p>Proclama\u00e7\u00e3o do Evangelho de Jesus Cristo segundo Lucas.<\/p>\n\n\n\n<p>1 39 Naqueles dias, Maria se levantou e foi \u00e0s pressas \u00e0s montanhas, a uma cidade de Jud\u00e1.<\/p>\n\n\n\n<p>40 Entrou em casa de Zacarias e saudou Isabel.<\/p>\n\n\n\n<p>41 Ora, apenas Isabel ouviu a sauda\u00e7\u00e3o de Maria, a crian\u00e7a estremeceu no seu seio; e Isabel ficou cheia do Esp\u00edrito Santo.<\/p>\n\n\n\n<p>42 E exclamou em alta voz: &#8220;Bendita \u00e9s tu entre as mulheres e bendito \u00e9 o fruto do teu ventre.<\/p>\n\n\n\n<p>43 Donde me vem esta honra de vir a mim a m\u00e3e de meu Senhor?<\/p>\n\n\n\n<p>44 Pois assim que a voz de tua sauda\u00e7\u00e3o chegou aos meus ouvidos, a crian\u00e7a estremeceu de alegria no meu seio.<\/p>\n\n\n\n<p>45 Bem-aventurada \u00e9s tu que creste, pois se h\u00e3o de cumprir as coisas que da parte do Senhor te foram ditas!&#8221;<\/p>\n\n\n\n<p>Palavra da Salva\u00e7\u00e3o.<\/p>\n\n\n\n<h3 class=\"wp-block-heading\">Coment\u00e1rio ao Evangelho<\/h3>\n\n\n\n<p>BENDITA ENTRE AS MULHERES<\/p>\n\n\n\n<p>A visita de Maria a Isabel revelou tra\u00e7os importantes da personalidade da m\u00e3e do Messias Jesus. Ao levantar-se e ir \u00e0s pressas at\u00e9 a Jud\u00e9ia, para servir a uma parenta necessitada de sua ajuda, Maria demonstrou sua disponibilidade para servir, sem interpor nenhum obst\u00e1culo: viagem longa, caminho perigoso, sua gravidez. Muito menos, julgou que a condi\u00e7\u00e3o de m\u00e3e do Messias a colocava numa situa\u00e7\u00e3o de superioridade. Com toda simplicidade, ela se p\u00f4s a caminho, para servir.<\/p>\n\n\n\n<p>A sauda\u00e7\u00e3o de Isabel sublinhou o quanto Maria era querida por Deus. Era uma mulher aben\u00e7oada e trazia, no ventre, um ser igualmente aben\u00e7oado. Por conseguinte, portadora e penhor de b\u00ean\u00e7\u00e3os. Donde a alegria de Jo\u00e3o Batista, ainda no ventre materno, quando do encontro com a m\u00e3e de Jesus. Esta era bem-aventurada, sobretudo por ser mulher de f\u00e9, capaz de acreditar no cumprimento de tudo o que lhe fora dito da parte do Senhor.<\/p>\n\n\n\n<p>As palavras de Isabel foram inspiradas. Explicitaram, perfeitamente bem, o que se passava com Maria. Talvez, a pr\u00f3pria m\u00e3e de Jesus n\u00e3o compreendesse as reais dimens\u00f5es de sua rela\u00e7\u00e3o com Deus. Sua simplicidade a impedia de se ter em grande conta. Sua condi\u00e7\u00e3o de m\u00e3e do Senhor n\u00e3o mudou a ideia que fazia de si mesma. A servidora de Deus estava ali para servir \u00e0 parenta necessitada. Uma coisa implicava a outra.<\/p>\n","protected":false},"excerpt":{"rendered":"<p>Ora\u00e7\u00e3o do dia Ouvi com bondade, \u00f3 Deus, as preces do vosso povo, para que, alegrando-nos hoje com a vinda do vosso Filho em nossa carne, alcancemos o pr\u00eamio da vida eterna, quando&#8230;<\/p>\n","protected":false},"author":2,"featured_media":19571,"comment_status":"open","ping_status":"open","sticky":false,"template":"","format":"standard","meta":[],"categories":[7],"tags":[],"_links":{"self":[{"href":"https:\/\/www.salvatorianas.org.br\/blog\/wp-json\/wp\/v2\/posts\/19570"}],"collection":[{"href":"https:\/\/www.salvatorianas.org.br\/blog\/wp-json\/wp\/v2\/posts"}],"about":[{"href":"https:\/\/www.salvatorianas.org.br\/blog\/wp-json\/wp\/v2\/types\/post"}],"author":[{"embeddable":true,"href":"https:\/\/www.salvatorianas.org.br\/blog\/wp-json\/wp\/v2\/users\/2"}],"replies":[{"embeddable":true,"href":"https:\/\/www.salvatorianas.org.br\/blog\/wp-json\/wp\/v2\/comments?post=19570"}],"version-history":[{"count":1,"href":"https:\/\/www.salvatorianas.org.br\/blog\/wp-json\/wp\/v2\/posts\/19570\/revisions"}],"predecessor-version":[{"id":19572,"href":"https:\/\/www.salvatorianas.org.br\/blog\/wp-json\/wp\/v2\/posts\/19570\/revisions\/19572"}],"wp:featuredmedia":[{"embeddable":true,"href":"https:\/\/www.salvatorianas.org.br\/blog\/wp-json\/wp\/v2\/media\/19571"}],"wp:attachment":[{"href":"https:\/\/www.salvatorianas.org.br\/blog\/wp-json\/wp\/v2\/media?parent=19570"}],"wp:term":[{"taxonomy":"category","embeddable":true,"href":"https:\/\/www.salvatorianas.org.br\/blog\/wp-json\/wp\/v2\/categories?post=19570"},{"taxonomy":"post_tag","embeddable":true,"href":"https:\/\/www.salvatorianas.org.br\/blog\/wp-json\/wp\/v2\/tags?post=19570"}],"curies":[{"name":"wp","href":"https:\/\/api.w.org\/{rel}","templated":true}]}}